{"id":31127,"date":"2024-08-13T18:50:29","date_gmt":"2024-08-13T16:50:29","guid":{"rendered":"http:\/\/www.portaldelolleria.es\/?p=31127"},"modified":"2024-08-13T18:50:30","modified_gmt":"2024-08-13T16:50:30","slug":"la-generalitat-inicia-la-redaccion-de-los-proyectos-de-desdoblamiento-de-la-cv-60-entre-terrateig-y-lolleria","status":"publish","type":"post","link":"http:\/\/www.portaldelolleria.es\/?p=31127","title":{"rendered":"La Generalitat inicia la redacci\u00f3n de los proyectos de desdoblamiento de la CV-60 entre Terrateig y L&#8217;Olleria"},"content":{"rendered":"<div class=\"wp-block-image\">\n<figure class=\"aligncenter size-full\"><a href=\"http:\/\/www.portaldelolleria.es\/wp-content\/uploads\/2024\/08\/cv60.jpg\"><img loading=\"lazy\" width=\"598\" height=\"407\" src=\"http:\/\/www.portaldelolleria.es\/wp-content\/uploads\/2024\/08\/cv60.jpg\" alt=\"\" class=\"wp-image-31128\" srcset=\"http:\/\/www.portaldelolleria.es\/wp-content\/uploads\/2024\/08\/cv60.jpg 598w, http:\/\/www.portaldelolleria.es\/wp-content\/uploads\/2024\/08\/cv60-300x204.jpg 300w\" sizes=\"(max-width: 598px) 100vw, 598px\" \/><\/a><\/figure><\/div>\n\n\n<p class=\"has-medium-font-size\"><\/p>\n\n\n\n<p>La Conselleria de Medio Ambiente, Infraestructuras y Territorio ha iniciado la redacci\u00f3n de los tres proyectos de construcci\u00f3n que definir\u00e1n las obras de desdoblamiento de la CV-60 desde el enlace con la A-7 en l\u2019Olleria hasta el inicio del tramo ya desdoblado (Terrateig).&nbsp;<\/p>\n\n\n\n<p>La directora general de Infraestructuras, Mar\u00eda Jos\u00e9 Mart\u00ednez Ruzafa, se ha reunido con las empresas adjudicatarias como fase preparatoria para el inicio de los trabajos. \u201cEn estas reuniones t\u00e9cnicas hemos identificado las problem\u00e1ticas a resolver, as\u00ed como las distintas fases de los tres proyectos\u201d, ha indicado.<\/p>\n\n\n\n<p>Mart\u00ednez Ruzafa ha recordado que La Vall d\u00b4Albaida, junto con el resto de las comarcas centrales de la provincia de Valencia \u201cconstituyen un gran polo de desarrollo econ\u00f3mico y social que necesita unas infraestructuras adecuadas para impulsar su potencial\u201d.<\/p>\n\n\n\n<p>En este sentido, ha indicado que la Generalitat \u201ctrabaja para que la CV-60 se consolide como la mejor alternativa para convertirse en el eje vertebrador con la costa y permita conectar las comarcas del interior con el Corredor Mediterr\u00e1neo, y las comarcas costeras con Castilla-La Mancha y Madrid\u201d.<\/p>\n","protected":false},"excerpt":{"rendered":"<p>La Conselleria de Medio Ambiente, Infraestructuras y Territorio ha iniciado la redacci\u00f3n de los tres proyectos de construcci\u00f3n que definir\u00e1n las obras de desdoblamiento de la CV-60 desde el enlace con la A-7 en l\u2019Olleria hasta el inicio del tramo ya desdoblado (Terrateig).&nbsp; La directora general de Infraestructuras, Mar\u00eda Jos\u00e9 Mart\u00ednez Ruzafa, se ha reunido [&hellip;]<\/p>\n","protected":false},"author":1,"featured_media":0,"comment_status":"closed","ping_status":"open","sticky":false,"template":"","format":"standard","meta":{"_monsterinsights_skip_tracking":false,"_monsterinsights_sitenote_active":false,"_monsterinsights_sitenote_note":"","_monsterinsights_sitenote_category":0},"categories":[3,12],"tags":[],"_links":{"self":[{"href":"http:\/\/www.portaldelolleria.es\/index.php?rest_route=\/wp\/v2\/posts\/31127"}],"collection":[{"href":"http:\/\/www.portaldelolleria.es\/index.php?rest_route=\/wp\/v2\/posts"}],"about":[{"href":"http:\/\/www.portaldelolleria.es\/index.php?rest_route=\/wp\/v2\/types\/post"}],"author":[{"embeddable":true,"href":"http:\/\/www.portaldelolleria.es\/index.php?rest_route=\/wp\/v2\/users\/1"}],"replies":[{"embeddable":true,"href":"http:\/\/www.portaldelolleria.es\/index.php?rest_route=%2Fwp%2Fv2%2Fcomments&post=31127"}],"version-history":[{"count":1,"href":"http:\/\/www.portaldelolleria.es\/index.php?rest_route=\/wp\/v2\/posts\/31127\/revisions"}],"predecessor-version":[{"id":31129,"href":"http:\/\/www.portaldelolleria.es\/index.php?rest_route=\/wp\/v2\/posts\/31127\/revisions\/31129"}],"wp:attachment":[{"href":"http:\/\/www.portaldelolleria.es\/index.php?rest_route=%2Fwp%2Fv2%2Fmedia&parent=31127"}],"wp:term":[{"taxonomy":"category","embeddable":true,"href":"http:\/\/www.portaldelolleria.es\/index.php?rest_route=%2Fwp%2Fv2%2Fcategories&post=31127"},{"taxonomy":"post_tag","embeddable":true,"href":"http:\/\/www.portaldelolleria.es\/index.php?rest_route=%2Fwp%2Fv2%2Ftags&post=31127"}],"curies":[{"name":"wp","href":"https:\/\/api.w.org\/{rel}","templated":true}]}}