{"id":3122,"date":"2013-05-28T13:54:52","date_gmt":"2013-05-28T12:54:52","guid":{"rendered":"http:\/\/www.portaldelolleria.es\/?p=3122"},"modified":"2013-05-30T09:34:59","modified_gmt":"2013-05-30T08:34:59","slug":"las-capitanias-de-l%e2%80%99olleria-llenan-el-teatro-con-su-concierto","status":"publish","type":"post","link":"http:\/\/www.portaldelolleria.es\/?p=3122","title":{"rendered":"Las Capitan\u00edas de L\u2019Olleria llenan el Teatro con su concierto"},"content":{"rendered":"<p><a href=\"http:\/\/www.portaldelolleria.es\/wp-content\/uploads\/2013\/05\/capitanias2.jpg\"><img loading=\"lazy\" class=\"aligncenter size-full wp-image-3123\" title=\"capitanias2\" src=\"http:\/\/www.portaldelolleria.es\/wp-content\/uploads\/2013\/05\/capitanias2.jpg\" alt=\"\" width=\"598\" height=\"398\" srcset=\"http:\/\/www.portaldelolleria.es\/wp-content\/uploads\/2013\/05\/capitanias2.jpg 598w, http:\/\/www.portaldelolleria.es\/wp-content\/uploads\/2013\/05\/capitanias2-300x199.jpg 300w\" sizes=\"(max-width: 598px) 100vw, 598px\" \/><\/a><\/p>\n<p>&nbsp;<\/p>\n<p>&nbsp;<\/p>\n<p class=\"MsoNormal\" style=\"text-align: justify;\"><span style=\"font-size: 12.0pt; line-height: 115%;\" lang=\"ES-TRAD\">El pasado s\u00e1bado, <em style=\"mso-bidi-font-style: normal;\">las Filaes<\/em> que ostentan cargo este a\u00f1o en las Fiestas de Moros y Cristianos de L\u2019Olleria, la Fil\u00e0 Corda Curta y la Fil\u00e0 Valencians, organizaban por primera vez un concierto especial capitan\u00edas. <\/span><\/p>\n<p class=\"MsoNormal\" style=\"text-align: justify;\"><span style=\"font-size: 12.0pt; line-height: 115%;\" lang=\"ES-TRAD\">Este concierto que estuvo a cargo de la SEM Sta. Cecilia, tambi\u00e9n organizadora del acto y dirigida por Enrique Alborch, cont\u00f3 con la colaboraci\u00f3n del Ayuntamiento y a \u00e9l acudieron cientos de personas que abarrotaron el Teatro Cine Goya entre los que no faltaron el concejal de Fiestas, Juan Ricardo Ruano as\u00ed como varios miembros m\u00e1s de la corporaci\u00f3n. <\/span><\/p>\n<p class=\"MsoNormal\" style=\"text-align: justify;\"><span style=\"font-size: 12.0pt; line-height: 115%;\" lang=\"ES-TRAD\">Entre las obras que se pudieron disfrutar estuvieron <em style=\"mso-bidi-font-style: normal;\">Fanfarria Acmmic<\/em> de Rafael Mullor, <em style=\"mso-bidi-font-style: normal;\">La Vict\u00f2ria<\/em> de Enrique Alborch, <em style=\"mso-bidi-font-style: normal;\">Ca\u00edd <\/em>de Sa\u00fcl G\u00f3mez y <em style=\"mso-bidi-font-style: normal;\">De la Corda al Cel<\/em> una marcha mora de Javi Gandia que se estren\u00f3 ese d\u00eda.<\/span><\/p>\n<p class=\"MsoNormal\" style=\"text-align: justify;\"><span style=\"font-size: 12.0pt; line-height: 115%;\" lang=\"ES-TRAD\">El acto estuvo conducido por los embajadores de las respectivas <em style=\"mso-bidi-font-style: normal;\">filaes<\/em>, por el bando cristiano, Antonio Mic\u00f3 \u00c1lvarez y por el bando moro, Vicente Albi\u00f1ana Engo que se encargaron de contar an\u00e9cdotas de sus <em style=\"mso-bidi-font-style: normal;\">filaes<\/em> y de presentar las obras del programa. <\/span><\/p>\n<p class=\"MsoNormal\" style=\"text-align: justify;\"><span style=\"font-size: 12.0pt; line-height: 115%;\" lang=\"ES-TRAD\">Los otros protagonistas, los capitanes, por la Fil\u00e0 Valencians, Jaume Pla Tormo y por la Fil\u00e0 Corda Curta, Emilio Pascual Samper. <\/span><\/p>\n<p><object width=\"598\" height=\"449\" classid=\"clsid:d27cdb6e-ae6d-11cf-96b8-444553540000\" codebase=\"http:\/\/download.macromedia.com\/pub\/shockwave\/cabs\/flash\/swflash.cab#version=6,0,40,0\"><param name=\"allowFullScreen\" value=\"true\" \/><param name=\"allowscriptaccess\" value=\"always\" \/><param name=\"src\" value=\"http:\/\/www.youtube.com\/v\/qrjmhPApl-g?hl=es_ES&amp;version=3\" \/><param name=\"allowfullscreen\" value=\"true\" \/><embed width=\"598\" height=\"449\" type=\"application\/x-shockwave-flash\" src=\"http:\/\/www.youtube.com\/v\/qrjmhPApl-g?hl=es_ES&amp;version=3\" allowFullScreen=\"true\" allowscriptaccess=\"always\" allowfullscreen=\"true\" \/><\/object><\/p>\n","protected":false},"excerpt":{"rendered":"<p>&nbsp; &nbsp; El pasado s\u00e1bado, las Filaes que ostentan cargo este a\u00f1o en las Fiestas de Moros y Cristianos de L\u2019Olleria, la Fil\u00e0 Corda Curta y la Fil\u00e0 Valencians, organizaban por primera vez un concierto especial capitan\u00edas. Este concierto que estuvo a cargo de la SEM Sta. Cecilia, tambi\u00e9n organizadora del acto y dirigida por [&hellip;]<\/p>\n","protected":false},"author":1,"featured_media":0,"comment_status":"closed","ping_status":"open","sticky":false,"template":"","format":"standard","meta":{"_monsterinsights_skip_tracking":false,"_monsterinsights_sitenote_active":false,"_monsterinsights_sitenote_note":"","_monsterinsights_sitenote_category":0},"categories":[17,12],"tags":[708,169,20,167],"_links":{"self":[{"href":"http:\/\/www.portaldelolleria.es\/index.php?rest_route=\/wp\/v2\/posts\/3122"}],"collection":[{"href":"http:\/\/www.portaldelolleria.es\/index.php?rest_route=\/wp\/v2\/posts"}],"about":[{"href":"http:\/\/www.portaldelolleria.es\/index.php?rest_route=\/wp\/v2\/types\/post"}],"author":[{"embeddable":true,"href":"http:\/\/www.portaldelolleria.es\/index.php?rest_route=\/wp\/v2\/users\/1"}],"replies":[{"embeddable":true,"href":"http:\/\/www.portaldelolleria.es\/index.php?rest_route=%2Fwp%2Fv2%2Fcomments&post=3122"}],"version-history":[{"count":5,"href":"http:\/\/www.portaldelolleria.es\/index.php?rest_route=\/wp\/v2\/posts\/3122\/revisions"}],"predecessor-version":[{"id":3133,"href":"http:\/\/www.portaldelolleria.es\/index.php?rest_route=\/wp\/v2\/posts\/3122\/revisions\/3133"}],"wp:attachment":[{"href":"http:\/\/www.portaldelolleria.es\/index.php?rest_route=%2Fwp%2Fv2%2Fmedia&parent=3122"}],"wp:term":[{"taxonomy":"category","embeddable":true,"href":"http:\/\/www.portaldelolleria.es\/index.php?rest_route=%2Fwp%2Fv2%2Fcategories&post=3122"},{"taxonomy":"post_tag","embeddable":true,"href":"http:\/\/www.portaldelolleria.es\/index.php?rest_route=%2Fwp%2Fv2%2Ftags&post=3122"}],"curies":[{"name":"wp","href":"https:\/\/api.w.org\/{rel}","templated":true}]}}