{"id":3125,"date":"2013-05-28T12:43:04","date_gmt":"2013-05-28T11:43:04","guid":{"rendered":"http:\/\/www.portaldelolleria.es\/?p=3125"},"modified":"2013-05-28T16:49:44","modified_gmt":"2013-05-28T15:49:44","slug":"david-tolsa-bronce-campeonato-de-espana","status":"publish","type":"post","link":"http:\/\/www.portaldelolleria.es\/?p=3125","title":{"rendered":"David Tols\u00e1, bronce campeonato de Espa\u00f1a"},"content":{"rendered":"<p>&nbsp;<\/p>\n<p>&nbsp;<\/p>\n<p><a href=\"http:\/\/www.portaldelolleria.es\/wp-content\/uploads\/2013\/05\/tolsa1.jpg\"><img loading=\"lazy\" class=\"aligncenter size-full wp-image-3128\" title=\"tolsa1\" src=\"http:\/\/www.portaldelolleria.es\/wp-content\/uploads\/2013\/05\/tolsa1.jpg\" alt=\"\" width=\"598\" height=\"398\" srcset=\"http:\/\/www.portaldelolleria.es\/wp-content\/uploads\/2013\/05\/tolsa1.jpg 598w, http:\/\/www.portaldelolleria.es\/wp-content\/uploads\/2013\/05\/tolsa1-300x199.jpg 300w\" sizes=\"(max-width: 598px) 100vw, 598px\" \/><\/a><\/p>\n<p>&nbsp;<\/p>\n<p class=\"MsoNormal\" style=\"margin-bottom: .0001pt; line-height: normal;\"><strong><span style=\"font-size: 12.0pt; font-family: 'Times New Roman','serif'; mso-fareast-font-family: 'Times New Roman'; mso-fareast-language: ES;\"><span style=\"mso-spacerun: yes;\">\u00a0\u00a0\u00a0\u00a0 <\/span>Este fin de semana 25-26 de mayo y a Marine d&#8217;Or (Castell\u00f3n), se celebraron los Campeonatos de Espa\u00f1a Cadete por Clubs y J\u00fanior por autonom\u00edas. Como ya va siendo habitual de nuestro pueblo <span style=\"mso-spacerun: yes;\">\u00a0<\/span>participaron dos componentes de las EEM de Taekwondo, Mireya Giner, en cadete y David Tols\u00e0 en J\u00fanior.<\/span><\/strong><\/p>\n<p class=\"MsoNormal\" style=\"margin-bottom: .0001pt; line-height: normal;\"><strong><span style=\"font-size: 12.0pt; font-family: 'Times New Roman','serif'; mso-fareast-font-family: 'Times New Roman'; mso-fareast-language: ES;\"><span style=\"mso-spacerun: yes;\">\u00a0\u00a0\u00a0 <\/span><span style=\"mso-spacerun: yes;\">\u00a0<\/span>Para empezar el fin de semana de competiciones, fue Mireya Giner en tomar la iniciativa el s\u00e1bado. Para Mireya no fue su d\u00eda, ya que perdi\u00f3 su primer combate contra la alicantina Ariana Mu\u00f1oz por 8-4, no teniendo Mireya ning\u00fan opci\u00f3n de poder ganar.<\/span><\/strong><\/p>\n<p class=\"MsoNormal\" style=\"margin-bottom: .0001pt; line-height: normal;\"><strong><span style=\"font-size: 12.0pt; font-family: 'Times New Roman','serif'; mso-fareast-font-family: 'Times New Roman'; mso-fareast-language: ES;\"><span style=\"mso-spacerun: yes;\">\u00a0 <\/span><span style=\"mso-spacerun: yes;\">\u00a0<\/span>Domingo 26 y despu\u00e9s de quedar campe\u00f3n auton\u00f3mico y de copa j\u00fanior, le fu\u00e9 el turno a David, que debutaba en esta categor\u00eda, Tols\u00e0 lleg\u00f3 con muchas ganas a este campeonato y quitarse la espinita del a\u00f1o pasado, que despu\u00e9s de clasificarse para el campeonato de Espa\u00f1a cadete, no particip\u00f3 por lesi\u00f3n.<\/span><\/strong><\/p>\n<p class=\"MsoNormal\" style=\"margin-bottom: .0001pt; line-height: normal;\"><strong><span style=\"font-size: 12.0pt; font-family: 'Times New Roman','serif'; mso-fareast-font-family: 'Times New Roman'; mso-fareast-language: ES;\"><span style=\"mso-spacerun: yes;\">\u00a0 <\/span>Ten\u00eda tres combates para poder quedar campe\u00f3n, el primero fu\u00e9 el gallego Mario Brenilla, que ya particip\u00f3 el a\u00f1o pasado en este mismo campeonato, David le gana por un ajustado pero merecido 18-16, como se ve en el marcador, fu\u00e9 un combate en el que David lo puso todo para llevarse la victoria y llegar a semifinales. All\u00ed le esperaba el madrile\u00f1o y campe\u00f3n de Espa\u00f1a J\u00fanior 2012, Jorge Canal\u00e9s. Fue un aut\u00e9ntico espect\u00e1culo este combate, ya que tanto el debutante como el campe\u00f3n pusieron todo lo que ten\u00edan que poner por llevarse la semifinal y optar al campeonato, que clasificaba para el europeo. Fue un combate en el que David se lo puso dif\u00edcil al campe\u00f3n, sorprendiendo a todo el mundo, Jorge tirano de veteran\u00eda en esta categor\u00eda le gan\u00f3 a David por el tambi\u00e9n ajustado marcador de 6-4, y as\u00ed David se llev\u00f3 la mas que merecida medalla de Bronce que le acredita como tercero de Espa\u00f1a en categor\u00eda j\u00fanior.<\/span><\/strong><\/p>\n<p class=\"MsoNormal\" style=\"margin-bottom: .0001pt; line-height: normal;\"><strong><span style=\"font-size: 12.0pt; font-family: 'Times New Roman','serif'; mso-fareast-font-family: 'Times New Roman'; mso-fareast-language: ES;\"><span style=\"mso-spacerun: yes;\">\u00a0 <\/span>ENHORABUENA a David, por su tercer lugar y tambi\u00e9n a Mireya, porque la participaci\u00f3n en este tipo de campeonatos no es nada f\u00e1cil y se est\u00e1 demostrando el gran nivel que hay en Taekwondo aqu\u00ed al nuestro pueblo, l&#8217;Olleria. <\/span><\/strong><\/p>\n<p class=\"MsoNormal\" style=\"margin-bottom: .0001pt; line-height: normal;\"><strong><span style=\"font-size: 12.0pt; font-family: 'Times New Roman','serif'; mso-fareast-font-family: 'Times New Roman'; mso-fareast-language: ES;\">\u00a0<a href=\"http:\/\/www.portaldelolleria.es\/wp-content\/uploads\/2013\/05\/tolsa2.jpg\"><img loading=\"lazy\" class=\"aligncenter size-full wp-image-3127\" title=\"tolsa2\" src=\"http:\/\/www.portaldelolleria.es\/wp-content\/uploads\/2013\/05\/tolsa2.jpg\" alt=\"\" width=\"600\" height=\"589\" srcset=\"http:\/\/www.portaldelolleria.es\/wp-content\/uploads\/2013\/05\/tolsa2.jpg 600w, http:\/\/www.portaldelolleria.es\/wp-content\/uploads\/2013\/05\/tolsa2-300x294.jpg 300w\" sizes=\"(max-width: 600px) 100vw, 600px\" \/><\/a><\/span><\/strong><\/p>\n<p class=\"MsoNormal\" style=\"margin-bottom: .0001pt; line-height: normal;\"><strong><span style=\"font-size: 12.0pt; font-family: 'Times New Roman','serif'; mso-fareast-font-family: 'Times New Roman'; mso-fareast-language: ES;\"><span style=\"mso-spacerun: yes;\">\u00a0 <\/span>Ahora queda pensar y concentrarse para los dos campeonatos que nos quedan. Esta semana, s\u00e1bado d\u00eda 1 en l&#8217;Alcudia, la Copa de Campeones, donde tenemos clasificado a gran parte del<\/span><\/strong><\/p>\n<p class=\"MsoNormal\" style=\"margin-bottom: .0001pt; line-height: normal;\"><strong><span style=\"font-size: 12.0pt; font-family: 'Times New Roman','serif'; mso-fareast-font-family: 'Times New Roman'; mso-fareast-language: ES;\">equipo en lo que hay puesta muy buena expectativa y el s\u00e1bado 29 en Alf\u00e1s del Pi el II Open Internacional de Valencia. <\/span><\/strong><\/p>\n<p><a href=\"http:\/\/www.portaldelolleria.es\/wp-content\/uploads\/2013\/05\/tolsa3.jpg\"><img loading=\"lazy\" class=\"aligncenter size-full wp-image-3126\" title=\"tolsa3\" src=\"http:\/\/www.portaldelolleria.es\/wp-content\/uploads\/2013\/05\/tolsa3.jpg\" alt=\"\" width=\"600\" height=\"583\" srcset=\"http:\/\/www.portaldelolleria.es\/wp-content\/uploads\/2013\/05\/tolsa3.jpg 600w, http:\/\/www.portaldelolleria.es\/wp-content\/uploads\/2013\/05\/tolsa3-300x291.jpg 300w\" sizes=\"(max-width: 600px) 100vw, 600px\" \/><\/a><\/p>\n","protected":false},"excerpt":{"rendered":"<p>&nbsp; &nbsp; &nbsp; \u00a0\u00a0\u00a0\u00a0 Este fin de semana 25-26 de mayo y a Marine d&#8217;Or (Castell\u00f3n), se celebraron los Campeonatos de Espa\u00f1a Cadete por Clubs y J\u00fanior por autonom\u00edas. Como ya va siendo habitual de nuestro pueblo \u00a0participaron dos componentes de las EEM de Taekwondo, Mireya Giner, en cadete y David Tols\u00e0 en J\u00fanior. \u00a0\u00a0\u00a0 [&hellip;]<\/p>\n","protected":false},"author":1,"featured_media":0,"comment_status":"closed","ping_status":"open","sticky":false,"template":"","format":"standard","meta":{"_monsterinsights_skip_tracking":false,"_monsterinsights_sitenote_active":false,"_monsterinsights_sitenote_note":"","_monsterinsights_sitenote_category":0},"categories":[9,12],"tags":[715,208,103,189,20],"_links":{"self":[{"href":"http:\/\/www.portaldelolleria.es\/index.php?rest_route=\/wp\/v2\/posts\/3125"}],"collection":[{"href":"http:\/\/www.portaldelolleria.es\/index.php?rest_route=\/wp\/v2\/posts"}],"about":[{"href":"http:\/\/www.portaldelolleria.es\/index.php?rest_route=\/wp\/v2\/types\/post"}],"author":[{"embeddable":true,"href":"http:\/\/www.portaldelolleria.es\/index.php?rest_route=\/wp\/v2\/users\/1"}],"replies":[{"embeddable":true,"href":"http:\/\/www.portaldelolleria.es\/index.php?rest_route=%2Fwp%2Fv2%2Fcomments&post=3125"}],"version-history":[{"count":1,"href":"http:\/\/www.portaldelolleria.es\/index.php?rest_route=\/wp\/v2\/posts\/3125\/revisions"}],"predecessor-version":[{"id":3129,"href":"http:\/\/www.portaldelolleria.es\/index.php?rest_route=\/wp\/v2\/posts\/3125\/revisions\/3129"}],"wp:attachment":[{"href":"http:\/\/www.portaldelolleria.es\/index.php?rest_route=%2Fwp%2Fv2%2Fmedia&parent=3125"}],"wp:term":[{"taxonomy":"category","embeddable":true,"href":"http:\/\/www.portaldelolleria.es\/index.php?rest_route=%2Fwp%2Fv2%2Fcategories&post=3125"},{"taxonomy":"post_tag","embeddable":true,"href":"http:\/\/www.portaldelolleria.es\/index.php?rest_route=%2Fwp%2Fv2%2Ftags&post=3125"}],"curies":[{"name":"wp","href":"https:\/\/api.w.org\/{rel}","templated":true}]}}