{"id":31290,"date":"2024-09-11T20:24:54","date_gmt":"2024-09-11T18:24:54","guid":{"rendered":"http:\/\/www.portaldelolleria.es\/?p=31290"},"modified":"2024-09-11T20:24:55","modified_gmt":"2024-09-11T18:24:55","slug":"las-comparsas-de-moros-i-cristians-ya-pueden-solicitar-a-diputacion-ayudas-que-equiparan-la-fiesta-a-las-fallas","status":"publish","type":"post","link":"http:\/\/www.portaldelolleria.es\/?p=31290","title":{"rendered":"Las comparsas de \u00abMoros i Cristians\u00bb ya pueden solicitar a  Diputaci\u00f3n ayudas que equiparan la fiesta a las Fallas"},"content":{"rendered":"<div class=\"wp-block-image\">\n<figure class=\"aligncenter size-full\"><a href=\"http:\/\/www.portaldelolleria.es\/wp-content\/uploads\/2024\/09\/Natalia-Enguix-moros-y-cristianos-foto_Abulaila-4.jpg\"><img loading=\"lazy\" width=\"598\" height=\"389\" src=\"http:\/\/www.portaldelolleria.es\/wp-content\/uploads\/2024\/09\/Natalia-Enguix-moros-y-cristianos-foto_Abulaila-4.jpg\" alt=\"\" class=\"wp-image-31292\" srcset=\"http:\/\/www.portaldelolleria.es\/wp-content\/uploads\/2024\/09\/Natalia-Enguix-moros-y-cristianos-foto_Abulaila-4.jpg 598w, http:\/\/www.portaldelolleria.es\/wp-content\/uploads\/2024\/09\/Natalia-Enguix-moros-y-cristianos-foto_Abulaila-4-300x195.jpg 300w\" sizes=\"(max-width: 598px) 100vw, 598px\" \/><\/a><\/figure><\/div>\n\n\n<p><strong>Enguix anuncia que las comparsas de moros y cristianos ya pueden solicitar a la Diputaci\u00f3n las ayudas que equiparan la fiesta a las Fallas<\/strong><\/p>\n\n\n\n<ul><li><strong>Las solicitantes disponen de un mes desde la publicaci\u00f3n en el BOP el martes 10 de septiembre. La corporaci\u00f3n ha habilitado un presupuesto inicial de 200.000 euros ampliable hasta 300.000 euros para este a\u00f1o<\/strong><\/li><li><strong>La vicepresidenta primera, Nat\u00e0lia Enguix, celebra haber cumplido la palabra dada al colectivo de conceder estas subvenciones. \u201cEs una de las dos grandes fiestas de la provincia y tenemos que reconocerla como tal\u201d<\/strong><\/li><\/ul>\n\n\n\n<p>Mi\u00e9rcoles 11 de septiembre de 2024.- Las comparsas y \u2018filaes\u2019 de moros y cristianos de las comarcas valencianas pueden solicitar ya a la Diputaci\u00f3 la subvenci\u00f3n de 500 euros que la instituci\u00f3n provincial concede para equiparar la fiesta con la de las Fallas. As\u00ed lo ha anunciado este mi\u00e9rcoles la vicepresidenta primera, Nat\u00e0lia Enguix, que ha destacado que m\u00e1s all\u00e1 de la ayuda econ\u00f3mica, \u201cla Diputaci\u00f3n quiere reconocer una de las grandes tradiciones de nuestros pueblos y ciudades y contribuir a su difusi\u00f3n tanto nacional como internacional\u201d.<\/p>\n\n\n\n<p>El Bolet\u00edn Oficial de la Provincia (BOP) public\u00f3 este martes la convocatoria para que las entidades constituidas antes de enero de 2024, con sede en cualquier municipio valenciano y cuya actividad principal sea la participaci\u00f3n en las fiestas de Moros y Cristianos pueda presentar su solicitud a la Diputaci\u00f3n que preside Vicent Momp\u00f3. El plazo de presentaci\u00f3n es de un mes a partir de la publicaci\u00f3n en el BOP, el texto completo de las bases puede consultarse en <a href=\"https:\/\/www.infosubvenciones.es\/bdnstrans\/GE\/es\/convocatoria\/783421\">https:\/\/www.infosubvenciones.es\/bdnstrans\/GE\/es\/convocatoria\/783421<\/a> y la petici\u00f3n se realizar\u00e1 de forma telem\u00e1tica a trav\u00e9s de la sede electr\u00f3nica de la Diputaci\u00f3n y la carpeta Tr\u00e1mites-Presid\u00e8ncia.<\/p>\n\n\n\n<p>La convocatoria se abre con un presupuesto inicial de 200.000 euros que puede ampliarse a 300.000 euros en el presente ejercicio en funci\u00f3n de la demanda. \u201cLa aportaci\u00f3n econ\u00f3mica siempre es importante para que las comparsas puedan organizar actividades vinculadas a la fiesta, como sucede con la ayuda que esta instituci\u00f3n ha dado tradicionalmente a las Fallas\u201d, apunta Enguix, quien considera que lo m\u00e1s importante \u201ces que finalmente la Diputaci\u00f3n va a conceder el mismo tratamiento a las dos principales fiestas de la provincia, despu\u00e9s de varios intentos pol\u00edticos que han quedado en una declaraci\u00f3n de intenciones\u201d.<\/p>\n\n\n\n<p>En la misma l\u00ednea se expresa el presidente Momp\u00f3, dispuesto a \u201creforzar las ayudas de la Diputaci\u00f3n a los colectivos festeros que trabajan para mantener vivas nuestras tradiciones dentro y fuera de la provincia\u201d. \u201cYa dijimos que defender\u00edamos nuestras se\u00f1as de identidad, y tanto las Fallas como los Moros y Cristianos son parte esencial de la cultura y las fiestas que nos definen como pueblo\u201d.<\/p>\n\n\n\n<p><strong>Reivindicaci\u00f3n hist\u00f3rica<\/strong><\/p>\n\n\n\n<p>La presidenta de la Uni\u00f3n Nacional de Entidades Festeras de Moros y Cristianos (UNDEF), Pepa Prats, califica como \u201cespectacular\u201d la ayuda de la Diputaci\u00f3n que \u201cojal\u00e1 pueda mantenerse todos los a\u00f1os, porque esta fiesta es muy familiar y el trabajo de todo un a\u00f1o y el coste que tiene acaba saliendo principalmente del bolsillo de las familias y personas que participan y hacen posible la celebraci\u00f3n de los Moros y Cristianos\u201d.<\/p>\n\n\n\n<p>La presidenta de la UNDEF destaca la gran aceptaci\u00f3n que ha tenido el anuncio de la Diputaci\u00f3n entre el colectivo festero. \u201cHemos enviado la informaci\u00f3n a las federaciones y juntas de los 50 municipios valencianos donde tenemos comparsas asociadas para que puedan presentar la solicitud; ahora es cada comparsa la que debe completar el proceso\u201d, explica Prats.<\/p>\n\n\n\n<p>Por su parte, el presidente de la Societat de Festers Sant\u00edssim Crist de l\u2019Agonia d\u2019Ontinyent, Vicent Pla, se\u00f1ala que estas ayudas \u201cson la respuesta a la reivindicaci\u00f3n hist\u00f3rica de la fiesta de Moros y Cristianos de equipararse a las Fallas\u201d. La capital de la Vall d\u2019Albaida cuenta con 24 comparsas, 12 de moros y otras tantas de cristianos. \u201cLes hemos pasado las bases y est\u00e1n todas al tanto de lo que deben hacer para recibir la ayuda, que todas coinciden que contribuir\u00e1 a mejorar los espect\u00e1culos que cada a\u00f1o se preparan ex profeso para la fiesta\u201d.<\/p>\n\n\n\n<p class=\"has-text-align-center\"><strong>\/\/\/\/\/\/\/\/\/\/\/\/\/\/\/\/\/\/\/\/\/\/\/\/\/\/\/\/\/\/\/\/\/\/\/\/\/\/\/\/\/\/<\/strong><\/p>\n\n\n<div class=\"wp-block-image\">\n<figure class=\"aligncenter size-full\"><a href=\"http:\/\/www.portaldelolleria.es\/wp-content\/uploads\/2024\/09\/Natalia-Enguix-moros-y-cristianos-foto_Abulaila-1.jpg\"><img loading=\"lazy\" width=\"598\" height=\"389\" src=\"http:\/\/www.portaldelolleria.es\/wp-content\/uploads\/2024\/09\/Natalia-Enguix-moros-y-cristianos-foto_Abulaila-1.jpg\" alt=\"\" class=\"wp-image-31291\" srcset=\"http:\/\/www.portaldelolleria.es\/wp-content\/uploads\/2024\/09\/Natalia-Enguix-moros-y-cristianos-foto_Abulaila-1.jpg 598w, http:\/\/www.portaldelolleria.es\/wp-content\/uploads\/2024\/09\/Natalia-Enguix-moros-y-cristianos-foto_Abulaila-1-300x195.jpg 300w\" sizes=\"(max-width: 598px) 100vw, 598px\" \/><\/a><\/figure><\/div>\n\n\n<p class=\"has-vivid-purple-color has-text-color\"><strong>Enguix anuncia que les comparses de moros i cristians ja poden sol\u00b7licitar a la Diputaci\u00f3 les ajudes que equiparen la festa a les Falles<\/strong><\/p>\n\n\n\n<ul class=\"has-text-color\" style=\"color:#4f1b80\"><li><strong>Les sol\u00b7licitants disposen d&#8217;un mes des de la publicaci\u00f3 en el BOP el dimarts 10 de setembre. La corporaci\u00f3 ha habilitat un pressupost inicial de 200.000 euros ampliable fins a 300.000 euros per a enguany<\/strong><\/li><li><strong>La vicepresidenta primera, Nat\u00e0lia Enguix, celebra haver complit la paraula donada al col\u00b7lectiu de concedir estes subvencions. \u201c\u00c9s una de les dos grans festes de la prov\u00edncia i hem de recon\u00e9ixer-la com a tal\u201d<\/strong><\/li><\/ul>\n\n\n\n<p>Dimecres 11 de setembre de 2024.- Les comparses i \u2018filaes\u2019 de moros i cristians de les comarques valencianes poden sol\u00b7licitar ja a la Diputaci\u00f3 la subvenci\u00f3 de 500 euros que la instituci\u00f3 provincial concedix per a equiparar la festa amb la de les Falles. Aix\u00ed ho ha anunciat este dimecres la vicepresidenta primera, Nat\u00e0lia Enguix, que ha destacat que m\u00e9s enll\u00e0 de l&#8217;ajuda econ\u00f2mica, \u201cla Diputaci\u00f3 vol recon\u00e9ixer una de les grans tradicions dels nostres pobles i ciutats i contribuir a la seua difusi\u00f3 tant nacional com internacional\u201d.<\/p>\n\n\n\n<p>El Butllet\u00ed Oficial de la Prov\u00edncia (BOP) va publicar este dimarts la convocat\u00f2ria perqu\u00e8 les entitats constitu\u00efdes abans de gener de 2024, amb seu en qualsevol municipi valenci\u00e0 i l&#8217;activitat principal de les quals siga la participaci\u00f3 en les festes de Moros i Cristians puga presentar la seua sol\u00b7licitud a la Diputaci\u00f3 que presidix Vicent Momp\u00f3. El termini de presentaci\u00f3 \u00e9s d&#8217;un mes a partir de la publicaci\u00f3 en el BOP, el text complet de les bases pot consultar-se en <a href=\"https:\/\/www.infosubvenciones.es\/bdnstrans\/ge\/es\/convocatoria\/783421\">https:\/\/www.infosubvenciones.es\/bdnstrans\/ge\/es\/convocatoria\/783421<\/a> i la petici\u00f3 es realitzar\u00e0 de manera telem\u00e0tica a trav\u00e9s de la seu electr\u00f2nica de la Diputaci\u00f3 i la carpeta Tr\u00e0mits-Presid\u00e8ncia.<\/p>\n\n\n\n<p>La convocat\u00f2ria s&#8217;obri amb un pressupost inicial de 200.000 euros que pot ampliar-se a 300.000 euros en el present exercici en funci\u00f3 de la demanda. \u201cL&#8217;aportaci\u00f3 econ\u00f2mica sempre \u00e9s important perqu\u00e8 les comparses puguen organitzar activitats vinculades a la festa, com succe\u00efx amb l&#8217;ajuda que esta instituci\u00f3 ha donat tradicionalment a les Falles\u201d, apunta Enguix, qui considera que el m\u00e9s important \u201c\u00e9s que finalment la Diputaci\u00f3 concedir\u00e0 el mateix tractament a les dos principals festes de la prov\u00edncia, despr\u00e9s de diversos intents pol\u00edtics que han quedat en una declaraci\u00f3 d&#8217;intencions\u201d.<\/p>\n\n\n\n<p>En la mateixa l\u00ednia s&#8217;expressa el president Momp\u00f3, disposat a \u201crefor\u00e7ar les ajudes de la Diputaci\u00f3 als col\u00b7lectius festers que treballen per a mantindre vives les nostres tradicions dins i fora de la prov\u00edncia\u201d. \u201cJa vam dir que defensar\u00edem les nostres senyes d&#8217;identitat, i tant les Falles com els Moros i Cristians s\u00f3n part essencial de la cultura i les festes que ens definixen com a poble\u201d.<\/p>\n\n\n\n<p><strong>Reivindicaci\u00f3 hist\u00f2rica<\/strong><\/p>\n\n\n\n<p>La presidenta de la Uni\u00f3 Nacional d&#8217;Entitats Festeres de Moros i Cristians (UNDEF), Pepa Prats, qualifica com a \u201cespectacular\u201d l\u2019ajuda de la Diputaci\u00f3 i desitja que \u201cpuga mantindre&#8217;s tots els anys, perqu\u00e8 esta festa \u00e9s molt familiar i el treball de tot un any i el cost que t\u00e9 acaba eixint principalment de la butxaca de les fam\u00edlies i persones que participen i fan possible la celebraci\u00f3 dels Moros i Cristians\u201d.<\/p>\n\n\n\n<p>La presidenta de la UNDEF destaca la gran acceptaci\u00f3 que ha tingut l&#8217;anunci de la Diputaci\u00f3 entre el col\u00b7lectiu fester. \u201cHem enviat la informaci\u00f3 a les federacions i juntes dels 50 municipis valencians on tenim comparses associades perqu\u00e8 puguen presentar la sol\u00b7licitud; ara \u00e9s cada comparsa la que ha de completar el proc\u00e9s\u201d, explica Prats.<\/p>\n\n\n\n<p>Per part seua, el president de la Societat de Festers Sant\u00edssim Crist de l\u2019Agonia d\u2019Ontinyent, Vicent Pla, assenyala que estes ajudes \u201cs\u00f3n la resposta a la reivindicaci\u00f3 hist\u00f2rica de la festa de Moros i Cristians d&#8217;equiparar-se a les Falles\u201d. La capital de la Vall d&#8217;Albaida compta amb 24 comparses, 12 de moros i altres tantes de cristians. \u201cEls hem passat les bases i estan totes al punt del que han de fer per a rebre l&#8217;ajuda, que totes coincidixen que contribuir\u00e0 a millorar els espectacles que cada any es preparen ex profeso per a la festa\u201d.<\/p>\n","protected":false},"excerpt":{"rendered":"<p>Enguix anuncia que las comparsas de moros y cristianos ya pueden solicitar a la Diputaci\u00f3n las ayudas que equiparan la fiesta a las Fallas Las solicitantes disponen de un mes desde la publicaci\u00f3n en el BOP el martes 10 de septiembre. La corporaci\u00f3n ha habilitado un presupuesto inicial de 200.000 euros ampliable hasta 300.000 euros [&hellip;]<\/p>\n","protected":false},"author":1,"featured_media":0,"comment_status":"closed","ping_status":"open","sticky":false,"template":"","format":"standard","meta":{"_monsterinsights_skip_tracking":false,"_monsterinsights_sitenote_active":false,"_monsterinsights_sitenote_note":"","_monsterinsights_sitenote_category":0},"categories":[17,12],"tags":[],"_links":{"self":[{"href":"http:\/\/www.portaldelolleria.es\/index.php?rest_route=\/wp\/v2\/posts\/31290"}],"collection":[{"href":"http:\/\/www.portaldelolleria.es\/index.php?rest_route=\/wp\/v2\/posts"}],"about":[{"href":"http:\/\/www.portaldelolleria.es\/index.php?rest_route=\/wp\/v2\/types\/post"}],"author":[{"embeddable":true,"href":"http:\/\/www.portaldelolleria.es\/index.php?rest_route=\/wp\/v2\/users\/1"}],"replies":[{"embeddable":true,"href":"http:\/\/www.portaldelolleria.es\/index.php?rest_route=%2Fwp%2Fv2%2Fcomments&post=31290"}],"version-history":[{"count":1,"href":"http:\/\/www.portaldelolleria.es\/index.php?rest_route=\/wp\/v2\/posts\/31290\/revisions"}],"predecessor-version":[{"id":31293,"href":"http:\/\/www.portaldelolleria.es\/index.php?rest_route=\/wp\/v2\/posts\/31290\/revisions\/31293"}],"wp:attachment":[{"href":"http:\/\/www.portaldelolleria.es\/index.php?rest_route=%2Fwp%2Fv2%2Fmedia&parent=31290"}],"wp:term":[{"taxonomy":"category","embeddable":true,"href":"http:\/\/www.portaldelolleria.es\/index.php?rest_route=%2Fwp%2Fv2%2Fcategories&post=31290"},{"taxonomy":"post_tag","embeddable":true,"href":"http:\/\/www.portaldelolleria.es\/index.php?rest_route=%2Fwp%2Fv2%2Ftags&post=31290"}],"curies":[{"name":"wp","href":"https:\/\/api.w.org\/{rel}","templated":true}]}}