{"id":3161,"date":"2013-06-03T18:14:50","date_gmt":"2013-06-03T17:14:50","guid":{"rendered":"http:\/\/www.portaldelolleria.es\/?p=3161"},"modified":"2013-06-03T18:59:18","modified_gmt":"2013-06-03T17:59:18","slug":"los-alumnos-de-la-edm-de-taekwondo-de-l%e2%80%99olleria-consiguen-14-medallas-este-fin-de-semana","status":"publish","type":"post","link":"http:\/\/www.portaldelolleria.es\/?p=3161","title":{"rendered":"Los alumnos de la EDM de taekwondo de L\u2019Olleria consiguen 14 medallas este fin de semana"},"content":{"rendered":"<p><a href=\"http:\/\/www.portaldelolleria.es\/wp-content\/uploads\/2013\/06\/foto-medallero.jpg\"><img loading=\"lazy\" class=\"aligncenter size-full wp-image-3162\" title=\"foto medallero\" src=\"http:\/\/www.portaldelolleria.es\/wp-content\/uploads\/2013\/06\/foto-medallero.jpg\" alt=\"\" width=\"579\" height=\"679\" srcset=\"http:\/\/www.portaldelolleria.es\/wp-content\/uploads\/2013\/06\/foto-medallero.jpg 579w, http:\/\/www.portaldelolleria.es\/wp-content\/uploads\/2013\/06\/foto-medallero-255x300.jpg 255w\" sizes=\"(max-width: 579px) 100vw, 579px\" \/><\/a><\/p>\n<p>Una vez m\u00e1s gran \u00e9xito del equipo de competici\u00f3n de Taekwondo de L\u2019Olleria. Este fin de semana 1 de Junio en \u00a0<em>l&#8217;Alc\u00fadia<\/em>, volvieron a demostrar su talento y los alumnos de la Escuela Deportiva Municipal de Taekwondo de L\u2019Olleria vinieron cargados de metales.<\/p>\n<p>En esta poblaci\u00f3n valenciana se dieron los trofeos a los tres primeros clasificados de la Liguilla de Taekwondo 2012\/2013 y se celebr\u00f3 la Copa de Campeones donde participan los 6 primeros clasificados de la liga.<\/p>\n<p>Por parte de la Escuela Deportiva Municipal de Taekwondo de L\u2019Olleria \u00a0la clasificaci\u00f3n en liga fue:<\/p>\n<p>&nbsp;<\/p>\n<p>-categor\u00eda precadete: -Ra\u00fal Tols\u00e0: Bronce.<\/p>\n<p>-Marcel Mart\u00ed: Oro (Campe\u00f3n de liga).<\/p>\n<p>-categor\u00eda Cadete: -Mireya Giner: 4\u00aa clasificada.<\/p>\n<p>-Mohamed Eddamghi: 7 Clasificado<\/p>\n<p>-Borja Garc\u00eda: 7 clasificado.<\/p>\n<p>-categor\u00eda J\u00fanior: -David Tols\u00e0: Oro (Campe\u00f3n de liga).<\/p>\n<p>-Iris Armero: Bronce.<\/p>\n<p>-Estela Oltra: Bronce.<\/p>\n<p>-categor\u00eda S\u00e9nior: -David Ure\u00f1a: Oro (Campe\u00f3n de liga).<\/p>\n<p>-Davinia Amaya: Oro (Campeona de liga).<\/p>\n<p>-Andrea Oltra: Plata.<\/p>\n<p>-Vladis Eslobodenyuk: 7 clasificado.<\/p>\n<p>-Natalia Terol: 7 clasificado.<\/p>\n<p>Para la Copa de Campeones se clasificaron: Ra\u00fal Tols\u00e1, Marcel Mart\u00ed, Mireya Giner, David Tols\u00e0, Iris Armero, Estela Oltra, David Ure\u00f1a, Davinia Amaya y Andrea Oltra.<\/p>\n<p>Empezando por los m\u00e1s peque\u00f1os, pre cadetes, Ra\u00fal Tols\u00e0 se enfrent\u00f3 en semifinales al competidor de Valencia Javier Llopis al que Tols\u00e0 no pudo hacer nada por ganarle y perdi\u00f3 por 1-6 y llev\u00e1ndose la medalla de bronce. Despu\u00e9s le lleg\u00f3 el turno a Marcel Mart\u00ed que jug\u00f3 la final contra Rafael Genov\u00e9s de la Vall (Tavernes de Valldigna) ganando el de L\u2019Olleria por un contundente 8-1 consiguiendo as\u00ed el oro y por tanto, \u00a0proclam\u00e1ndose Campe\u00f3n de la Copa.<\/p>\n<p>Por otra parte, \u00a0en los cadetes, Mireya Giner que ten\u00eda dos combates para poder ser campeona, en semifinales estaba Jennifer Manch\u00f3n del Olimpo (Sedav\u00ed), Mireya no tuvo ninguna complicaci\u00f3n y le gan\u00f3 9-5, en la final le esperaba la competidora alicantina del Furyo, \u00a0Marta Ariana Mu\u00f1oz, esta fue la contrincante del campeonato de Espa\u00f1a Cadete de la semana pasada, en esta ocasi\u00f3n tampoco pudo con ella y perdi\u00f3 por 6-13, Mireya fue plata.<\/p>\n<p>Por la tarde lleg\u00f3 el turno de la categor\u00eda j\u00fanior y s\u00e9nior. En j\u00fanior compitieron David Tols\u00e0 y Estela Oltra. David Tols\u00e0 en semifinales gan\u00f3 al competidor de la Valldigna Nacho Nu\u00f1ez por 12 puntos de diferencia, llegando as\u00ed a la final donde le esperaba una vez m\u00e1s Jos\u00e9 Ignacio Mu\u00f1oz\u00a0 del Furyo Alicante, despu\u00e9s de un combate muy igualado se llev\u00f3 el triunfo David por 3-2 ganando el oro y quedando Campe\u00f3n de Copa.<\/p>\n<p>Para redondear el d\u00eda, les lleg\u00f3 el turno a los mayores del equipo, Andrea Oltra y Davinia Amaya. Andrea se las vio en semifinales con la siempre incomoda competidora de Gand\u00eda Rebeca Pedre\u00f1o, Andrea perdi\u00f3 el combate 5-7 llev\u00e1ndose la medalla de bronce. Despu\u00e9s le tocaba a Davinia contra Mar\u00eda Cervera del Zafrilla Bunyol, gan\u00f3 la final Davinia y se colg\u00f3 la medalla de oro y el t\u00edtulo de Campeona de Copa.<\/p>\n<p>El concejal de Deportes, Vicente Oviedo ha felicitado a \u201cestos grandes deportistas y a sus entrenadores, con Fernando Arjona al frente, por el trabajo que realizan d\u00eda a d\u00eda y cuyos frutos recogen en cada competici\u00f3n que disputan\u201d destacando \u201cla gran calidad de estos j\u00f3venes taekwondistas que son orgullo para el deporte olleriense y que son ejemplo de esfuerzo, trabajo y compa\u00f1erismo\u201d.<\/p>\n<p>Ahora ya a pensar en la \u00faltima competici\u00f3n de la temporada que ser\u00e1 el II Open Internacional de Valencia en Alf\u00e0s del Pi Alicante los pr\u00f3ximos 28-29-30 de Junio.<\/p>\n<p><a href=\"http:\/\/www.portaldelolleria.es\/wp-content\/uploads\/2013\/06\/foto-medallero2.jpg\"><img loading=\"lazy\" class=\"aligncenter size-full wp-image-3163\" title=\"foto medallero2\" src=\"http:\/\/www.portaldelolleria.es\/wp-content\/uploads\/2013\/06\/foto-medallero2.jpg\" alt=\"\" width=\"598\" height=\"398\" srcset=\"http:\/\/www.portaldelolleria.es\/wp-content\/uploads\/2013\/06\/foto-medallero2.jpg 598w, http:\/\/www.portaldelolleria.es\/wp-content\/uploads\/2013\/06\/foto-medallero2-300x199.jpg 300w\" sizes=\"(max-width: 598px) 100vw, 598px\" \/><\/a><\/p>\n","protected":false},"excerpt":{"rendered":"<p>Una vez m\u00e1s gran \u00e9xito del equipo de competici\u00f3n de Taekwondo de L\u2019Olleria. Este fin de semana 1 de Junio en \u00a0l&#8217;Alc\u00fadia, volvieron a demostrar su talento y los alumnos de la Escuela Deportiva Municipal de Taekwondo de L\u2019Olleria vinieron cargados de metales. En esta poblaci\u00f3n valenciana se dieron los trofeos a los tres primeros [&hellip;]<\/p>\n","protected":false},"author":1,"featured_media":0,"comment_status":"closed","ping_status":"open","sticky":false,"template":"","format":"standard","meta":{"_monsterinsights_skip_tracking":false,"_monsterinsights_sitenote_active":false,"_monsterinsights_sitenote_note":"","_monsterinsights_sitenote_category":0},"categories":[9,12],"tags":[583,20,19],"_links":{"self":[{"href":"http:\/\/www.portaldelolleria.es\/index.php?rest_route=\/wp\/v2\/posts\/3161"}],"collection":[{"href":"http:\/\/www.portaldelolleria.es\/index.php?rest_route=\/wp\/v2\/posts"}],"about":[{"href":"http:\/\/www.portaldelolleria.es\/index.php?rest_route=\/wp\/v2\/types\/post"}],"author":[{"embeddable":true,"href":"http:\/\/www.portaldelolleria.es\/index.php?rest_route=\/wp\/v2\/users\/1"}],"replies":[{"embeddable":true,"href":"http:\/\/www.portaldelolleria.es\/index.php?rest_route=%2Fwp%2Fv2%2Fcomments&post=3161"}],"version-history":[{"count":2,"href":"http:\/\/www.portaldelolleria.es\/index.php?rest_route=\/wp\/v2\/posts\/3161\/revisions"}],"predecessor-version":[{"id":3179,"href":"http:\/\/www.portaldelolleria.es\/index.php?rest_route=\/wp\/v2\/posts\/3161\/revisions\/3179"}],"wp:attachment":[{"href":"http:\/\/www.portaldelolleria.es\/index.php?rest_route=%2Fwp%2Fv2%2Fmedia&parent=3161"}],"wp:term":[{"taxonomy":"category","embeddable":true,"href":"http:\/\/www.portaldelolleria.es\/index.php?rest_route=%2Fwp%2Fv2%2Fcategories&post=3161"},{"taxonomy":"post_tag","embeddable":true,"href":"http:\/\/www.portaldelolleria.es\/index.php?rest_route=%2Fwp%2Fv2%2Ftags&post=3161"}],"curies":[{"name":"wp","href":"https:\/\/api.w.org\/{rel}","templated":true}]}}