{"id":3167,"date":"2013-06-03T17:27:44","date_gmt":"2013-06-03T16:27:44","guid":{"rendered":"http:\/\/www.portaldelolleria.es\/?p=3167"},"modified":"2013-06-03T17:27:44","modified_gmt":"2013-06-03T16:27:44","slug":"l%e2%80%99olleria-consigue-un-oro-dos-platas-y-un-bronce-en-el-torneo-de-futbol-8-de-este-fin-de-semana","status":"publish","type":"post","link":"http:\/\/www.portaldelolleria.es\/?p=3167","title":{"rendered":"L\u2019Olleria consigue un oro, dos platas y un bronce en el Torneo de Futbol 8 de este fin de semana"},"content":{"rendered":"<p><a href=\"http:\/\/www.portaldelolleria.es\/wp-content\/uploads\/2013\/06\/futbol.jpg\"><img loading=\"lazy\" class=\"aligncenter size-full wp-image-3168\" title=\"futbol\" src=\"http:\/\/www.portaldelolleria.es\/wp-content\/uploads\/2013\/06\/futbol.jpg\" alt=\"\" width=\"598\" height=\"398\" srcset=\"http:\/\/www.portaldelolleria.es\/wp-content\/uploads\/2013\/06\/futbol.jpg 598w, http:\/\/www.portaldelolleria.es\/wp-content\/uploads\/2013\/06\/futbol-300x199.jpg 300w\" sizes=\"(max-width: 598px) 100vw, 598px\" \/><\/a><\/p>\n<p>&nbsp;<\/p>\n<p class=\"MsoNormal\" style=\"text-align: justify; mso-layout-grid-align: none; text-autospace: none;\"><span style=\"font-size: 12.0pt; line-height: 115%; mso-bidi-font-family: Calibri; mso-ansi-language: ES; mso-fareast-language: ES;\">A lo largo de este pasado fin de semana, viernes por la tarde y s\u00e1bado durante todo el d\u00eda, se disputaron en <span style=\"mso-spacerun: yes;\">\u00a0<\/span>L\u2019Olleria varios torneos de \u00bb F\u00daTBOL 8 \u00bb en categor\u00edas: Prebenjam\u00edn, Benjam\u00edn y Alev\u00edn.<\/span><\/p>\n<p class=\"MsoNormal\" style=\"text-align: justify; mso-layout-grid-align: none; text-autospace: none;\"><span style=\"font-size: 12.0pt; line-height: 115%; mso-bidi-font-family: Calibri; mso-ansi-language: ES; mso-fareast-language: ES;\">Un total de 22 equipos jugaron varios partidos en el campo de c\u00e9sped artificial de L\u2019Olleria, en un ambiente de gala, de gran colorido y mucha emoci\u00f3n. Se vivieron momentos muy emocionantes donde los ni\u00f1os y sus familiares disfrutaron de una doble jornada deportiva inolvidable.<\/span><\/p>\n<p class=\"MsoNormal\" style=\"text-align: justify; mso-layout-grid-align: none; text-autospace: none;\"><span style=\"font-size: 12.0pt; line-height: 115%; mso-bidi-font-family: Calibri; mso-ansi-language: ES; mso-fareast-language: ES;\">De los equipos de L\u2019Olleria hay que destacar el primer lugar de los Prebenjamines de Javi Sanmart\u00edn que ganaron todos sus partidos, en un 2\u00ba lugar quedaron los Alevines B de Juli\u00e1n Herreros, los Benjamines B de Jordi Albi\u00f1ana y Juanjo Casanova y los Alevines A de Belen Taraz\u00f3n.<\/span><\/p>\n<p class=\"MsoNormal\" style=\"text-align: justify; mso-layout-grid-align: none; text-autospace: none;\"><span style=\"font-size: 12.0pt; line-height: 115%; mso-bidi-font-family: Calibri; mso-ansi-language: ES; mso-fareast-language: ES;\">Por \u00faltimo, los Benjamines A de Jos\u00e9 Francisco Soler ocuparon una merecida tercera posici\u00f3n, despu\u00e9s de la mala suerte del primer partido.\u00a0<\/span><\/p>\n<p class=\"MsoNormal\" style=\"mso-layout-grid-align: none; text-autospace: none;\"><span style=\"font-size: 12.0pt; line-height: 115%; mso-bidi-font-family: Calibri; mso-ansi-language: ES; mso-fareast-language: ES;\">Adem\u00e1s, hay que destacar la falta de incidentes, la gran deportividad y el gran ambiente festivo y familiar que se respiraba en el Polideportivo municipal de L\u2019Olleria.<\/span><\/p>\n<p class=\"MsoNormal\" style=\"mso-layout-grid-align: none; text-autospace: none;\"><span style=\"font-size: 12.0pt; line-height: 115%; mso-bidi-font-family: Calibri; mso-ansi-language: ES; mso-fareast-language: ES;\">Entre las poblaciones participantes estuvieron Aielo de Malferit, Castell\u00f3 de la Ribera, Manuel-L\u2019\u00c8nova y Vallada. <\/span><\/p>\n<p>&nbsp;<\/p>\n","protected":false},"excerpt":{"rendered":"<p>&nbsp; A lo largo de este pasado fin de semana, viernes por la tarde y s\u00e1bado durante todo el d\u00eda, se disputaron en \u00a0L\u2019Olleria varios torneos de \u00bb F\u00daTBOL 8 \u00bb en categor\u00edas: Prebenjam\u00edn, Benjam\u00edn y Alev\u00edn. Un total de 22 equipos jugaron varios partidos en el campo de c\u00e9sped artificial de L\u2019Olleria, en un [&hellip;]<\/p>\n","protected":false},"author":1,"featured_media":0,"comment_status":"closed","ping_status":"open","sticky":false,"template":"","format":"standard","meta":{"_monsterinsights_skip_tracking":false,"_monsterinsights_sitenote_active":false,"_monsterinsights_sitenote_note":"","_monsterinsights_sitenote_category":0},"categories":[9,12],"tags":[724,20],"_links":{"self":[{"href":"http:\/\/www.portaldelolleria.es\/index.php?rest_route=\/wp\/v2\/posts\/3167"}],"collection":[{"href":"http:\/\/www.portaldelolleria.es\/index.php?rest_route=\/wp\/v2\/posts"}],"about":[{"href":"http:\/\/www.portaldelolleria.es\/index.php?rest_route=\/wp\/v2\/types\/post"}],"author":[{"embeddable":true,"href":"http:\/\/www.portaldelolleria.es\/index.php?rest_route=\/wp\/v2\/users\/1"}],"replies":[{"embeddable":true,"href":"http:\/\/www.portaldelolleria.es\/index.php?rest_route=%2Fwp%2Fv2%2Fcomments&post=3167"}],"version-history":[{"count":1,"href":"http:\/\/www.portaldelolleria.es\/index.php?rest_route=\/wp\/v2\/posts\/3167\/revisions"}],"predecessor-version":[{"id":3169,"href":"http:\/\/www.portaldelolleria.es\/index.php?rest_route=\/wp\/v2\/posts\/3167\/revisions\/3169"}],"wp:attachment":[{"href":"http:\/\/www.portaldelolleria.es\/index.php?rest_route=%2Fwp%2Fv2%2Fmedia&parent=3167"}],"wp:term":[{"taxonomy":"category","embeddable":true,"href":"http:\/\/www.portaldelolleria.es\/index.php?rest_route=%2Fwp%2Fv2%2Fcategories&post=3167"},{"taxonomy":"post_tag","embeddable":true,"href":"http:\/\/www.portaldelolleria.es\/index.php?rest_route=%2Fwp%2Fv2%2Ftags&post=3167"}],"curies":[{"name":"wp","href":"https:\/\/api.w.org\/{rel}","templated":true}]}}