{"id":31750,"date":"2025-02-06T11:28:07","date_gmt":"2025-02-06T09:28:07","guid":{"rendered":"http:\/\/www.portaldelolleria.es\/?p=31750"},"modified":"2025-02-06T11:35:30","modified_gmt":"2025-02-06T09:35:30","slug":"la-21a-edicion-del-concursofrancesc-cerda-llega-a-su-desenlace-final","status":"publish","type":"post","link":"http:\/\/www.portaldelolleria.es\/?p=31750","title":{"rendered":"La 21\u00aa Edici\u00f3n del concurso\u00bbFrancesc Cerd\u00e0\u00bb llega a su desenlace final"},"content":{"rendered":"<div class=\"wp-block-image\">\n<figure class=\"aligncenter size-full\"><a href=\"http:\/\/www.portaldelolleria.es\/wp-content\/uploads\/2025\/02\/francesc-cerda.jpg\"><img loading=\"lazy\" width=\"598\" height=\"411\" src=\"http:\/\/www.portaldelolleria.es\/wp-content\/uploads\/2025\/02\/francesc-cerda.jpg\" alt=\"\" class=\"wp-image-31752\" srcset=\"http:\/\/www.portaldelolleria.es\/wp-content\/uploads\/2025\/02\/francesc-cerda.jpg 598w, http:\/\/www.portaldelolleria.es\/wp-content\/uploads\/2025\/02\/francesc-cerda-300x206.jpg 300w\" sizes=\"(max-width: 598px) 100vw, 598px\" \/><\/a><\/figure><\/div>\n\n\n<p>El pr\u00f3ximo s\u00e1bado 22 de febrero,  la \u00ab21\u00e9 edici\u00f3 del Concurs de M\u00fasica Festera <strong>Francesc Cerd\u00e0<\/strong>\u00ab,  llega a su desenlace final.   Concurso convocado por el Ayuntamiento, la Junta Central de fiestas de Moros y Cristianos de l\u2019Olleria y la sociedad Escuela Musical Santa Cecilia de L\u2019Olleria<\/p>\n\n\n\n<p>Cuatro son las obras finalistas, que por orden de interpretaci\u00f3n  ser\u00e1n:  Sam\u00e4dhi, Destral de llum, Galia  y Onada Pirata.   La modalidad de esta edici\u00f3n es  \u00abMarxa Cristiana\u00bb.<\/p>\n\n\n\n<p>Los premios en esta edici\u00f3n seran de 2000\u20ac para el primero,  1000\u20ac para el segundo,  un premio del p\u00fablico asistente de 500\u20ac  y para aquellos finalistas que no obtengan ning\u00fan premio de los anteriores, una \u00abcompensaci\u00f3n\u00bb de 250\u20ac.<\/p>\n\n\n<div class=\"wp-block-image\">\n<figure class=\"aligncenter size-full\"><a href=\"http:\/\/www.portaldelolleria.es\/wp-content\/uploads\/2025\/02\/francesc-cerda-2025.jpg\"><img loading=\"lazy\" width=\"626\" height=\"609\" src=\"http:\/\/www.portaldelolleria.es\/wp-content\/uploads\/2025\/02\/francesc-cerda-2025.jpg\" alt=\"\" class=\"wp-image-31751\" srcset=\"http:\/\/www.portaldelolleria.es\/wp-content\/uploads\/2025\/02\/francesc-cerda-2025.jpg 626w, http:\/\/www.portaldelolleria.es\/wp-content\/uploads\/2025\/02\/francesc-cerda-2025-300x292.jpg 300w\" sizes=\"(max-width: 626px) 100vw, 626px\" \/><\/a><\/figure><\/div>","protected":false},"excerpt":{"rendered":"<p>El pr\u00f3ximo s\u00e1bado 22 de febrero, la \u00ab21\u00e9 edici\u00f3 del Concurs de M\u00fasica Festera Francesc Cerd\u00e0\u00ab, llega a su desenlace final. Concurso convocado por el Ayuntamiento, la Junta Central de fiestas de Moros y Cristianos de l\u2019Olleria y la sociedad Escuela Musical Santa Cecilia de L\u2019Olleria Cuatro son las obras finalistas, que por orden de [&hellip;]<\/p>\n","protected":false},"author":1,"featured_media":0,"comment_status":"closed","ping_status":"open","sticky":false,"template":"","format":"standard","meta":{"_monsterinsights_skip_tracking":false,"_monsterinsights_sitenote_active":false,"_monsterinsights_sitenote_note":"","_monsterinsights_sitenote_category":0},"categories":[17,12],"tags":[],"_links":{"self":[{"href":"http:\/\/www.portaldelolleria.es\/index.php?rest_route=\/wp\/v2\/posts\/31750"}],"collection":[{"href":"http:\/\/www.portaldelolleria.es\/index.php?rest_route=\/wp\/v2\/posts"}],"about":[{"href":"http:\/\/www.portaldelolleria.es\/index.php?rest_route=\/wp\/v2\/types\/post"}],"author":[{"embeddable":true,"href":"http:\/\/www.portaldelolleria.es\/index.php?rest_route=\/wp\/v2\/users\/1"}],"replies":[{"embeddable":true,"href":"http:\/\/www.portaldelolleria.es\/index.php?rest_route=%2Fwp%2Fv2%2Fcomments&post=31750"}],"version-history":[{"count":1,"href":"http:\/\/www.portaldelolleria.es\/index.php?rest_route=\/wp\/v2\/posts\/31750\/revisions"}],"predecessor-version":[{"id":31753,"href":"http:\/\/www.portaldelolleria.es\/index.php?rest_route=\/wp\/v2\/posts\/31750\/revisions\/31753"}],"wp:attachment":[{"href":"http:\/\/www.portaldelolleria.es\/index.php?rest_route=%2Fwp%2Fv2%2Fmedia&parent=31750"}],"wp:term":[{"taxonomy":"category","embeddable":true,"href":"http:\/\/www.portaldelolleria.es\/index.php?rest_route=%2Fwp%2Fv2%2Fcategories&post=31750"},{"taxonomy":"post_tag","embeddable":true,"href":"http:\/\/www.portaldelolleria.es\/index.php?rest_route=%2Fwp%2Fv2%2Ftags&post=31750"}],"curies":[{"name":"wp","href":"https:\/\/api.w.org\/{rel}","templated":true}]}}