{"id":3180,"date":"2013-06-05T21:15:15","date_gmt":"2013-06-05T20:15:15","guid":{"rendered":"http:\/\/www.portaldelolleria.es\/?p=3180"},"modified":"2013-06-05T21:15:15","modified_gmt":"2013-06-05T20:15:15","slug":"teatro-goya-monologo-eugeni-alemany","status":"publish","type":"post","link":"http:\/\/www.portaldelolleria.es\/?p=3180","title":{"rendered":"Teatro Goya: Mon\u00f3logo Eugeni Alemany"},"content":{"rendered":"<p><a href=\"http:\/\/www.portaldelolleria.es\/wp-content\/uploads\/2013\/06\/alemany.jpg\"><img loading=\"lazy\" class=\"aligncenter size-full wp-image-3182\" title=\"alemany\" src=\"http:\/\/www.portaldelolleria.es\/wp-content\/uploads\/2013\/06\/alemany.jpg\" alt=\"\" width=\"598\" height=\"398\" srcset=\"http:\/\/www.portaldelolleria.es\/wp-content\/uploads\/2013\/06\/alemany.jpg 598w, http:\/\/www.portaldelolleria.es\/wp-content\/uploads\/2013\/06\/alemany-300x199.jpg 300w\" sizes=\"(max-width: 598px) 100vw, 598px\" \/><\/a><\/p>\n<p>&nbsp;<\/p>\n<p>La Fil\u00e0 Corda Curta, presenta el mon\u00f3logo \u00abt&#8217;ho dic sense acrittut\u00bb a cargo del popular presentador Eugeni Alemany.\u00a0\u00a0 La actuaci\u00f3n ser\u00e1 el pr\u00f3ximo s\u00e1bado, 8 a las 22:30h en el Teatro Goya.\u00a0 Las entradas se pueden adquirir en Viatges Moncarbel, \u00f3 en el telefono 96 220 15 51<\/p>\n<p><a href=\"http:\/\/www.portaldelolleria.es\/wp-content\/uploads\/2013\/06\/alemany2.jpg\"><img loading=\"lazy\" class=\"aligncenter size-full wp-image-3181\" title=\"alemany2\" src=\"http:\/\/www.portaldelolleria.es\/wp-content\/uploads\/2013\/06\/alemany2.jpg\" alt=\"\" width=\"569\" height=\"800\" srcset=\"http:\/\/www.portaldelolleria.es\/wp-content\/uploads\/2013\/06\/alemany2.jpg 569w, http:\/\/www.portaldelolleria.es\/wp-content\/uploads\/2013\/06\/alemany2-213x300.jpg 213w\" sizes=\"(max-width: 569px) 100vw, 569px\" \/><\/a><\/p>\n<p>&nbsp;<\/p>\n<p><iframe loading=\"lazy\" src=\"http:\/\/www.youtube.com\/embed\/J3zUMPSyrA4\" frameborder=\"0\" width=\"480\" height=\"360\"><\/iframe><\/p>\n","protected":false},"excerpt":{"rendered":"<p>&nbsp; La Fil\u00e0 Corda Curta, presenta el mon\u00f3logo \u00abt&#8217;ho dic sense acrittut\u00bb a cargo del popular presentador Eugeni Alemany.\u00a0\u00a0 La actuaci\u00f3n ser\u00e1 el pr\u00f3ximo s\u00e1bado, 8 a las 22:30h en el Teatro Goya.\u00a0 Las entradas se pueden adquirir en Viatges Moncarbel, \u00f3 en el telefono 96 220 15 51 &nbsp;<\/p>\n","protected":false},"author":1,"featured_media":0,"comment_status":"closed","ping_status":"open","sticky":false,"template":"","format":"standard","meta":{"_monsterinsights_skip_tracking":false,"_monsterinsights_sitenote_active":false,"_monsterinsights_sitenote_note":"","_monsterinsights_sitenote_category":0},"categories":[15,12],"tags":[729,728,20,133],"_links":{"self":[{"href":"http:\/\/www.portaldelolleria.es\/index.php?rest_route=\/wp\/v2\/posts\/3180"}],"collection":[{"href":"http:\/\/www.portaldelolleria.es\/index.php?rest_route=\/wp\/v2\/posts"}],"about":[{"href":"http:\/\/www.portaldelolleria.es\/index.php?rest_route=\/wp\/v2\/types\/post"}],"author":[{"embeddable":true,"href":"http:\/\/www.portaldelolleria.es\/index.php?rest_route=\/wp\/v2\/users\/1"}],"replies":[{"embeddable":true,"href":"http:\/\/www.portaldelolleria.es\/index.php?rest_route=%2Fwp%2Fv2%2Fcomments&post=3180"}],"version-history":[{"count":1,"href":"http:\/\/www.portaldelolleria.es\/index.php?rest_route=\/wp\/v2\/posts\/3180\/revisions"}],"predecessor-version":[{"id":3183,"href":"http:\/\/www.portaldelolleria.es\/index.php?rest_route=\/wp\/v2\/posts\/3180\/revisions\/3183"}],"wp:attachment":[{"href":"http:\/\/www.portaldelolleria.es\/index.php?rest_route=%2Fwp%2Fv2%2Fmedia&parent=3180"}],"wp:term":[{"taxonomy":"category","embeddable":true,"href":"http:\/\/www.portaldelolleria.es\/index.php?rest_route=%2Fwp%2Fv2%2Fcategories&post=3180"},{"taxonomy":"post_tag","embeddable":true,"href":"http:\/\/www.portaldelolleria.es\/index.php?rest_route=%2Fwp%2Fv2%2Ftags&post=3180"}],"curies":[{"name":"wp","href":"https:\/\/api.w.org\/{rel}","templated":true}]}}