{"id":31829,"date":"2025-03-04T21:42:10","date_gmt":"2025-03-04T19:42:10","guid":{"rendered":"http:\/\/www.portaldelolleria.es\/?p=31829"},"modified":"2025-03-05T19:08:58","modified_gmt":"2025-03-05T17:08:58","slug":"presentacion-de-runcancer-2025-lolleria-4-de-octubre","status":"publish","type":"post","link":"http:\/\/www.portaldelolleria.es\/?p=31829","title":{"rendered":"Presentaci\u00f3n de RunC\u00e1ncer 2025. L&#8217;Olleria 4 de octubre"},"content":{"rendered":"\n<h3><\/h3>\n\n\n<div class=\"wp-block-image\">\n<figure class=\"aligncenter size-full\"><a href=\"http:\/\/www.portaldelolleria.es\/wp-content\/uploads\/2025\/03\/runcancer1.jpg\"><img loading=\"lazy\" width=\"598\" height=\"423\" src=\"http:\/\/www.portaldelolleria.es\/wp-content\/uploads\/2025\/03\/runcancer1.jpg\" alt=\"\" class=\"wp-image-31834\" srcset=\"http:\/\/www.portaldelolleria.es\/wp-content\/uploads\/2025\/03\/runcancer1.jpg 598w, http:\/\/www.portaldelolleria.es\/wp-content\/uploads\/2025\/03\/runcancer1-300x212.jpg 300w\" sizes=\"(max-width: 598px) 100vw, 598px\" \/><\/a><\/figure><\/div>\n\n\n<p>El circuito RunC\u00e1ncer 2025 llegar\u00e1 a L&#8217;Olleria,  con una prueba que incluye una carrera y una marcha no competitiva de 5 km que se celebrar\u00e1 el 4 de octubre<\/p>\n\n\n\n<p><\/p>\n\n\n\n<p style=\"font-size:18px\"><strong>RunC\u00e1ncer Valencia presenta una 11.\u00aa edici\u00f3n con m\u00e1s de 100 marchas y 12 carreras con el objetivo de superar las cifras de r\u00e9cords de 2024<\/strong><\/p>\n\n\n\n<p>El <strong>circuito RunC\u00e1ncer Valencia<\/strong>, organizado por la Asociaci\u00f3n Espa\u00f1ola Contra el C\u00e1ncer en Valencia y que cuenta con el apoyo principal de la Diputaci\u00f3n de Valencia, CaixaBank y la Fundaci\u00f3n \u2018la Caixa\u2019, da el pistoletazo de salida a su XI edici\u00f3n.<\/p>\n\n\n\n<p>RunC\u00e1ncer, el mayor circuito de marchas y carreras 100% solidarias contra el c\u00e1ncer, inaugura su 2025 el pr\u00f3ximo domingo 2 de marzo con una marcha y una carrera de 6,5 kil\u00f3metros en la localidad de Rafelbunyol, cuyas inscripciones 100% solidarias est\u00e1n disponibles en www.runcancer.com.<\/p>\n\n\n<div class=\"wp-block-image\">\n<figure class=\"aligncenter size-full\"><a href=\"http:\/\/www.portaldelolleria.es\/wp-content\/uploads\/2025\/03\/runcancer3.jpg\"><img loading=\"lazy\" width=\"598\" height=\"378\" src=\"http:\/\/www.portaldelolleria.es\/wp-content\/uploads\/2025\/03\/runcancer3.jpg\" alt=\"\" class=\"wp-image-31833\" srcset=\"http:\/\/www.portaldelolleria.es\/wp-content\/uploads\/2025\/03\/runcancer3.jpg 598w, http:\/\/www.portaldelolleria.es\/wp-content\/uploads\/2025\/03\/runcancer3-300x190.jpg 300w\" sizes=\"(max-width: 598px) 100vw, 598px\" \/><\/a><\/figure><\/div>\n\n\n<p>A Rafelbunyol le seguir\u00e1n m\u00e1s de un centenar de localidades, que tambi\u00e9n celebrar\u00e1n sus citas deportivas contra el c\u00e1ncer hasta el mes de diciembre. Todos estos municipios de la provincia de Valencia albergar\u00e1n la tradicional marcha, mientras que al menos doce de ellos a\u00f1adir\u00e1n tambi\u00e9n una carrera competitiva. Durante diez meses, RunC\u00e1ncer movilizar\u00e1 a miles de personas en la lucha contra el c\u00e1ncer a trav\u00e9s del deporte y la solidaridad.<\/p>\n\n\n\n<p>Estos datos se han dado a conocer en el acto de presentaci\u00f3n oficial de esta nueva edici\u00f3n, que ha tenido lugar en Kin\u00e9polis Valencia y que ha contado con la asistencia del <strong>diputado de Deportes, Pedro Cuesta<\/strong>, y el <strong>alcalde de Paterna, Juan Antonio Sagredo<\/strong>, as\u00ed como con representantes de las empresas patrocinadoras y colaboradoras, de las Juntas Locales de la Asociaci\u00f3n Espa\u00f1ola Contra el C\u00e1ncer en Valencia y de los Ayuntamientos de las localidades de la provincia, que formar\u00e1n parte de esta nueva edici\u00f3n del circuito de marchas y carreras 100% solidarias.<\/p>\n\n\n<div class=\"wp-block-image\">\n<figure class=\"aligncenter size-full\"><a href=\"http:\/\/www.portaldelolleria.es\/wp-content\/uploads\/2025\/03\/runcancer2.jpg\"><img loading=\"lazy\" width=\"598\" height=\"399\" src=\"http:\/\/www.portaldelolleria.es\/wp-content\/uploads\/2025\/03\/runcancer2.jpg\" alt=\"\" class=\"wp-image-31832\" srcset=\"http:\/\/www.portaldelolleria.es\/wp-content\/uploads\/2025\/03\/runcancer2.jpg 598w, http:\/\/www.portaldelolleria.es\/wp-content\/uploads\/2025\/03\/runcancer2-300x200.jpg 300w\" sizes=\"(max-width: 598px) 100vw, 598px\" \/><\/a><\/figure><\/div>\n\n\n<p>Durante la presentaci\u00f3n se ha presentado la <strong>camiseta oficial 42KRunning<\/strong> de esta nueva edici\u00f3n, que ha querido este a\u00f1o rendir un homenaje a todos los participantes en las carreras y marchas haci\u00e9ndoles sentir como \u201cs\u00faper h\u00e9roes\u201d porque son \u201cpersonas s\u00faper solidarias\u201d, mostrando una \u201cS\u201d en la parte delantera.<\/p>\n\n\n\n<p>Tras un 2024 de r\u00e9cord, RunC\u00e1ncer Valencia encara 2025 con el objetivo de seguir creciendo y sumando solidaridad. Este a\u00f1o, el circuito contar\u00e1 con m\u00e1s de 100 pruebas en m\u00e1s de 100 municipios valencianos, consolid\u00e1ndose como una de las iniciativas solidarias m\u00e1s consolidadas de la Comunitat Valenciana.<\/p>\n\n\n<div class=\"wp-block-image\">\n<figure class=\"aligncenter size-full\"><a href=\"http:\/\/www.portaldelolleria.es\/wp-content\/uploads\/2025\/03\/runcancer5.jpg\"><img loading=\"lazy\" width=\"598\" height=\"399\" src=\"http:\/\/www.portaldelolleria.es\/wp-content\/uploads\/2025\/03\/runcancer5.jpg\" alt=\"\" class=\"wp-image-31831\" srcset=\"http:\/\/www.portaldelolleria.es\/wp-content\/uploads\/2025\/03\/runcancer5.jpg 598w, http:\/\/www.portaldelolleria.es\/wp-content\/uploads\/2025\/03\/runcancer5-300x200.jpg 300w\" sizes=\"(max-width: 598px) 100vw, 598px\" \/><\/a><\/figure><\/div>\n\n\n<h4>M\u00e1s de 2,8 millones de euros para la investigaci\u00f3n en c\u00e1ncer<\/h4>\n\n\n\n<p>El circuito ya ha superado los 2,8 millones de euros recaudados durante estos 10 a\u00f1os, y en pocos meses se espera poder alcanzar los tres millones de euros. Para ello, seg\u00fan ha asegurado <strong>Tom\u00e1s Tr\u00e9nor, presidente de Contra el C\u00e1ncer en Valencia<\/strong>, \u201cnecesitamos el apoyo de todos: corredores, marchadores, Juntas Locales, voluntarios, ayuntamientos, instituciones y empresas colaboradoras. Todos juntos seguiremos avanzando para hacer posible que la supervivencia en c\u00e1ncer sea cada vez mayor gracias a la prevenci\u00f3n, detecci\u00f3n precoz y a la investigaci\u00f3n. Para que todos tengamos un futuro sin c\u00e1ncer, para lo que es imprescindible avanzar en la investigaci\u00f3n y en el compromiso de la sociedad con esta causa. Este 2025 vamos a por un S\u00daPER RunC\u00e1ncer para ser m\u00e1s solidarios que nunca\u201d.<\/p>\n\n\n\n<p>Desde su creaci\u00f3n, RunC\u00e1ncer ha conseguido unir a m\u00e1s de 600.000 personas por la causa y en esta nueva edici\u00f3n promete seguir logrando m\u00e1s uni\u00f3n a\u00fan reafirmando el compromiso de la sociedad valenciana con la lucha contra el c\u00e1ncer.<\/p>\n\n\n<div class=\"wp-block-image\">\n<figure class=\"aligncenter size-full\"><a href=\"http:\/\/www.portaldelolleria.es\/wp-content\/uploads\/2025\/03\/runcancer4.jpg\"><img loading=\"lazy\" width=\"598\" height=\"399\" src=\"http:\/\/www.portaldelolleria.es\/wp-content\/uploads\/2025\/03\/runcancer4.jpg\" alt=\"\" class=\"wp-image-31830\" srcset=\"http:\/\/www.portaldelolleria.es\/wp-content\/uploads\/2025\/03\/runcancer4.jpg 598w, http:\/\/www.portaldelolleria.es\/wp-content\/uploads\/2025\/03\/runcancer4-300x200.jpg 300w\" sizes=\"(max-width: 598px) 100vw, 598px\" \/><\/a><\/figure><\/div>\n\n\n<h4>La solidaridad de RunC\u00e1ncer llegar\u00e1 a m\u00e1s de un centenar de municipios<\/h4>\n\n\n\n<p>El circuito volver\u00e1, en su 11.\u00aa edici\u00f3n, a inundar de movimiento y solidaridad las calles de m\u00e1s de un centenar de municipios valencianos. Empezando por municipios como Rafelbunyol o Paterna y siguiendo por otros como Bu\u00f1ol, Anna, Marines, Alm\u00e0ssera, Alfafar, Rocafort, Pu\u00e7ol, l\u2019Eliana, Paiporta, N\u00e0quera, Tu\u00e9jar, Pedralba, Oliva, Catarroja o Chiva, entre otros muchos.<\/p>\n\n\n\n<p>El calendario y las inscripciones a las citas del circuito RunC\u00e1ncer est\u00e1n disponibles en la web oficial www.runcancer.com, donde se ir\u00e1n actualizando diariamente. El precio del dorsal de las marchas oscila entre los 3 y 5 euros, seg\u00fan la localidad, mientras que los dorsales de las carreras tendr\u00e1n un precio de 5 euros. Como siempre, cada euro logrado por la venta de los dorsales se destinar\u00e1 de forma \u00edntegra a financiar proyectos de investigaci\u00f3n oncol\u00f3gica.<\/p>\n\n\n\n<p>Por supuesto, habr\u00e1 al menos doce citas muy esperadas con marcha y carrera que no faltar\u00e1n en el calendario 2025. Adem\u00e1s de Rafelbunyol, que inaugurar\u00e1 el calendario el 2 de marzo, no faltar\u00e1n las pruebas de Paterna, Alboraya, l\u2019Alc\u00fadia, Torrent, X\u00e0tiva, l\u2019Olleria, Gandia, Alfafar, Picassent y Alc\u00e0sser.<\/p>\n\n\n\n<p>Por supuesto, la solidaridad y el movimiento de RunC\u00e1ncer llegar\u00e1 a la capital valenciana en el mes de octubre con una carrera y una marcha de 6 kil\u00f3metros. En concreto, el evento Valencia contra el C\u00e1ncer tendr\u00e1 lugar el domingo 19 de octubre, coincidiendo con el D\u00eda Mundial de la Lucha contra el C\u00e1ncer de Mama.<\/p>\n\n\n\n<p><strong>Calendario 2025:<\/strong> <a rel=\"noreferrer noopener\" href=\"https:\/\/runcancer.com\/calendario-2025\/\" target=\"_blank\">https:\/\/runcancer.com\/calendario-2025\/<\/a><\/p>\n\n\n\n<figure class=\"wp-block-embed is-type-video is-provider-youtube wp-block-embed-youtube wp-embed-aspect-16-9 wp-has-aspect-ratio\"><div class=\"wp-block-embed__wrapper\">\n<iframe loading=\"lazy\" title=\"Presentaci\u00f3n RunC\u00e1ncer 2025\" width=\"500\" height=\"281\" src=\"https:\/\/www.youtube.com\/embed\/4MrbyqcMmY0?feature=oembed\" frameborder=\"0\" allow=\"accelerometer; autoplay; clipboard-write; encrypted-media; gyroscope; picture-in-picture; web-share\" referrerpolicy=\"strict-origin-when-cross-origin\" allowfullscreen><\/iframe>\n<\/div><\/figure>\n\n\n\n<h4>Balance circuito RunC\u00e1ncer Valencia<\/h4>\n\n\n\n<ul><li>1.\u00aa edici\u00f3n 2015: 66.245 euros y +13.000 participantes<\/li><li>2.\u00aa edici\u00f3n 2016: 146.865 euros y +29.000 participantes<\/li><li>3.\u00aa edici\u00f3n 2017: 252.462 euros y +59.000 participantes<\/li><li>4.\u00aa edici\u00f3n 2018: 309.135 euros y +68.000 participantes<\/li><li>5.\u00aa edici\u00f3n 2019: 340.885 euros y +80.000 participantes<\/li><li>6.\u00aa edici\u00f3n 2020: 151.580 euros y +35.000 participantes<\/li><li>7.\u00aa edici\u00f3n 2021: 231.887 euros y +55.000 participantes<\/li><li>8.\u00aa edici\u00f3n 2022: 363.775 euros y +78.700 participantes<\/li><li>9.\u00aa edici\u00f3n 2023: 439.300 euros y +94.000 participantes<\/li><li>R\u00e9cord 10.\u00aa edici\u00f3n 2024: 501.671 euros y +103.000 participantes<\/li><li>Balance de estos 10 a\u00f1os: 2.802.909 euros y +618.000 participantes<\/li><\/ul>\n\n\n\n<p>El circuito RunC\u00e1ncer Valencia, organizado por la Asociaci\u00f3n Espa\u00f1ola Contra el C\u00e1ncer en Valencia, cuenta con el apoyo principal de la Diputaci\u00f3n de Valencia, CaixaBank y la Fundaci\u00f3n \u2018la Caixa\u2019, y con la colaboraci\u00f3n y patrocinio de importantes empresas como Germaine de Capuccini, Fundaci\u00f3n Vicky Foods, Sklum, El Corte Ingl\u00e9s, Mercedes Benz-Valdisa, Aquaservice, Grupo Bertol\u00edn, Arroz Dacsa, Hofmann, Cecotec, Mapfre, Fermax, Sociedad Agricultores de la Vega de Valencia (SAV), Gabol, 42KRunning, IGP C\u00edtricos Valencianos, Cementos la Uni\u00f3n, Chovi, Vareser, Verdejo Segura, Geiser Events, Bonsa Bondia Salvo, Sol\u00e1n de Cabras y Caf\u00e9 con Causa.<br>Contra el C\u00e1ncer en Valencia<\/p>\n\n\n\n<p>La Junta Asociada Provincial de la Asociaci\u00f3n Espa\u00f1ola Contra el C\u00e1ncer de Valencia lleva m\u00e1s de 60 a\u00f1os como entidad de referencia en Valencia en la lucha contra el c\u00e1ncer: desde el apoyo a pacientes y familiares, la prevenci\u00f3n y la promoci\u00f3n de los h\u00e1bitos saludables y el soporte a la investigaci\u00f3n para avanzar frente a la enfermedad. La Asociaci\u00f3n est\u00e1 formada por m\u00e1s de 300 personas entre trabajadores y voluntarios a los que se les unen m\u00e1s de 7.000 colaboradores en toda la provincia y m\u00e1s de 32.000 socios.<\/p>\n\n\n\n<p>Puedes ver una <a href=\"https:\/\/www.facebook.com\/media\/set\/?set=a.672089348492704&amp;type=3\">g<strong>aler\u00eda de im\u00e1genes de la presentaci\u00f3n, en nuestro Faceboo<\/strong>k.<\/a><\/p>\n\n\n\n<p><\/p>\n","protected":false},"excerpt":{"rendered":"<p>El circuito RunC\u00e1ncer 2025 llegar\u00e1 a L&#8217;Olleria, con una prueba que incluye una carrera y una marcha no competitiva de 5 km que se celebrar\u00e1 el 4 de octubre RunC\u00e1ncer Valencia presenta una 11.\u00aa edici\u00f3n con m\u00e1s de 100 marchas y 12 carreras con el objetivo de superar las cifras de r\u00e9cords de 2024 El [&hellip;]<\/p>\n","protected":false},"author":1,"featured_media":0,"comment_status":"closed","ping_status":"open","sticky":false,"template":"","format":"standard","meta":{"_monsterinsights_skip_tracking":false,"_monsterinsights_sitenote_active":false,"_monsterinsights_sitenote_note":"","_monsterinsights_sitenote_category":0},"categories":[3,12],"tags":[],"_links":{"self":[{"href":"http:\/\/www.portaldelolleria.es\/index.php?rest_route=\/wp\/v2\/posts\/31829"}],"collection":[{"href":"http:\/\/www.portaldelolleria.es\/index.php?rest_route=\/wp\/v2\/posts"}],"about":[{"href":"http:\/\/www.portaldelolleria.es\/index.php?rest_route=\/wp\/v2\/types\/post"}],"author":[{"embeddable":true,"href":"http:\/\/www.portaldelolleria.es\/index.php?rest_route=\/wp\/v2\/users\/1"}],"replies":[{"embeddable":true,"href":"http:\/\/www.portaldelolleria.es\/index.php?rest_route=%2Fwp%2Fv2%2Fcomments&post=31829"}],"version-history":[{"count":3,"href":"http:\/\/www.portaldelolleria.es\/index.php?rest_route=\/wp\/v2\/posts\/31829\/revisions"}],"predecessor-version":[{"id":31843,"href":"http:\/\/www.portaldelolleria.es\/index.php?rest_route=\/wp\/v2\/posts\/31829\/revisions\/31843"}],"wp:attachment":[{"href":"http:\/\/www.portaldelolleria.es\/index.php?rest_route=%2Fwp%2Fv2%2Fmedia&parent=31829"}],"wp:term":[{"taxonomy":"category","embeddable":true,"href":"http:\/\/www.portaldelolleria.es\/index.php?rest_route=%2Fwp%2Fv2%2Fcategories&post=31829"},{"taxonomy":"post_tag","embeddable":true,"href":"http:\/\/www.portaldelolleria.es\/index.php?rest_route=%2Fwp%2Fv2%2Ftags&post=31829"}],"curies":[{"name":"wp","href":"https:\/\/api.w.org\/{rel}","templated":true}]}}