{"id":31983,"date":"2025-04-25T11:44:11","date_gmt":"2025-04-25T09:44:11","guid":{"rendered":"http:\/\/www.portaldelolleria.es\/?p=31983"},"modified":"2025-04-25T11:44:13","modified_gmt":"2025-04-25T09:44:13","slug":"la-diputacio-convocara-abans-de-lestiu-les-ajudes-per-a-les-comparses-i-filaes-de-moros-i-cristians%ef%bf%bc","status":"publish","type":"post","link":"http:\/\/www.portaldelolleria.es\/?p=31983","title":{"rendered":"La Diputaci\u00f3 convocar\u00e0 abans de l&#8217;estiu les ajudes per a les comparses i filaes de Moros i Cristians\ufffc"},"content":{"rendered":"<div class=\"wp-block-image\">\n<figure class=\"aligncenter size-full\"><a href=\"http:\/\/www.portaldelolleria.es\/wp-content\/uploads\/2025\/04\/dipu_2.jpg\"><img loading=\"lazy\" width=\"598\" height=\"398\" src=\"http:\/\/www.portaldelolleria.es\/wp-content\/uploads\/2025\/04\/dipu_2.jpg\" alt=\"\" class=\"wp-image-31984\" srcset=\"http:\/\/www.portaldelolleria.es\/wp-content\/uploads\/2025\/04\/dipu_2.jpg 598w, http:\/\/www.portaldelolleria.es\/wp-content\/uploads\/2025\/04\/dipu_2-300x200.jpg 300w\" sizes=\"(max-width: 598px) 100vw, 598px\" \/><\/a><\/figure><\/div>\n\n\n<p>La Diputaci\u00f3 convocar\u00e0 abans de l&#8217;estiu les ajudes per a les comparses i filaes de Moros i Cristians<\/p>\n\n\n\n<ul><li>La vicepresidenta Nat\u00e0lia Enguix confirma a la Uni\u00f3 d&#8217;Entitats Festeres de Moros i Cristians (UNDEF) que es treballa en la convocat\u00f2ria de 2025 per a contribuir a la projecci\u00f3 de la festa i equiparar-la a les Falles<\/li><li>Les ajudes de l&#8217;any passat, 200.000 euros que es repartir\u00e1n entre m\u00e9s de 400 filaes de 80 municipis, es troben ja en tramitaci\u00f3 despr\u00e9s de resoldre la corporaci\u00f3 el retard en la gesti\u00f3 causat per la dana<\/li><\/ul>\n\n\n\n<figure class=\"wp-block-image\"><a href=\"https:\/\/www.dival.es\/sites\/default\/files\/sala-prensa\/images\/1- Enguix-UNDEF.jpeg\"><img src=\"https:\/\/www.dival.es\/sala-prensa\/sites\/default\/files\/imagecache\/thumbnail\/sala-prensa\/images\/1-%20Enguix-UNDEF.jpeg\" alt=\"Imagen\" title=\"Nat\u00e0lia Enguix reunida amb els responsables de la UNDEF\"\/><\/a><\/figure>\n\n\n\n<p>23\/04\/2025<\/p>\n\n\n\n<p>La vicepresidenta primera de la Diputaci\u00f3 de Val\u00e8ncia, Nat\u00e0lia Enguix, ha confirmat que les ajudes per a les comparses de moros i cristians d&#8217;enguany es convocaran abans de l&#8217;estiu. Enguix ha avan\u00e7at que la corporaci\u00f3 treballa en la convocat\u00f2ria de 2025 durant l&#8217;encontre mantingut este dimecres en seu provincial amb la presidenta de la Uni\u00f3 d&#8217;Entitats Festeres de Moros i Cristians (UNDEF), Pepa Prats, i el vicepresident primer, Rafael Sanjer\u00f3nimo.<\/p>\n\n\n\n<p>Segons expressa la vicepresidenta i responsable de Cooperaci\u00f3 Municipal, \u201cla nostra intenci\u00f3 \u00e9s consolidar i millorar les ajudes als col\u00b7lectius festers que mantenen viva la celebraci\u00f3 de moros i cristians per a equiparar la festa a les Falles, una altra de les nostres senyes d&#8217;identitat que protegim i ajudem a difondre, amb ajudes que arriben igualment a les comissions de la capital i de les comarques\u201d. \u201cNo ens varem equivocar quan decidirem ajudar a eixes comparses que treballen molt dur i amb una tremenda il\u00b7lusi\u00f3 per a protegir i difondre la nostra identitat i el nostre patrimoni cultural\u201d, afig.<\/p>\n\n\n\n<p>En este sentit, la Diputaci\u00f3 ha donat llum verda a la incorporaci\u00f3 de 200.000 euros per a les comparses de moros i cristians de la prov\u00edncia que han sol\u00b7licitat l&#8217;ajuda de 500 euros impulsada per la vicepresidenta primera, Natalia Enguix, en coordinaci\u00f3 amb el president de la corporaci\u00f3, Vicent Momp\u00f3. Les ajudes convocades per primera vegada l&#8217;any passat es troben ja en tramitaci\u00f3, despr\u00e9s de resoldre&#8217;s el retard provocat per la gesti\u00f3 de la dana.<\/p>\n\n\n\n<p>Durant la reuni\u00f3 mantinguda amb els responsables de la UNDEF, Nat\u00e0lia Enguix ha explicat que, a conseq\u00fc\u00e8ncia de la dana, \u201cla instituci\u00f3 es va reorganitzar pressupost\u00e0riament per a realitzar actuacions d&#8217;emerg\u00e8ncia i d&#8217;atenci\u00f3 immediata als municipis afectats, quedant en suspens altres partides com \u00e9s el cas d&#8217;esta subvenci\u00f3, que es va anunciar poc abans de produir-se la riuada\u201d. Est\u00e0 previst que les ajudes es facen efectives entre finals de juny i principis de juliol, com s&#8217;ha comunicat a les 406 comparses, filaes i associacions benefici\u00e0ries.<\/p>\n\n\n\n<p><strong>Extraordin\u00e0ria acceptaci\u00f3<\/strong><\/p>\n\n\n\n<p>Enguix destaca \u201cl&#8217;extraordin\u00e0ria acceptaci\u00f3 que ha tingut la convocat\u00f2ria, la qual cosa demostra la import\u00e0ncia d&#8217;esta festa tan nostra que volem equiparar amb les Falles, l&#8217;altra gran festa amb arrelament als nostres pobles i ciutats\u201d. En xifres, les m\u00e9s de 400 comparses benefici\u00e0ries de l&#8217;ajuda de 500 euros provenen de 79 municipis, inclosa la capital, i d&#8217;un total d&#8217;11 comarques.<\/p>\n\n\n\n<p>Per part seua, el president, Vicent Momp\u00f3, posa en valor \u201cla import\u00e0ncia d&#8217;estes ajudes per a les comparses i la vida festiva dels pobles. Per aix\u00f2, despr\u00e9s d&#8217;actuar d&#8217;urg\u00e8ncia en els municipis afectats per la dana, anem reactivant subvencions com esta, que s\u00f3n tan importants per a una de les festes m\u00e9s representatives de la nostra prov\u00edncia\u201d.<\/p>\n\n\n\n<p><\/p>\n\n\n\n<figure class=\"wp-block-embed is-type-video is-provider-youtube wp-block-embed-youtube wp-embed-aspect-16-9 wp-has-aspect-ratio\"><div class=\"wp-block-embed__wrapper\">\n<iframe loading=\"lazy\" title=\"Nat\u00e0lia Enguix 18 moros\" width=\"500\" height=\"281\" src=\"https:\/\/www.youtube.com\/embed\/qOCd8BsYzNQ?feature=oembed\" frameborder=\"0\" allow=\"accelerometer; autoplay; clipboard-write; encrypted-media; gyroscope; picture-in-picture; web-share\" referrerpolicy=\"strict-origin-when-cross-origin\" allowfullscreen><\/iframe>\n<\/div><\/figure>\n","protected":false},"excerpt":{"rendered":"<p>La Diputaci\u00f3 convocar\u00e0 abans de l&#8217;estiu les ajudes per a les comparses i filaes de Moros i Cristians La vicepresidenta Nat\u00e0lia Enguix confirma a la Uni\u00f3 d&#8217;Entitats Festeres de Moros i Cristians (UNDEF) que es treballa en la convocat\u00f2ria de 2025 per a contribuir a la projecci\u00f3 de la festa i equiparar-la a les Falles [&hellip;]<\/p>\n","protected":false},"author":1,"featured_media":0,"comment_status":"closed","ping_status":"open","sticky":false,"template":"","format":"standard","meta":{"_monsterinsights_skip_tracking":false,"_monsterinsights_sitenote_active":false,"_monsterinsights_sitenote_note":"","_monsterinsights_sitenote_category":0},"categories":[17,12],"tags":[],"_links":{"self":[{"href":"http:\/\/www.portaldelolleria.es\/index.php?rest_route=\/wp\/v2\/posts\/31983"}],"collection":[{"href":"http:\/\/www.portaldelolleria.es\/index.php?rest_route=\/wp\/v2\/posts"}],"about":[{"href":"http:\/\/www.portaldelolleria.es\/index.php?rest_route=\/wp\/v2\/types\/post"}],"author":[{"embeddable":true,"href":"http:\/\/www.portaldelolleria.es\/index.php?rest_route=\/wp\/v2\/users\/1"}],"replies":[{"embeddable":true,"href":"http:\/\/www.portaldelolleria.es\/index.php?rest_route=%2Fwp%2Fv2%2Fcomments&post=31983"}],"version-history":[{"count":1,"href":"http:\/\/www.portaldelolleria.es\/index.php?rest_route=\/wp\/v2\/posts\/31983\/revisions"}],"predecessor-version":[{"id":31985,"href":"http:\/\/www.portaldelolleria.es\/index.php?rest_route=\/wp\/v2\/posts\/31983\/revisions\/31985"}],"wp:attachment":[{"href":"http:\/\/www.portaldelolleria.es\/index.php?rest_route=%2Fwp%2Fv2%2Fmedia&parent=31983"}],"wp:term":[{"taxonomy":"category","embeddable":true,"href":"http:\/\/www.portaldelolleria.es\/index.php?rest_route=%2Fwp%2Fv2%2Fcategories&post=31983"},{"taxonomy":"post_tag","embeddable":true,"href":"http:\/\/www.portaldelolleria.es\/index.php?rest_route=%2Fwp%2Fv2%2Ftags&post=31983"}],"curies":[{"name":"wp","href":"https:\/\/api.w.org\/{rel}","templated":true}]}}