{"id":32284,"date":"2026-01-27T12:54:08","date_gmt":"2026-01-27T10:54:08","guid":{"rendered":"https:\/\/www.portaldelolleria.es\/?p=32284"},"modified":"2026-01-27T12:54:11","modified_gmt":"2026-01-27T10:54:11","slug":"lara-juan-presenta-el-libro-vidriers-de-lolleria-en-la-casa-santonja","status":"publish","type":"post","link":"http:\/\/www.portaldelolleria.es\/?p=32284","title":{"rendered":"Lara Juan presenta el libro \u00abVidriers de L&#8217;Olleria\u00bb en la Casa Santonja"},"content":{"rendered":"<div class=\"wp-block-image\">\n<figure class=\"aligncenter size-full\"><a href=\"https:\/\/www.portaldelolleria.es\/wp-content\/uploads\/2026\/01\/Lara-Juan-Linares-1.jpg\"><img loading=\"lazy\" width=\"598\" height=\"395\" src=\"https:\/\/www.portaldelolleria.es\/wp-content\/uploads\/2026\/01\/Lara-Juan-Linares-1.jpg\" alt=\"\" class=\"wp-image-32288\" srcset=\"http:\/\/www.portaldelolleria.es\/wp-content\/uploads\/2026\/01\/Lara-Juan-Linares-1.jpg 598w, http:\/\/www.portaldelolleria.es\/wp-content\/uploads\/2026\/01\/Lara-Juan-Linares-1-300x198.jpg 300w\" sizes=\"(max-width: 598px) 100vw, 598px\" \/><\/a><\/figure><\/div>\n\n\n<p><\/p>\n\n\n\n<p>El s\u00e1bado 24 de enero,  Lara Juan Linares, presentaba \u201cVidriers de L&#8217;Olleria\u201d, un libro que recoge los testimonios de nuestra tradici\u00f3n y industria alrededor de esta manufactura.<\/p>\n\n\n\n<p>El proyecto re\u00fane documentos y fotograf\u00edas antiguas procedentes de familias, archivos y fondos locales, que aportan un valor hist\u00f3rico significativo sobre la trayectoria de un oficio que ha marcado la vida del municipio al menos desde el siglo XVI. L&#8217;Olleria \u00abcuna del vidre\u00bb y  de la t\u00e9cnica del vidrio soplado, una tradici\u00f3n que hoy se preserva en el Museu del Vidre  quedan patentes en la Colecci\u00f3n Museogr\u00e1fica del Vidre, ubicada en la Casa Santonja\u2013, con cerca de un millar de piezas que muestran la evoluci\u00f3n de la industria vidriera local.<\/p>\n\n\n\n<p>El enfoque de Lara, combina dise\u00f1o editorial e interactividad con la voluntad de recuperar elementos de la memoria colectiva , a su vez estos se conectan con entornos m\u00e1s adecuados para el  p\u00fablico joven: lectura en pantalla, interacci\u00f3n, juego y experiencia inmersiva. El objetivo del libro pemite la combinaci\u00f3n de la divulgaci\u00f3n de patrimonio as\u00ed como recurso educativo para centros de la comarca.  <\/p>\n\n\n<div class=\"wp-block-image\">\n<figure class=\"aligncenter size-full\"><a href=\"https:\/\/www.portaldelolleria.es\/wp-content\/uploads\/2026\/01\/Lara-Juan-Linares-3.jpg\"><img loading=\"lazy\" width=\"598\" height=\"242\" src=\"https:\/\/www.portaldelolleria.es\/wp-content\/uploads\/2026\/01\/Lara-Juan-Linares-3.jpg\" alt=\"\" class=\"wp-image-32285\" srcset=\"http:\/\/www.portaldelolleria.es\/wp-content\/uploads\/2026\/01\/Lara-Juan-Linares-3.jpg 598w, http:\/\/www.portaldelolleria.es\/wp-content\/uploads\/2026\/01\/Lara-Juan-Linares-3-300x121.jpg 300w\" sizes=\"(max-width: 598px) 100vw, 598px\" \/><\/a><\/figure><\/div>\n\n\n<p>El trabajo de fin de grado de Lara Juan, desarrolla el dise\u00f1o completo de un futuro libro interactivo: cubierta, contracubierta, maquetaci\u00f3n interior y selecci\u00f3n tipogr\u00e1fica, as\u00ed como la incorporaci\u00f3n de elementos f\u00edsicos y digitales que facilitan la comprensi\u00f3n de contenido.<\/p>\n\n\n<div class=\"wp-block-image\">\n<figure class=\"aligncenter size-full\"><a href=\"https:\/\/www.portaldelolleria.es\/wp-content\/uploads\/2026\/01\/Lara-Juan-Linares-4.jpg\"><img loading=\"lazy\" width=\"598\" height=\"394\" src=\"https:\/\/www.portaldelolleria.es\/wp-content\/uploads\/2026\/01\/Lara-Juan-Linares-4.jpg\" alt=\"\" class=\"wp-image-32286\" srcset=\"http:\/\/www.portaldelolleria.es\/wp-content\/uploads\/2026\/01\/Lara-Juan-Linares-4.jpg 598w, http:\/\/www.portaldelolleria.es\/wp-content\/uploads\/2026\/01\/Lara-Juan-Linares-4-300x198.jpg 300w\" sizes=\"(max-width: 598px) 100vw, 598px\" \/><\/a><\/figure><\/div>\n\n\n<p>El libro de Lara Juan, fu\u00e9 premiado recientemente por el \u00abInstitut d&#8217;estudis de la Vall d&#8217;Albaida\u00bb (IEVA)<\/p>\n\n\n\n<p>El VII Premio al Mejor Trabajo de Final de Grado del IEVA reconoce cada curso un TFG que investigue y aporte datos nuevos sobre cualquier aspecto del Valle de Albaida \u2013historia, patrimonio, lengua, medio ambiente, econom\u00eda o creaci\u00f3n art\u00edstica\u2013 y que forme parte de la programaci\u00f3n ordinaria de los estudios universitarios del alumnado.<\/p>\n\n\n<div class=\"wp-block-image\">\n<figure class=\"aligncenter size-full\"><a href=\"https:\/\/www.portaldelolleria.es\/wp-content\/uploads\/2026\/01\/Lara-Juan-Linares-2.jpg\"><img loading=\"lazy\" width=\"598\" height=\"530\" src=\"https:\/\/www.portaldelolleria.es\/wp-content\/uploads\/2026\/01\/Lara-Juan-Linares-2.jpg\" alt=\"\" class=\"wp-image-32287\" srcset=\"http:\/\/www.portaldelolleria.es\/wp-content\/uploads\/2026\/01\/Lara-Juan-Linares-2.jpg 598w, http:\/\/www.portaldelolleria.es\/wp-content\/uploads\/2026\/01\/Lara-Juan-Linares-2-300x266.jpg 300w\" sizes=\"(max-width: 598px) 100vw, 598px\" \/><\/a><\/figure><\/div>","protected":false},"excerpt":{"rendered":"<p>El s\u00e1bado 24 de enero, Lara Juan Linares, presentaba \u201cVidriers de L&#8217;Olleria\u201d, un libro que recoge los testimonios de nuestra tradici\u00f3n y industria alrededor de esta manufactura. El proyecto re\u00fane documentos y fotograf\u00edas antiguas procedentes de familias, archivos y fondos locales, que aportan un valor hist\u00f3rico significativo sobre la trayectoria de un oficio que ha [&hellip;]<\/p>\n","protected":false},"author":1,"featured_media":0,"comment_status":"closed","ping_status":"open","sticky":false,"template":"","format":"standard","meta":{"_monsterinsights_skip_tracking":false,"_monsterinsights_sitenote_active":false,"_monsterinsights_sitenote_note":"","_monsterinsights_sitenote_category":0},"categories":[16,12],"tags":[],"_links":{"self":[{"href":"http:\/\/www.portaldelolleria.es\/index.php?rest_route=\/wp\/v2\/posts\/32284"}],"collection":[{"href":"http:\/\/www.portaldelolleria.es\/index.php?rest_route=\/wp\/v2\/posts"}],"about":[{"href":"http:\/\/www.portaldelolleria.es\/index.php?rest_route=\/wp\/v2\/types\/post"}],"author":[{"embeddable":true,"href":"http:\/\/www.portaldelolleria.es\/index.php?rest_route=\/wp\/v2\/users\/1"}],"replies":[{"embeddable":true,"href":"http:\/\/www.portaldelolleria.es\/index.php?rest_route=%2Fwp%2Fv2%2Fcomments&post=32284"}],"version-history":[{"count":1,"href":"http:\/\/www.portaldelolleria.es\/index.php?rest_route=\/wp\/v2\/posts\/32284\/revisions"}],"predecessor-version":[{"id":32289,"href":"http:\/\/www.portaldelolleria.es\/index.php?rest_route=\/wp\/v2\/posts\/32284\/revisions\/32289"}],"wp:attachment":[{"href":"http:\/\/www.portaldelolleria.es\/index.php?rest_route=%2Fwp%2Fv2%2Fmedia&parent=32284"}],"wp:term":[{"taxonomy":"category","embeddable":true,"href":"http:\/\/www.portaldelolleria.es\/index.php?rest_route=%2Fwp%2Fv2%2Fcategories&post=32284"},{"taxonomy":"post_tag","embeddable":true,"href":"http:\/\/www.portaldelolleria.es\/index.php?rest_route=%2Fwp%2Fv2%2Ftags&post=32284"}],"curies":[{"name":"wp","href":"https:\/\/api.w.org\/{rel}","templated":true}]}}