{"id":3229,"date":"2013-06-13T08:30:26","date_gmt":"2013-06-13T07:30:26","guid":{"rendered":"http:\/\/www.portaldelolleria.es\/?p=3229"},"modified":"2013-06-13T17:17:51","modified_gmt":"2013-06-13T16:17:51","slug":"el-equipo-femenino-de-l%e2%80%99olleria-segundo-en-la-cuadrangular-de-futbol-7","status":"publish","type":"post","link":"http:\/\/www.portaldelolleria.es\/?p=3229","title":{"rendered":"Cadetes, infantiles y el equipo femenino, consiguen segundo puesto en sus torneos"},"content":{"rendered":"<p><a href=\"http:\/\/www.portaldelolleria.es\/wp-content\/uploads\/2013\/06\/xfemenino.jpg\"><img loading=\"lazy\" class=\"aligncenter size-full wp-image-3230\" title=\"xfemenino\" src=\"http:\/\/www.portaldelolleria.es\/wp-content\/uploads\/2013\/06\/xfemenino.jpg\" alt=\"\" width=\"598\" height=\"398\" srcset=\"http:\/\/www.portaldelolleria.es\/wp-content\/uploads\/2013\/06\/xfemenino.jpg 598w, http:\/\/www.portaldelolleria.es\/wp-content\/uploads\/2013\/06\/xfemenino-300x199.jpg 300w\" sizes=\"(max-width: 598px) 100vw, 598px\" \/><\/a><\/p>\n<p>&nbsp;<\/p>\n<p class=\"MsoNormal\" style=\"text-align: justify;\"><span style=\"font-size: 12.0pt; line-height: 115%; mso-bidi-font-family: Calibri; mso-ansi-language: ES; mso-fareast-language: ES;\">Este pasado fin de semana, continuaron en L\u2019 Olleria<span style=\"mso-spacerun: yes;\">\u00a0 <\/span>los Torneos de final de temporada, el viernes por la tarde-noche fue el turno del equipo Femenino .<\/span><strong style=\"mso-bidi-font-weight: normal;\"><\/strong><\/p>\n<p class=\"MsoNormal\" style=\"text-align: justify; tab-stops: 35.4pt 70.8pt 106.2pt 141.6pt 177.0pt 212.4pt 247.8pt 283.2pt 318.6pt 354.0pt 389.4pt 424.8pt 460.2pt 495.6pt; mso-layout-grid-align: none; text-autospace: none;\"><span style=\"font-size: 12.0pt; line-height: 115%; mso-bidi-font-family: Calibri; mso-ansi-language: ES; mso-fareast-language: ES;\">Con un cuadrangular de \u00abF\u00fatbol 7\u00bb ganaron el primer partido\u00a0 al Benig\u00e0nim por 4-2 con un encuentro muy equilibrado y que finalmente se decant\u00f3 por el equipo local. En la final, empataron 0 &#8211; 0 contra el Ontinyent y en la<span style=\"mso-spacerun: yes;\">\u00a0 <\/span>tanda de penaltis cayeron dignamente, proclam\u00e1ndose subcampeonas y realizando dos buenos partidos con mucha intensidad y <\/span><span style=\"font-size: 12.0pt; mso-bidi-font-size: 11.0pt; line-height: 115%; mso-bidi-font-family: Calibri; mso-ansi-language: ES; mso-fareast-language: ES;\">emoci\u00f3n en el marcador. <\/span><\/p>\n<p class=\"MsoNormal\" style=\"text-align: justify; tab-stops: 35.4pt 70.8pt 106.2pt 141.6pt 177.0pt 212.4pt 247.8pt 283.2pt 318.6pt 354.0pt 389.4pt 424.8pt 460.2pt 495.6pt; mso-layout-grid-align: none; text-autospace: none;\"><span style=\"font-size: 12.0pt; mso-bidi-font-size: 11.0pt; line-height: 115%; mso-bidi-font-family: Calibri; mso-ansi-language: ES; mso-fareast-language: ES;\">El \u00faltimo equipo clasificado fue el de L&#8217;Alc\u00fadia de Carlet que perdi\u00f3 sus respectivos partidos.<\/span><\/p>\n<p class=\"MsoNormal\" style=\"text-align: justify; tab-stops: 35.4pt 70.8pt 106.2pt 141.6pt 177.0pt 212.4pt 247.8pt 283.2pt 318.6pt 354.0pt 389.4pt 424.8pt 460.2pt 495.6pt; mso-layout-grid-align: none; text-autospace: none;\"><span style=\"font-size: 12.0pt; line-height: 115%; mso-bidi-font-family: Calibri; mso-ansi-language: ES; mso-fareast-language: ES;\">El Concejal de Deportes Vicente Oviedo estuvo en la entrega de trofeos y destac\u00f3 el m\u00e9rito y el esfuerzo de la Escuela de f\u00fatbol base, as\u00ed como el trabajo del Ayuntamiento de L\u2019Olleria para promocionar y consolidar el f\u00fatbol femenino en la localidad y en la Comarca del Vall d\u2019Albaida.<\/span><\/p>\n<p class=\"MsoNormal\" style=\"text-align: justify; tab-stops: 35.4pt 70.8pt 106.2pt 141.6pt 177.0pt 212.4pt 247.8pt 283.2pt 318.6pt 354.0pt 389.4pt 424.8pt 460.2pt 495.6pt; mso-layout-grid-align: none; text-autospace: none;\"><span style=\"font-size: 12.0pt; line-height: 115%; mso-bidi-font-family: Calibri; mso-ansi-language: ES; mso-fareast-language: ES;\">El s\u00e1bado por la ma\u00f1ana, con dos triangulares tambi\u00e9n de \u00abF\u00fatbol 7\u00bb, los Cadetes e Infantiles \u00a0obtuvieron la segunda posici\u00f3n, pudi\u00e9ndose ver partidos de gran incertidumbre en el marcador. El equipo campe\u00f3n de los Cadetes fue la Febo de Ontinyent y en categor\u00eda Infantil La S\u00e8nia de Alc\u00fadia de Crespins.<\/span><\/p>\n<p class=\"MsoNormal\" style=\"text-align: justify; tab-stops: 35.4pt 70.8pt 106.2pt 141.6pt 177.0pt 212.4pt 247.8pt 283.2pt 318.6pt 354.0pt 389.4pt 424.8pt 460.2pt 495.6pt; mso-layout-grid-align: none; text-autospace: none;\"><a href=\"http:\/\/www.portaldelolleria.es\/wp-content\/uploads\/2013\/06\/xcadetes.jpg\"><img loading=\"lazy\" class=\"aligncenter size-full wp-image-3232\" title=\"xcadetes\" src=\"http:\/\/www.portaldelolleria.es\/wp-content\/uploads\/2013\/06\/xcadetes.jpg\" alt=\"\" width=\"598\" height=\"398\" srcset=\"http:\/\/www.portaldelolleria.es\/wp-content\/uploads\/2013\/06\/xcadetes.jpg 598w, http:\/\/www.portaldelolleria.es\/wp-content\/uploads\/2013\/06\/xcadetes-300x199.jpg 300w\" sizes=\"(max-width: 598px) 100vw, 598px\" \/><\/a><\/p>\n<p><a href=\"http:\/\/www.portaldelolleria.es\/wp-content\/uploads\/2013\/06\/xinfantiles.jpg\"><img loading=\"lazy\" class=\"aligncenter size-full wp-image-3231\" title=\"xinfantiles\" src=\"http:\/\/www.portaldelolleria.es\/wp-content\/uploads\/2013\/06\/xinfantiles.jpg\" alt=\"\" width=\"598\" height=\"398\" srcset=\"http:\/\/www.portaldelolleria.es\/wp-content\/uploads\/2013\/06\/xinfantiles.jpg 598w, http:\/\/www.portaldelolleria.es\/wp-content\/uploads\/2013\/06\/xinfantiles-300x199.jpg 300w\" sizes=\"(max-width: 598px) 100vw, 598px\" \/><\/a><\/p>\n","protected":false},"excerpt":{"rendered":"<p>&nbsp; Este pasado fin de semana, continuaron en L\u2019 Olleria\u00a0 los Torneos de final de temporada, el viernes por la tarde-noche fue el turno del equipo Femenino . Con un cuadrangular de \u00abF\u00fatbol 7\u00bb ganaron el primer partido\u00a0 al Benig\u00e0nim por 4-2 con un encuentro muy equilibrado y que finalmente se decant\u00f3 por el equipo [&hellip;]<\/p>\n","protected":false},"author":1,"featured_media":0,"comment_status":"closed","ping_status":"open","sticky":false,"template":"","format":"standard","meta":{"_monsterinsights_skip_tracking":false,"_monsterinsights_sitenote_active":false,"_monsterinsights_sitenote_note":"","_monsterinsights_sitenote_category":0},"categories":[9,12],"tags":[353,370,740,44],"_links":{"self":[{"href":"http:\/\/www.portaldelolleria.es\/index.php?rest_route=\/wp\/v2\/posts\/3229"}],"collection":[{"href":"http:\/\/www.portaldelolleria.es\/index.php?rest_route=\/wp\/v2\/posts"}],"about":[{"href":"http:\/\/www.portaldelolleria.es\/index.php?rest_route=\/wp\/v2\/types\/post"}],"author":[{"embeddable":true,"href":"http:\/\/www.portaldelolleria.es\/index.php?rest_route=\/wp\/v2\/users\/1"}],"replies":[{"embeddable":true,"href":"http:\/\/www.portaldelolleria.es\/index.php?rest_route=%2Fwp%2Fv2%2Fcomments&post=3229"}],"version-history":[{"count":3,"href":"http:\/\/www.portaldelolleria.es\/index.php?rest_route=\/wp\/v2\/posts\/3229\/revisions"}],"predecessor-version":[{"id":3234,"href":"http:\/\/www.portaldelolleria.es\/index.php?rest_route=\/wp\/v2\/posts\/3229\/revisions\/3234"}],"wp:attachment":[{"href":"http:\/\/www.portaldelolleria.es\/index.php?rest_route=%2Fwp%2Fv2%2Fmedia&parent=3229"}],"wp:term":[{"taxonomy":"category","embeddable":true,"href":"http:\/\/www.portaldelolleria.es\/index.php?rest_route=%2Fwp%2Fv2%2Fcategories&post=3229"},{"taxonomy":"post_tag","embeddable":true,"href":"http:\/\/www.portaldelolleria.es\/index.php?rest_route=%2Fwp%2Fv2%2Ftags&post=3229"}],"curies":[{"name":"wp","href":"https:\/\/api.w.org\/{rel}","templated":true}]}}