{"id":3254,"date":"2013-06-17T09:12:07","date_gmt":"2013-06-17T08:12:07","guid":{"rendered":"http:\/\/www.portaldelolleria.es\/?p=3254"},"modified":"2013-06-17T10:12:22","modified_gmt":"2013-06-17T09:12:22","slug":"el-ayuntamiento-de-l%e2%80%99olleria-organiza-sesiones-de-orientacion-laboral","status":"publish","type":"post","link":"http:\/\/www.portaldelolleria.es\/?p=3254","title":{"rendered":"El Ayuntamiento de L\u2019Olleria organiza sesiones de orientaci\u00f3n laboral"},"content":{"rendered":"<p><a href=\"http:\/\/www.portaldelolleria.es\/wp-content\/uploads\/2013\/06\/orientacionlaboral.jpg\"><img loading=\"lazy\" class=\"aligncenter size-full wp-image-3255\" title=\"orientacionlaboral\" src=\"http:\/\/www.portaldelolleria.es\/wp-content\/uploads\/2013\/06\/orientacionlaboral.jpg\" alt=\"\" width=\"598\" height=\"398\" srcset=\"http:\/\/www.portaldelolleria.es\/wp-content\/uploads\/2013\/06\/orientacionlaboral.jpg 598w, http:\/\/www.portaldelolleria.es\/wp-content\/uploads\/2013\/06\/orientacionlaboral-300x199.jpg 300w\" sizes=\"(max-width: 598px) 100vw, 598px\" \/><\/a><\/p>\n<p>&nbsp;<\/p>\n<p>&nbsp;<\/p>\n<p class=\"MsoNormal\" style=\"text-align: justify;\"><span style=\"font-size: 12.0pt; line-height: 115%; mso-ansi-language: ES;\">El Ayuntamiento de L\u2019Olleria a trav\u00e9s de la concejal\u00eda de Promoci\u00f3n Econ\u00f3mica ha organizado unas sesiones de orientaci\u00f3n laboral impartidas por t\u00e9cnicos de orientaci\u00f3n laboral del Servef de X\u00e0tiva, dirigidas a personas que se encuentran desempleadas.<\/span><\/p>\n<p class=\"MsoNormal\" style=\"text-align: justify;\"><span style=\"font-size: 12.0pt; line-height: 115%; mso-ansi-language: ES;\">El objetivo es, <span style=\"mso-spacerun: yes;\">\u00a0<\/span>tal y como ha subrayado el concejal del \u00e1rea, Jes\u00fas Engo \u201cproporcionarles informaci\u00f3n y conocimientos que les ayuden a buscar, encontrar y conseguir un empleo, ya que entre otras cuestiones se trata la elaboraci\u00f3n del curr\u00edculum, las t\u00e9cnicas de b\u00fasqueda de empleo o c\u00f3mo afrontar una entrevista de trabajo\u201d.<\/span><\/p>\n<p class=\"MsoNormal\" style=\"text-align: justify;\"><span style=\"font-size: 12.0pt; line-height: 115%; mso-ansi-language: ES;\">Engo ha explicado igualmente que \u201cdebido a la gran demanda que hemos tenido se han organizado dos grupos, el primero de 20 personas realiz\u00f3 la sesi\u00f3n de orientaci\u00f3n laboral la semana pasada y el pr\u00f3ximo grupo de 22 personas lo har\u00e1n<span style=\"mso-spacerun: yes;\">\u00a0 <\/span>el pr\u00f3ximo 10 de julio\u201d.<\/span><\/p>\n<p class=\"MsoNormal\" style=\"text-align: justify;\"><span style=\"font-size: 12.0pt; line-height: 115%; mso-ansi-language: ES;\">Por \u00faltimo, el concejal de Promoci\u00f3n Econ\u00f3mica ha avanzado que \u201cya estamos trabajando para acoger m\u00e1s sesiones a partir de Septiembre\u201d. <\/span><\/p>\n","protected":false},"excerpt":{"rendered":"<p>&nbsp; &nbsp; El Ayuntamiento de L\u2019Olleria a trav\u00e9s de la concejal\u00eda de Promoci\u00f3n Econ\u00f3mica ha organizado unas sesiones de orientaci\u00f3n laboral impartidas por t\u00e9cnicos de orientaci\u00f3n laboral del Servef de X\u00e0tiva, dirigidas a personas que se encuentran desempleadas. El objetivo es, \u00a0tal y como ha subrayado el concejal del \u00e1rea, Jes\u00fas Engo \u201cproporcionarles informaci\u00f3n y [&hellip;]<\/p>\n","protected":false},"author":1,"featured_media":0,"comment_status":"closed","ping_status":"open","sticky":false,"template":"","format":"standard","meta":{"_monsterinsights_skip_tracking":false,"_monsterinsights_sitenote_active":false,"_monsterinsights_sitenote_note":"","_monsterinsights_sitenote_category":0},"categories":[11,12],"tags":[20,742,741,743],"_links":{"self":[{"href":"http:\/\/www.portaldelolleria.es\/index.php?rest_route=\/wp\/v2\/posts\/3254"}],"collection":[{"href":"http:\/\/www.portaldelolleria.es\/index.php?rest_route=\/wp\/v2\/posts"}],"about":[{"href":"http:\/\/www.portaldelolleria.es\/index.php?rest_route=\/wp\/v2\/types\/post"}],"author":[{"embeddable":true,"href":"http:\/\/www.portaldelolleria.es\/index.php?rest_route=\/wp\/v2\/users\/1"}],"replies":[{"embeddable":true,"href":"http:\/\/www.portaldelolleria.es\/index.php?rest_route=%2Fwp%2Fv2%2Fcomments&post=3254"}],"version-history":[{"count":2,"href":"http:\/\/www.portaldelolleria.es\/index.php?rest_route=\/wp\/v2\/posts\/3254\/revisions"}],"predecessor-version":[{"id":3257,"href":"http:\/\/www.portaldelolleria.es\/index.php?rest_route=\/wp\/v2\/posts\/3254\/revisions\/3257"}],"wp:attachment":[{"href":"http:\/\/www.portaldelolleria.es\/index.php?rest_route=%2Fwp%2Fv2%2Fmedia&parent=3254"}],"wp:term":[{"taxonomy":"category","embeddable":true,"href":"http:\/\/www.portaldelolleria.es\/index.php?rest_route=%2Fwp%2Fv2%2Fcategories&post=3254"},{"taxonomy":"post_tag","embeddable":true,"href":"http:\/\/www.portaldelolleria.es\/index.php?rest_route=%2Fwp%2Fv2%2Ftags&post=3254"}],"curies":[{"name":"wp","href":"https:\/\/api.w.org\/{rel}","templated":true}]}}