{"id":3265,"date":"2013-06-20T11:00:19","date_gmt":"2013-06-20T10:00:19","guid":{"rendered":"http:\/\/www.portaldelolleria.es\/?p=3265"},"modified":"2013-06-20T10:54:48","modified_gmt":"2013-06-20T09:54:48","slug":"concierto-de-verano-um-la-pobla-del-duc","status":"publish","type":"post","link":"http:\/\/www.portaldelolleria.es\/?p=3265","title":{"rendered":"Concierto de verano: UM La Pobla del Duc"},"content":{"rendered":"<p><a href=\"http:\/\/www.portaldelolleria.es\/wp-content\/uploads\/2013\/06\/umpobla.jpg\"><img loading=\"lazy\" class=\"aligncenter size-full wp-image-3266\" title=\"umpobla\" src=\"http:\/\/www.portaldelolleria.es\/wp-content\/uploads\/2013\/06\/umpobla.jpg\" alt=\"\" width=\"598\" height=\"398\" srcset=\"http:\/\/www.portaldelolleria.es\/wp-content\/uploads\/2013\/06\/umpobla.jpg 598w, http:\/\/www.portaldelolleria.es\/wp-content\/uploads\/2013\/06\/umpobla-300x199.jpg 300w\" sizes=\"(max-width: 598px) 100vw, 598px\" \/><\/a><\/p>\n<p>&nbsp;<\/p>\n<p><span id=\"result_box\" lang=\"es\"><span class=\"hps\">Domingo<\/span> <span class=\"hps\">23<\/span> <span class=\"hps\">de Junio<\/span><span>\u200b\u200b, 18:00<\/span> <span class=\"hps\">h<\/span> <span class=\"hps\">Auditori<\/span> <span class=\"hps\">de La<\/span> <span class=\"hps\">Pobla del<\/span> <span class=\"hps\">Duc<\/span><\/span><\/p>\n<p><span class=\"hps\">PROGRAMA<\/span><br \/>\n<span class=\"hps\">1<\/span> <span class=\"hps\">\u00aa<\/span> <span class=\"hps\">parte<\/span><span>:<\/span><br \/>\n<span class=\"hps atn\">HA-<\/span><span class=\"atn\">BEN-<\/span><span>SAHINES<\/span> <span class=\"hps atn\">(<\/span><span>Marxa<\/span> <span class=\"hps\">Mora)<\/span> <span class=\"hps\">Carlos<\/span> <span class=\"hps\">Pellicer<\/span><br \/>\n<span class=\"hps\">Marxa<\/span> <span class=\"hps\">mora<\/span> <span class=\"hps\">Dedicada a<\/span> <span class=\"hps\">la<\/span> <span class=\"hps\">fil\u00e0<\/span> <span class=\"hps atn\">Ha-<\/span><span>ben<\/span><span class=\"atn\">&#8211;<\/span><span>sahines<\/span> <span class=\"hps\">de Pego<\/span> <span class=\"hps\">en<\/span> <span class=\"hps\">Motiu<\/span> <span class=\"hps\">de la<\/span> <span class=\"hps\">seua<\/span> <span class=\"hps\">Capitania<\/span> <span class=\"hps\">2013<\/span><span>.<\/span><\/p>\n<p><span class=\"hps\">A<\/span> <span class=\"hps\">TI<\/span> <span class=\"hps atn\">(<\/span><span>Mazurka<\/span><span>)<\/span> <span class=\"hps\">P\u00e9rez<\/span> <span class=\"hps\">Chov\u00ed<\/span><br \/>\n<span class=\"hps\">Solista<\/span><span>:<\/span> <span class=\"hps\">Elies<\/span> <span class=\"hps\">Lorente<\/span> <span class=\"hps\">Bravo<\/span> <span class=\"hps\">(clarinete<\/span><span>)<\/span><\/p>\n<p><span class=\"hps\">CONCIERTO PARA<\/span> <span class=\"hps\">CLARINETE<\/span> <span class=\"hps\">Artie<\/span> <span class=\"hps\">Shaw<\/span><br \/>\n<span class=\"hps\">Solista<\/span><span>:<\/span> <span class=\"hps\">Salva<\/span> <span class=\"hps\">Mompo<\/span> <span class=\"hps\">(clarinete<\/span><span>)<\/span><\/p>\n<p><span class=\"hps\">C. D.<\/span> <span class=\"hps\">R.<\/span> <span class=\"hps\">Rodrigo<\/span><br \/>\n<span class=\"hps\">Solista<\/span><span>:<\/span> <span class=\"hps\">Hern\u00e1n<\/span> <span class=\"hps\">Sanjaime<\/span> <span class=\"hps atn\">(<\/span><span>saxo<\/span> <span class=\"hps\">soprano)<\/span><\/p>\n<p><span class=\"hps\">2<\/span> <span class=\"hps\">\u00aa<\/span> <span class=\"hps\">parte<\/span><span>:<\/span><br \/>\n<span class=\"hps\">UTOPIA<\/span> <span class=\"hps\">Jacob<\/span> <span class=\"hps\">de Haan<\/span><\/p>\n<p><span class=\"hps atn\">ESTHER (<\/span><span>Pasdoble<\/span><span>) J.<\/span> <span class=\"hps\">Antonio<\/span> <span class=\"hps\">Vila<\/span><\/p>\n<p><span class=\"hps\">SENDES<\/span> <span class=\"hps\">Jos\u00e9<\/span> <span class=\"hps\">Alberto<\/span> <span class=\"hps\">Pina<\/span><\/p>\n","protected":false},"excerpt":{"rendered":"<p>&nbsp; Domingo 23 de Junio\u200b\u200b, 18:00 h Auditori de La Pobla del Duc PROGRAMA 1 \u00aa parte: HA-BEN-SAHINES (Marxa Mora) Carlos Pellicer Marxa mora Dedicada a la fil\u00e0 Ha-ben&#8211;sahines de Pego en Motiu de la seua Capitania 2013. A TI (Mazurka) P\u00e9rez Chov\u00ed Solista: Elies Lorente Bravo (clarinete) CONCIERTO PARA CLARINETE Artie Shaw Solista: Salva [&hellip;]<\/p>\n","protected":false},"author":1,"featured_media":0,"comment_status":"closed","ping_status":"open","sticky":false,"template":"","format":"standard","meta":{"_monsterinsights_skip_tracking":false,"_monsterinsights_sitenote_active":false,"_monsterinsights_sitenote_note":"","_monsterinsights_sitenote_category":0},"categories":[15],"tags":[169,751,127],"_links":{"self":[{"href":"http:\/\/www.portaldelolleria.es\/index.php?rest_route=\/wp\/v2\/posts\/3265"}],"collection":[{"href":"http:\/\/www.portaldelolleria.es\/index.php?rest_route=\/wp\/v2\/posts"}],"about":[{"href":"http:\/\/www.portaldelolleria.es\/index.php?rest_route=\/wp\/v2\/types\/post"}],"author":[{"embeddable":true,"href":"http:\/\/www.portaldelolleria.es\/index.php?rest_route=\/wp\/v2\/users\/1"}],"replies":[{"embeddable":true,"href":"http:\/\/www.portaldelolleria.es\/index.php?rest_route=%2Fwp%2Fv2%2Fcomments&post=3265"}],"version-history":[{"count":1,"href":"http:\/\/www.portaldelolleria.es\/index.php?rest_route=\/wp\/v2\/posts\/3265\/revisions"}],"predecessor-version":[{"id":3267,"href":"http:\/\/www.portaldelolleria.es\/index.php?rest_route=\/wp\/v2\/posts\/3265\/revisions\/3267"}],"wp:attachment":[{"href":"http:\/\/www.portaldelolleria.es\/index.php?rest_route=%2Fwp%2Fv2%2Fmedia&parent=3265"}],"wp:term":[{"taxonomy":"category","embeddable":true,"href":"http:\/\/www.portaldelolleria.es\/index.php?rest_route=%2Fwp%2Fv2%2Fcategories&post=3265"},{"taxonomy":"post_tag","embeddable":true,"href":"http:\/\/www.portaldelolleria.es\/index.php?rest_route=%2Fwp%2Fv2%2Ftags&post=3265"}],"curies":[{"name":"wp","href":"https:\/\/api.w.org\/{rel}","templated":true}]}}