{"id":3307,"date":"2013-06-25T09:27:46","date_gmt":"2013-06-25T08:27:46","guid":{"rendered":"http:\/\/www.portaldelolleria.es\/?p=3307"},"modified":"2013-06-25T09:27:46","modified_gmt":"2013-06-25T08:27:46","slug":"64-ninos-participan-en-el-campus-del-vcf-de-l%e2%80%99olleria","status":"publish","type":"post","link":"http:\/\/www.portaldelolleria.es\/?p=3307","title":{"rendered":"64 ni\u00f1os participan en el campus del VCF de L\u2019Olleria"},"content":{"rendered":"<p><a href=\"http:\/\/www.portaldelolleria.es\/wp-content\/uploads\/2013\/06\/campusvc.jpg\"><img loading=\"lazy\" class=\"aligncenter size-full wp-image-3308\" title=\"campusvc\" src=\"http:\/\/www.portaldelolleria.es\/wp-content\/uploads\/2013\/06\/campusvc.jpg\" alt=\"\" width=\"598\" height=\"398\" srcset=\"http:\/\/www.portaldelolleria.es\/wp-content\/uploads\/2013\/06\/campusvc.jpg 598w, http:\/\/www.portaldelolleria.es\/wp-content\/uploads\/2013\/06\/campusvc-300x199.jpg 300w\" sizes=\"(max-width: 598px) 100vw, 598px\" \/><\/a><\/p>\n<p>&nbsp;<\/p>\n<p>&nbsp;<\/p>\n<p class=\"MsoNormal\" style=\"text-align: justify;\"><span style=\"font-size: 12.0pt; line-height: 115%;\" lang=\"ES-TRAD\">Esta ma\u00f1ana se iniciaba el campus del Valencia Club de Futbol en L\u2019Olleria que este a\u00f1o tal y como ha explicado el concejal de Deportes, Vicente Oviedo, durante la bienvenida \u201ccuenta con 64 ni\u00f1os provenientes de L\u2019Olleria y de diferentes municipios de la Comarca de la Vall d\u2019Albaida, como Montaverner, Alfarras\u00ed, B\u00e8lgida, Quatretonda y<span style=\"mso-spacerun: yes;\">\u00a0 <\/span>Ontinyent y poblaciones de comarcas vecinas como Cocentaina\u201d. <\/span><\/p>\n<p class=\"MsoNormal\" style=\"text-align: justify;\"><span style=\"font-size: 12.0pt; line-height: 115%;\" lang=\"ES-TRAD\">Oviedo, agradec\u00eda la confianza de los padres \u201cpor apostar de nuevo por este campus que acoge L\u2019Olleria por segundo a\u00f1o consecutivo y que estoy seguro ser\u00e1 inolvidable para padres e hijos, especialmente para estos \u00faltimos que podr\u00e1n vivir una semana llena de actividades y de sorpresas como la visita al Mestalla organizada para el mi\u00e9rcoles.\u201d <\/span><\/p>\n<p><span style=\"font-size: 12.0pt; line-height: 115%;\" lang=\"ES-TRAD\">En la<span style=\"mso-spacerun: yes;\">\u00a0 <\/span>bienvenida, que ha tenido lugar en el pabell\u00f3n La Solana de L\u2019Olleria, el coordinador del campus, Carlos Mart\u00ednez informaba a los padres de las actividades programadas, horarios que ser\u00e1n \u201cde 9 de la ma\u00f1ana a 8 de la tarde<em style=\"mso-bidi-font-style: normal;\"> <\/em><em><span style=\"font-family: 'Calibri','sans-serif'; mso-bidi-font-family: 'Times New Roman'; font-style: normal; mso-bidi-font-style: italic;\">por lo que s\u00f3lo tendr\u00e9is que traerlos y luego recogerlos puesto que todas las comidas est\u00e1n incluidas, adem\u00e1s, nosotros les proporcionamos la vestimenta y el d\u00eda de la clausura ser\u00e1 cuando se les entregar\u00e1 la equipaci\u00f3n oficial\u201d.<\/span><\/em><\/span><\/p>\n<p class=\"MsoNormal\" style=\"text-align: justify;\"><span style=\"font-size: 12.0pt; line-height: 115%;\" lang=\"ES-TRAD\">Por su parte, el concejal de Deportes subrayaba las novedades de este a\u00f1o \u201clos participantes del a\u00f1o pasado han tenido un descuento del 10% para el<span style=\"mso-spacerun: yes;\">\u00a0 <\/span>campus y el catering est\u00e1 a cargo de una empresa local, ayudando de esta manera a la econom\u00eda del municipio y ganando en calidad ya que los participantes podr\u00e1n disfrutar de platos m\u00e1s caseros y reci\u00e9n cocinados\u201d. <\/span><\/p>\n","protected":false},"excerpt":{"rendered":"<p>&nbsp; &nbsp; Esta ma\u00f1ana se iniciaba el campus del Valencia Club de Futbol en L\u2019Olleria que este a\u00f1o tal y como ha explicado el concejal de Deportes, Vicente Oviedo, durante la bienvenida \u201ccuenta con 64 ni\u00f1os provenientes de L\u2019Olleria y de diferentes municipios de la Comarca de la Vall d\u2019Albaida, como Montaverner, Alfarras\u00ed, B\u00e8lgida, Quatretonda [&hellip;]<\/p>\n","protected":false},"author":1,"featured_media":0,"comment_status":"closed","ping_status":"open","sticky":false,"template":"","format":"standard","meta":{"_monsterinsights_skip_tracking":false,"_monsterinsights_sitenote_active":false,"_monsterinsights_sitenote_note":"","_monsterinsights_sitenote_category":0},"categories":[9,12],"tags":[32,31,20,142],"_links":{"self":[{"href":"http:\/\/www.portaldelolleria.es\/index.php?rest_route=\/wp\/v2\/posts\/3307"}],"collection":[{"href":"http:\/\/www.portaldelolleria.es\/index.php?rest_route=\/wp\/v2\/posts"}],"about":[{"href":"http:\/\/www.portaldelolleria.es\/index.php?rest_route=\/wp\/v2\/types\/post"}],"author":[{"embeddable":true,"href":"http:\/\/www.portaldelolleria.es\/index.php?rest_route=\/wp\/v2\/users\/1"}],"replies":[{"embeddable":true,"href":"http:\/\/www.portaldelolleria.es\/index.php?rest_route=%2Fwp%2Fv2%2Fcomments&post=3307"}],"version-history":[{"count":1,"href":"http:\/\/www.portaldelolleria.es\/index.php?rest_route=\/wp\/v2\/posts\/3307\/revisions"}],"predecessor-version":[{"id":3309,"href":"http:\/\/www.portaldelolleria.es\/index.php?rest_route=\/wp\/v2\/posts\/3307\/revisions\/3309"}],"wp:attachment":[{"href":"http:\/\/www.portaldelolleria.es\/index.php?rest_route=%2Fwp%2Fv2%2Fmedia&parent=3307"}],"wp:term":[{"taxonomy":"category","embeddable":true,"href":"http:\/\/www.portaldelolleria.es\/index.php?rest_route=%2Fwp%2Fv2%2Fcategories&post=3307"},{"taxonomy":"post_tag","embeddable":true,"href":"http:\/\/www.portaldelolleria.es\/index.php?rest_route=%2Fwp%2Fv2%2Ftags&post=3307"}],"curies":[{"name":"wp","href":"https:\/\/api.w.org\/{rel}","templated":true}]}}