{"id":3313,"date":"2013-06-25T11:15:11","date_gmt":"2013-06-25T10:15:11","guid":{"rendered":"http:\/\/www.portaldelolleria.es\/?p=3313"},"modified":"2013-06-25T11:29:25","modified_gmt":"2013-06-25T10:29:25","slug":"especial-recordando-a-liberto-benet","status":"publish","type":"post","link":"http:\/\/www.portaldelolleria.es\/?p=3313","title":{"rendered":"Especial \u00abRecordando a Liberto Benet\u00bb"},"content":{"rendered":"<p>&nbsp;<\/p>\n<p><a href=\"http:\/\/www.portaldelolleria.es\/wp-content\/uploads\/2013\/06\/liberto-Benet.jpg\"><img loading=\"lazy\" class=\"aligncenter size-full wp-image-3316\" title=\"liberto Benet\" src=\"http:\/\/www.portaldelolleria.es\/wp-content\/uploads\/2013\/06\/liberto-Benet.jpg\" alt=\"\" width=\"598\" height=\"398\" srcset=\"http:\/\/www.portaldelolleria.es\/wp-content\/uploads\/2013\/06\/liberto-Benet.jpg 598w, http:\/\/www.portaldelolleria.es\/wp-content\/uploads\/2013\/06\/liberto-Benet-300x199.jpg 300w\" sizes=\"(max-width: 598px) 100vw, 598px\" \/><\/a><\/p>\n<p>Con motivo del XXV aniversario del fallecimiento de\u00a0 Liberto Benet,\u00a0 Director de la SEM Sta. Cecilia de L&#8217;Olleria,\u00a0 y hasta la celebraci\u00f3n del \u00abXXI Festival Liberto Benet\u00bb, se ir\u00e1n reproduciendo en este portal una serie de art\u00edculos y entrevistas\u00a0 obra y cortes\u00eda de Pepe Aparici.\u00a0\u00a0 En esta primera entrega,\u00a0\u00a0 la Biograf\u00eda detallada de este memorable Director.<\/p>\n<p>&nbsp;<\/p>\n<p><a href=\"http:\/\/www.portaldelolleria.es\/wp-content\/uploads\/2013\/06\/Fotos-Liberto.jpg\"><img loading=\"lazy\" class=\"aligncenter size-full wp-image-3315\" title=\"Fotos Liberto\" src=\"http:\/\/www.portaldelolleria.es\/wp-content\/uploads\/2013\/06\/Fotos-Liberto.jpg\" alt=\"\" width=\"598\" height=\"843\" srcset=\"http:\/\/www.portaldelolleria.es\/wp-content\/uploads\/2013\/06\/Fotos-Liberto.jpg 598w, http:\/\/www.portaldelolleria.es\/wp-content\/uploads\/2013\/06\/Fotos-Liberto-212x300.jpg 212w\" sizes=\"(max-width: 598px) 100vw, 598px\" \/><\/a><\/p>\n<p>&nbsp;<\/p>\n<p class=\"MsoNormal\" style=\"text-align: center;\" align=\"center\"><span style=\"font-size: 9.0pt; font-family: 'Arial Black','sans-serif';\">2013<\/span><span style=\"font-size: 10.0pt; font-family: 'Arial Black','sans-serif';\">-RECORDANDO A LIBERTO BENET EN EL XXV ANIVERSARIO DE SU MUERTE<\/span><\/p>\n<p class=\"MsoNormal\" style=\"text-align: center;\" align=\"center\"><span style=\"font-size: 9.0pt; font-family: 'Comic Sans MS';\">\u201cEn el camino del cementerio le esperaba su banda de M\u00fasica para acompa\u00f1arle hasta la sepultura\u201d<\/span><\/p>\n<p class=\"MsoNormal\" style=\"text-align: center;\" align=\"center\"><span style=\"font-size: 10.0pt; font-family: 'Comic Sans MS';\"><span style=\"mso-spacerun: yes;\">\u00a0\u00a0\u00a0\u00a0\u00a0\u00a0\u00a0\u00a0\u00a0\u00a0\u00a0\u00a0\u00a0\u00a0\u00a0\u00a0\u00a0\u00a0\u00a0\u00a0\u00a0\u00a0\u00a0\u00a0\u00a0\u00a0\u00a0\u00a0\u00a0\u00a0\u00a0\u00a0\u00a0\u00a0\u00a0\u00a0\u00a0\u00a0\u00a0\u00a0\u00a0\u00a0\u00a0\u00a0\u00a0\u00a0\u00a0\u00a0\u00a0\u00a0\u00a0\u00a0\u00a0\u00a0\u00a0\u00a0\u00a0\u00a0\u00a0\u00a0\u00a0\u00a0\u00a0\u00a0\u00a0\u00a0\u00a0\u00a0\u00a0\u00a0\u00a0\u00a0\u00a0\u00a0\u00a0\u00a0\u00a0\u00a0\u00a0\u00a0\u00a0\u00a0\u00a0\u00a0\u00a0\u00a0\u00a0\u00a0\u00a0\u00a0 <\/span><span style=\"mso-spacerun: yes;\">\u00a0\u00a0\u00a0\u00a0\u00a0\u00a0\u00a0\u00a0\u00a0\u00a0\u00a0\u00a0\u00a0\u00a0\u00a0\u00a0\u00a0\u00a0\u00a0<\/span><\/span><\/p>\n<p class=\"MsoNormal\" style=\"text-align: justify;\"><span style=\"font-size: 10.0pt; font-family: 'Comic Sans MS';\"><span style=\"mso-tab-count: 1;\">\u00a0\u00a0\u00a0\u00a0\u00a0\u00a0\u00a0\u00a0\u00a0\u00a0\u00a0 <\/span><\/span><span style=\"font-size: 10.0pt; font-family: 'Arial','sans-serif';\">Liberto Benet Mart\u00ednez naci\u00f3 en Benetuser <span style=\"mso-spacerun: yes;\">\u00a0<\/span>el <span style=\"mso-spacerun: yes;\">\u00a0\u00a0<\/span>5 de Marzo de l938. Vino<span style=\"mso-spacerun: yes;\">\u00a0\u00a0 <\/span><span style=\"mso-spacerun: yes;\">\u00a0<\/span>a vivir a L\u2019Olleria con sus padres, siendo muy peque\u00f1o.<\/span><\/p>\n<p class=\"MsoNormal\" style=\"text-align: justify;\"><span style=\"font-size: 10.0pt; font-family: 'Comic Sans MS';\"><span style=\"mso-tab-count: 1;\">\u00a0\u00a0\u00a0\u00a0\u00a0\u00a0\u00a0\u00a0\u00a0\u00a0\u00a0 <\/span><\/span><strong style=\"mso-bidi-font-weight: normal;\"><span style=\"font-size: 8.0pt; font-family: 'Arial','sans-serif';\">\u201cNo tendr\u00eda yo aun seis a\u00f1os, cuando con mi libro de Eslava bajo el brazo me present\u00e9 en el Musical, el maestro al verme me pregunt\u00f3 cuantos a\u00f1os tenia y si sab\u00eda leer. Al contestarle que no, me envi\u00f3 a casa y que volviera cuando supiera, yo me fui llorando, pues toda mi ilusi\u00f3n era aprender m\u00fasica, ya m\u00e1s tarde empec\u00e9 y conoc\u00ed<span style=\"mso-spacerun: yes;\">\u00a0 <\/span>varios maestros. D. Vicente Garrigues, D. Guzm\u00e1n C\u00e1rcer, D. Joaqu\u00edn Sell\u00e9s y por \u00faltimo D. Dionisio Pedro, con el que entr\u00e9 a formar parte de la Banda de M\u00fasica, siendo mi primer instrumento el Requinto.<\/span><\/strong><\/p>\n<p class=\"MsoNormal\" style=\"text-align: justify;\"><strong style=\"mso-bidi-font-weight: normal;\"><span style=\"font-size: 8.0pt; font-family: 'Arial','sans-serif';\"><span style=\"mso-tab-count: 1;\">\u00a0\u00a0\u00a0\u00a0\u00a0\u00a0\u00a0\u00a0\u00a0\u00a0\u00a0\u00a0\u00a0\u00a0\u00a0 <\/span>Circunstancias de trabajo de mis padres, nos tuvimos que trasladar a vivir a Alfafar. All\u00ed continu\u00e9 mis estudios y mi integraci\u00f3n en la banda, pero ya desde entonces mi ilusi\u00f3n era volver a L\u2019Olleria alg\u00fan d\u00eda y poder ser su director. Mi carrera continu\u00f3 hasta llegar a mi actual situaci\u00f3n de Profesor de la Orquesta Municipal de Valencia y actual director de nuestra querida Banda de M\u00fasica de L\u2019Olleria\u201d. <\/span><\/strong><\/p>\n<p class=\"MsoNormal\" style=\"text-align: justify;\"><em style=\"mso-bidi-font-style: normal;\"><span style=\"font-size: 10.0pt; font-family: 'Arial','sans-serif';\">(Recuerdos de mi infancia de Liberto Benet Mart\u00ednez \u2013 Libro de Fiestas 1984)<\/span><\/em><\/p>\n<p class=\"MsoNormal\" style=\"text-align: justify;\"><span style=\"font-size: 10.0pt; font-family: 'Arial','sans-serif';\"><span style=\"mso-tab-count: 2;\">\u00a0\u00a0\u00a0\u00a0\u00a0\u00a0\u00a0\u00a0\u00a0\u00a0\u00a0\u00a0\u00a0\u00a0\u00a0\u00a0\u00a0\u00a0\u00a0\u00a0\u00a0\u00a0\u00a0 <\/span><\/span><\/p>\n<p class=\"MsoNormal\" style=\"text-align: justify;\"><strong style=\"mso-bidi-font-weight: normal;\"><span style=\"font-size: 10.0pt; font-family: 'Arial','sans-serif';\">1977<\/span><\/strong><span style=\"font-size: 10.0pt; font-family: 'Arial','sans-serif';\"><span style=\"mso-tab-count: 2;\">\u00a0\u00a0\u00a0\u00a0\u00a0\u00a0\u00a0\u00a0\u00a0\u00a0\u00a0\u00a0\u00a0\u00a0\u00a0\u00a0 <\/span>El d\u00eda 13 de Marzo fue presentado como Director de la Banda Santa Cecilia de L\u2019Olleria en el Teatro-Cine Goya. Tambi\u00e9n en este concierto se estren\u00f3 nuevo instrumental de la Banda, cuyo valor ascend\u00eda a 1.500.000-\u2018pesetas.<\/span><\/p>\n<p class=\"MsoNormal\" style=\"text-align: justify;\"><span style=\"font-size: 10.0pt; font-family: 'Arial','sans-serif';\"><span style=\"mso-spacerun: yes;\">\u00a0<\/span><span style=\"mso-spacerun: yes;\">\u00a0 <\/span><span style=\"mso-tab-count: 2;\">\u00a0\u00a0\u00a0\u00a0\u00a0\u00a0\u00a0\u00a0\u00a0\u00a0\u00a0\u00a0\u00a0\u00a0\u00a0\u00a0\u00a0\u00a0\u00a0\u00a0 <\/span>Liberto dijo del entusiasmo con que acept\u00f3 la direcci\u00f3n de \u201csu Banda de M\u00fasica\u201d. El p\u00fablico aplaudi\u00f3 las diferentes interpretaciones de la Banda y su nuevo director. <\/span><\/p>\n<p class=\"MsoNormal\" style=\"text-align: justify;\"><span style=\"font-size: 10.0pt; font-family: 'Arial','sans-serif';\"><span style=\"mso-tab-count: 2;\">\u00a0\u00a0\u00a0\u00a0\u00a0\u00a0\u00a0\u00a0\u00a0\u00a0\u00a0\u00a0\u00a0\u00a0\u00a0\u00a0\u00a0\u00a0\u00a0\u00a0\u00a0\u00a0\u00a0 <\/span>La entrada de Liberto, supuso un cambio de mentalidad para la escuela de m\u00fasica y por lo tanto para la sociedad musical y el pueblo, ya que introdujo especialidades no band\u00edsticas como viol\u00edn y violoncelo, profesorado especializado para cada instrumento, introducci\u00f3n de ballet, etc. As\u00ed como invertir lo que se ganaba tocando por los pueblos en cultura musical, (compra de instrumentos ampliaci\u00f3n de las especialidades de la escuela de m\u00fasica, etc.) <span style=\"mso-spacerun: yes;\">\u00a0<\/span><\/span><\/p>\n<p class=\"MsoNormal\" style=\"text-align: justify;\"><span style=\"font-size: 10.0pt; font-family: 'Arial','sans-serif';\"><span style=\"mso-tab-count: 2;\">\u00a0\u00a0\u00a0\u00a0\u00a0\u00a0\u00a0\u00a0\u00a0\u00a0\u00a0\u00a0\u00a0\u00a0\u00a0\u00a0\u00a0\u00a0\u00a0\u00a0\u00a0\u00a0\u00a0 <\/span>Bajo la direcci\u00f3n de Liberto Benet, la banda celebr\u00f3 todos los a\u00f1os la Festividad a su Patrona. Los conciertos de Semana Santa. Festivales de Bandas de M\u00fasica, Conciertos de M\u00fasica Festera, de<span style=\"mso-spacerun: yes;\">\u00a0 <\/span>Feria y de Fin de curso. Conciertos de A\u00f1o Nuevo y Navidad.<span style=\"mso-spacerun: yes;\">\u00a0 <\/span>Retrobem la nostra m\u00fasica. Pasacalles. Semana del Jubilado. Ensayos. Impuls\u00f3 la creaci\u00f3n en L\u2019Olleria, del Conservatorio de m\u00fasica, etc. Desplaz\u00e1ndose desde Valencia en un tiempo en donde la carretera y la subida de \u201caquel puerto\u201d no apetec\u00edan para viajar. <\/span><\/p>\n<p class=\"MsoNormal\" style=\"text-align: justify;\"><span style=\"font-size: 10.0pt; font-family: 'Arial','sans-serif';\">Pero sobre todo destaquemos sus logros musicales: <\/span><\/p>\n<p class=\"MsoNormal\" style=\"text-align: justify;\"><span style=\"font-size: 10.0pt; font-family: 'Arial','sans-serif';\">\u00a0<\/span><\/p>\n<p class=\"MsoNormal\" style=\"text-align: justify;\"><strong style=\"mso-bidi-font-weight: normal;\"><span style=\"font-size: 10.0pt; font-family: 'Arial','sans-serif';\">1978<\/span><\/strong><span style=\"font-size: 10.0pt; font-family: 'Arial','sans-serif';\"><span style=\"mso-tab-count: 1;\">\u00a0\u00a0\u00a0\u00a0 <\/span>4\/06 &#8211;<span style=\"mso-tab-count: 1;\">\u00a0\u00a0\u00a0 <\/span>Tras su clasificaci\u00f3n en Almusafes, la Banda de M\u00fasica pasa a la fase final en Manises con la obra obligada: \u201cLa Alegr\u00eda de la Huerta\u201d y \u201cWest Side Story\u201d de libre elecci\u00f3n.<\/span><\/p>\n<p class=\"MsoNormal\" style=\"text-align: justify; text-indent: 35.4pt;\"><span style=\"font-size: 10.0pt; font-family: 'Arial','sans-serif';\">9\/07 &#8211; Caluroso recibimiento a la Banda de M\u00fasica. Tras conquistar el primer premio en Manises.<\/span><\/p>\n<p class=\"MsoNormal\" style=\"text-align: justify; text-indent: 35.4pt;\"><span style=\"font-size: 10.0pt; font-family: 'Arial','sans-serif';\">30\/07 \u2013 Fallece D. Dionisio Pedro Estarelles. Su entierro fue una verdadera manifestaci\u00f3n de duelo. Le acompa\u00f1\u00f3 su Banda de M\u00fasica de la que fue director durante 30 a\u00f1os. <\/span><\/p>\n<p class=\"MsoNormal\" style=\"text-align: justify;\"><span style=\"font-size: 10.0pt; font-family: 'Arial','sans-serif';\"><span style=\"mso-spacerun: yes;\">\u00a0\u00a0\u00a0\u00a0\u00a0 <\/span><span style=\"mso-tab-count: 1;\">\u00a0\u00a0\u00a0\u00a0\u00a0 <\/span>9\/12 &#8211; Fiesta a Santa Cecilia. 20 educandos ingresan en la Banda entre ellos por primera vez 13 mujeres.<\/span><\/p>\n<p class=\"MsoNormal\" style=\"text-align: justify;\"><span style=\"font-size: 10.0pt; font-family: 'Arial','sans-serif';\">\u00a0<\/span><\/p>\n<p class=\"MsoNormal\" style=\"text-align: justify;\"><strong style=\"mso-bidi-font-weight: normal;\"><span style=\"font-size: 10.0pt; font-family: 'Arial','sans-serif';\">1979<\/span><\/strong><span style=\"font-size: 10.0pt; font-family: 'Arial','sans-serif';\"><span style=\"mso-tab-count: 1;\">\u00a0\u00a0\u00a0\u00a0 <\/span>14\/01 &#8211;<span style=\"mso-tab-count: 1;\">\u00a0 <\/span>La Banda particip\u00f3 en el Festival de Bandas de M\u00fasica en Canals.<span style=\"mso-tab-count: 1;\">\u00a0\u00a0\u00a0\u00a0\u00a0\u00a0\u00a0 <\/span><\/span><\/p>\n<p class=\"MsoNormal\" style=\"text-align: justify; text-indent: 35.4pt;\"><span style=\"font-size: 10.0pt; font-family: 'Arial','sans-serif';\">27\/01 &#8211;<span style=\"mso-tab-count: 1;\">\u00a0 <\/span>La Banda se prepara para el Certamen de B\u00e9tera.<\/span><\/p>\n<p class=\"MsoNormal\" style=\"text-align: justify;\"><span style=\"font-size: 10.0pt; font-family: 'Arial','sans-serif';\"><span style=\"mso-tab-count: 1;\">\u00a0\u00a0\u00a0\u00a0\u00a0\u00a0\u00a0\u00a0\u00a0\u00a0\u00a0 <\/span>28\/01 &#8211;<span style=\"mso-tab-count: 1;\">\u00a0 <\/span>La Banda de m\u00fasica de L\u2019Olleria, conquista en segundo premio en B\u00e9tera con la obra \u201cD\u00eda de Pascua en Catarroja\u201d y \u201cSal\u00f3n M\u00e9xico\u201d de libre elecci\u00f3n.<\/span><\/p>\n<p class=\"MsoNormal\" style=\"text-align: justify;\"><span style=\"font-size: 10.0pt; font-family: 'Arial','sans-serif';\"><span style=\"mso-tab-count: 1;\">\u00a0\u00a0\u00a0\u00a0\u00a0\u00a0\u00a0\u00a0\u00a0\u00a0\u00a0 <\/span><\/span><span style=\"font-size: 10.0pt; font-family: 'Arial','sans-serif'; mso-ansi-language: PT;\" lang=\"PT\">07\/07 &#8211;<span style=\"mso-tab-count: 1;\">\u00a0 <\/span>Festival de Bandas de M\u00fasica en L\u2019Olleria.<\/span><\/p>\n<p class=\"MsoNormal\" style=\"text-align: justify;\"><span style=\"font-size: 10.0pt; font-family: 'Arial','sans-serif'; mso-ansi-language: PT;\" lang=\"PT\"><span style=\"mso-spacerun: yes;\">\u00a0<\/span><\/span><\/p>\n<p class=\"MsoNormal\" style=\"text-align: justify;\"><strong style=\"mso-bidi-font-weight: normal;\"><span style=\"font-size: 10.0pt; font-family: 'Arial','sans-serif';\">1980<\/span><\/strong><span style=\"font-size: 10.0pt; font-family: 'Arial','sans-serif';\"><span style=\"mso-tab-count: 1;\">\u00a0\u00a0\u00a0\u00a0 <\/span>18\/01 &#8211;<span style=\"mso-tab-count: 1;\">\u00a0 <\/span>L\u2019Olleria acoger\u00e1 el VI Concurso de Bandas Civiles.<\/span><\/p>\n<p class=\"MsoNormal\" style=\"text-align: justify;\"><span style=\"font-size: 10.0pt; font-family: 'Arial','sans-serif';\"><span style=\"mso-tab-count: 1;\">\u00a0\u00a0\u00a0\u00a0\u00a0\u00a0\u00a0\u00a0\u00a0\u00a0\u00a0 <\/span>13\/04 &#8211;<span style=\"mso-tab-count: 1;\">\u00a0 <\/span>La Banda de M\u00fasica conquista el primer premio con la obra \u201cDivertimento\u201d en el <span style=\"mso-spacerun: yes;\">\u00a0<\/span><span style=\"mso-spacerun: yes;\">\u00a0<\/span>XXXIII Certamen de Bandas Civiles celebrado en Cullera. La lluvia no fue obst\u00e1culo para que el pueblo saliese a recibir a su Banda con disparo de tracas y campanas al vuelo.<\/span><\/p>\n<p class=\"MsoNormal\" style=\"text-align: justify;\"><span style=\"font-size: 10.0pt; font-family: 'Arial','sans-serif';\"><span style=\"mso-tab-count: 1;\">\u00a0\u00a0\u00a0\u00a0\u00a0\u00a0\u00a0\u00a0\u00a0\u00a0\u00a0 <\/span>12\/09 &#8211;<span style=\"mso-tab-count: 1;\">\u00a0 <\/span>Empezaron con \u00e9xito los actos del Centenario de la Banda, con la participaci\u00f3n de las Bandas: Uni\u00f3n Musical de Alberique, Primitiva Setabense y la Centenaria Banda de L\u2019Olleria. Cerrando la Banda Municipal de Valencia.<\/span><\/p>\n<p class=\"MsoNormal\" style=\"text-align: justify;\"><span style=\"font-size: 10.0pt; font-family: 'Arial','sans-serif';\"><span style=\"mso-tab-count: 1;\">\u00a0\u00a0\u00a0\u00a0\u00a0\u00a0\u00a0\u00a0\u00a0\u00a0\u00a0 <\/span>30\/11 &#8211;<span style=\"mso-tab-count: 1;\">\u00a0 <\/span>La Banda de m\u00fasica consigue el primer premio en el Certamen Musical celebrado en Onteniente con la marcha mora \u201cMulaidies\u201d y el Ruise\u00f1or de la Huerta en libre elecci\u00f3n.<\/span><\/p>\n<p class=\"MsoNormal\" style=\"text-align: justify;\"><span style=\"font-size: 10.0pt; font-family: 'Arial','sans-serif';\">\u00a0<\/span><\/p>\n<p class=\"MsoNormal\" style=\"text-align: justify;\"><strong style=\"mso-bidi-font-weight: normal;\"><span style=\"font-size: 10.0pt; font-family: 'Arial','sans-serif';\">1981<\/span><\/strong><span style=\"font-size: 10.0pt; font-family: 'Arial','sans-serif';\"><span style=\"mso-tab-count: 1;\">\u00a0\u00a0\u00a0\u00a0 <\/span>14\/03 &#8211;<span style=\"mso-tab-count: 1;\">\u00a0 <\/span>La Banda graba un disco y casete compuesto de marchas moras y pasodobles.<\/span><\/p>\n<p class=\"MsoNormal\" style=\"text-align: justify;\"><span style=\"font-size: 10.0pt; font-family: 'Arial','sans-serif';\"><span style=\"mso-tab-count: 1;\">\u00a0\u00a0\u00a0\u00a0\u00a0\u00a0\u00a0\u00a0\u00a0\u00a0\u00a0 <\/span>16\/04 &#8211;<span style=\"mso-tab-count: 1;\">\u00a0 <\/span>Concierto de la Banda y el Coro Polif\u00f3nico de Crevillente.<\/span><\/p>\n<p class=\"MsoNormal\" style=\"text-align: justify;\"><span style=\"font-size: 10.0pt; font-family: 'Arial','sans-serif';\"><span style=\"mso-tab-count: 1;\">\u00a0\u00a0\u00a0\u00a0\u00a0\u00a0\u00a0\u00a0\u00a0\u00a0\u00a0 <\/span>14\/07 &#8211;<span style=\"mso-tab-count: 1;\">\u00a0 <\/span>La Banda de M\u00fasica participa en el Certamen de Bandas de Valencia y conquista el segundo premio con la obra \u201cVaudeville Suite\u201d y el \u201cRuise\u00f1or de la Huerta de libre elecci\u00f3n. Sobre las 7\u201930 de la ma\u00f1ana llegaba la premiada Banda al pueblo en donde se le recibi\u00f3 con tracas. Liberto Benet dijo: \u201cNuestro objetivo se cumpli\u00f3\u201d.<\/span><\/p>\n<p class=\"MsoNormal\" style=\"text-align: justify;\"><span style=\"font-size: 10.0pt; font-family: 'Arial','sans-serif';\"><span style=\"mso-tab-count: 1;\">\u00a0\u00a0\u00a0\u00a0\u00a0\u00a0\u00a0\u00a0\u00a0\u00a0\u00a0 <\/span>15\/11 &#8211;<span style=\"mso-tab-count: 1;\">\u00a0 <\/span>La Banda de M\u00fasica consigue el primer premio en Paiporta con la obra: \u201cDanses Valencianes\u201d y de libre elecci\u00f3n: \u201cLa Bruja\u201d.<\/span><\/p>\n<p class=\"MsoNormal\" style=\"text-align: justify;\"><span style=\"font-size: 10.0pt; font-family: 'Arial','sans-serif';\"><span style=\"mso-tab-count: 2;\">\u00a0\u00a0\u00a0\u00a0\u00a0\u00a0\u00a0\u00a0\u00a0\u00a0\u00a0\u00a0\u00a0\u00a0\u00a0\u00a0\u00a0\u00a0\u00a0\u00a0\u00a0\u00a0\u00a0 <\/span>En este a\u00f1o compuso la marcha mora Raschida y presentada en el concurso celebrado en Alicante, en donde obtuvo el segundo premio.<\/span><\/p>\n<p class=\"MsoNormal\" style=\"text-align: justify;\"><span style=\"font-size: 10.0pt; font-family: 'Arial','sans-serif';\">\u00a0<\/span><\/p>\n<p class=\"MsoNormal\" style=\"text-align: justify;\"><strong style=\"mso-bidi-font-weight: normal;\"><span style=\"font-size: 10.0pt; font-family: 'Arial','sans-serif';\">1982<\/span><\/strong><span style=\"font-size: 10.0pt; font-family: 'Arial','sans-serif';\"><span style=\"mso-tab-count: 1;\">\u00a0\u00a0\u00a0\u00a0 <\/span>08\/03 &#8211;<span style=\"mso-tab-count: 1;\">\u00a0 <\/span>La Banda obtiene el segundo premio en Alicante en el Concurso celebrado con motivo del Primer Centenario de M\u00fasica Festera. La pieza obligada fue \u201cFelanitx\u201d y la de libre elecci\u00f3n Raschida.<\/span><\/p>\n<p class=\"MsoNormal\" style=\"text-align: justify;\"><span style=\"font-size: 10.0pt; font-family: 'Arial','sans-serif';\"><span style=\"mso-tab-count: 2;\">\u00a0\u00a0\u00a0\u00a0\u00a0\u00a0\u00a0\u00a0\u00a0\u00a0\u00a0\u00a0\u00a0\u00a0\u00a0\u00a0\u00a0\u00a0\u00a0\u00a0\u00a0\u00a0\u00a0 <\/span>Se graban unas obras para el programa \u201cPentagrama\u201d de TVE.<\/span><\/p>\n<p class=\"MsoNormal\" style=\"text-align: justify;\"><span style=\"font-size: 10.0pt; font-family: 'Arial','sans-serif';\"><span style=\"mso-tab-count: 1;\">\u00a0\u00a0\u00a0\u00a0\u00a0\u00a0\u00a0\u00a0\u00a0\u00a0\u00a0 <\/span>25\/04 &#8211;<span style=\"mso-tab-count: 1;\">\u00a0 <\/span>La Banda de M\u00fasica de L\u2019Olleria consigue el primer premio en la fase final y regional celebrado en Banicarl\u00f3, con la obra \u201cMarcha Burlesca\u201d y Vaudeville (Suite) de libre elecci\u00f3n.<\/span><\/p>\n<p class=\"MsoNormal\" style=\"text-align: justify;\"><span style=\"font-size: 10.0pt; font-family: 'Arial','sans-serif';\"><span style=\"mso-tab-count: 1;\">\u00a0\u00a0\u00a0\u00a0\u00a0\u00a0\u00a0\u00a0\u00a0\u00a0\u00a0 <\/span>03\/07 &#8211;<span style=\"mso-tab-count: 1;\">\u00a0 <\/span>Primer premio en el III Certamen de Bandas de Cocentaina.<\/span><\/p>\n<p class=\"MsoNormal\" style=\"text-align: justify;\"><span style=\"font-size: 10.0pt; font-family: 'Arial','sans-serif';\">\u00a0<\/span><\/p>\n<p class=\"MsoNormal\" style=\"text-align: justify;\"><strong style=\"mso-bidi-font-weight: normal;\"><span style=\"font-size: 10.0pt; font-family: 'Arial','sans-serif';\">1984<\/span><\/strong><span style=\"font-size: 10.0pt; font-family: 'Arial','sans-serif';\"><span style=\"mso-tab-count: 1;\">\u00a0\u00a0\u00a0\u00a0 <\/span>07\/07 &#8211;<span style=\"mso-tab-count: 1;\">\u00a0 <\/span>Preparaci\u00f3n para el Certamen de Valencia. (En este certamen la Banda consigue un cuarto puesto, a muy pocos puntos del tercer premio)<\/span><\/p>\n<p class=\"MsoNormal\" style=\"text-align: justify;\"><span style=\"font-size: 10.0pt; font-family: 'Arial','sans-serif';\">\u00a0<\/span><\/p>\n<p class=\"MsoNormal\" style=\"text-align: justify;\"><strong style=\"mso-bidi-font-weight: normal;\"><span style=\"font-size: 10.0pt; font-family: 'Arial','sans-serif';\">1985<span style=\"mso-tab-count: 1;\">\u00a0\u00a0\u00a0\u00a0 <\/span><\/span><\/strong><span style=\"font-size: 10.0pt; font-family: 'Arial','sans-serif';\">16\/02 &#8211; Conciertos extraordinarios con motivo de la Inauguraci\u00f3n del Centro Musical \u201cDionisio Pedro Estarelles\u201d.<span style=\"mso-tab-count: 1;\">\u00a0\u00a0\u00a0\u00a0\u00a0\u00a0\u00a0\u00a0\u00a0\u00a0\u00a0 <\/span><\/span><\/p>\n<p class=\"MsoNormal\" style=\"text-align: justify;\"><span style=\"font-size: 10.0pt; font-family: 'Arial','sans-serif';\"><span style=\"mso-tab-count: 1;\">\u00a0\u00a0\u00a0\u00a0\u00a0\u00a0\u00a0\u00a0\u00a0\u00a0\u00a0 <\/span>05\/09 \u2013 El ayuntamiento nombra a Liberto Benet, hijo adoptivo.<\/span><\/p>\n<p class=\"MsoNormal\" style=\"text-align: justify;\"><span style=\"font-size: 10.0pt; font-family: 'Arial','sans-serif';\">\u00a0<\/span><\/p>\n<p class=\"MsoNormal\" style=\"text-align: justify;\"><strong style=\"mso-bidi-font-weight: normal;\"><span style=\"font-size: 10.0pt; font-family: 'Arial','sans-serif';\">1986<span style=\"mso-tab-count: 1;\">\u00a0\u00a0\u00a0\u00a0 <\/span><\/span><\/strong><span style=\"font-size: 10.0pt; font-family: 'Arial','sans-serif';\">11\/05 &#8211;<span style=\"mso-tab-count: 1;\">\u00a0 <\/span>La Banda de L\u2019Olleria consigue el segundo premio en el I Certamen de M\u00fasica Festera en Elda con la obra obligada \u201cElda\u201d y \u201cBrisas de Mariola\u201d de libre elecci\u00f3n. <\/span><\/p>\n<p class=\"MsoNormal\" style=\"text-align: justify;\"><span style=\"font-size: 10.0pt; font-family: 'Arial','sans-serif';\">\u00a0<\/span><\/p>\n<p class=\"MsoNormal\" style=\"text-align: justify;\"><strong style=\"mso-bidi-font-weight: normal;\"><span style=\"font-size: 10.0pt; font-family: 'Arial','sans-serif';\">1987<span style=\"mso-tab-count: 1;\">\u00a0\u00a0\u00a0\u00a0 <\/span><\/span><\/strong><span style=\"font-size: 10.0pt; font-family: 'Arial','sans-serif';\">03\/03 &#8211;<span style=\"mso-tab-count: 1;\">\u00a0 <\/span>La Banda de M\u00fasica ofrece un concierto en Prat de Llobregat.<\/span><\/p>\n<p class=\"MsoNormal\" style=\"text-align: justify;\"><span style=\"font-size: 10.0pt; font-family: 'Arial','sans-serif';\"><span style=\"mso-tab-count: 2;\">\u00a0\u00a0\u00a0\u00a0\u00a0\u00a0\u00a0\u00a0\u00a0\u00a0\u00a0\u00a0\u00a0\u00a0\u00a0\u00a0\u00a0\u00a0\u00a0\u00a0\u00a0\u00a0\u00a0 <\/span>A mediados de este a\u00f1o, Liberto empieza a sentirse enfermo y deja de acudir a L\u2019Olleria para su participaci\u00f3n en ensayos y dem\u00e1s trabajos.<\/span><\/p>\n<p class=\"MsoNormal\" style=\"text-align: justify;\"><span style=\"font-size: 10.0pt; font-family: 'Arial','sans-serif';\">\u00a0<\/span><\/p>\n<p class=\"MsoNormal\" style=\"text-align: justify;\"><strong style=\"mso-bidi-font-weight: normal;\"><span style=\"font-size: 10.0pt; font-family: 'Arial','sans-serif';\">1988<span style=\"mso-tab-count: 1;\">\u00a0\u00a0\u00a0\u00a0 <\/span><\/span><\/strong><span style=\"font-size: 10.0pt; font-family: 'Arial','sans-serif';\">10\/01 &#8211; Concierto de A\u00f1o Nuevo. Fue el \u00faltimo concierto que dirigi\u00f3 Liberto Benet junto a Marcos Momp\u00f3, Juan J. Albi\u00f1ana Gil y Juan J. Borr\u00e1s Grau. <\/span><\/p>\n<p class=\"MsoNormal\" style=\"text-align: justify; text-indent: 35.4pt;\"><span style=\"font-size: 10.0pt; font-family: 'Arial','sans-serif';\">07\/03 &#8211;<span style=\"mso-tab-count: 1;\">\u00a0 <\/span>Concierto del \u201cMig Any Fester\u201d con homenaje al maestro Ferrero. Dirigido por Marcos Momp\u00f3. El \u201cHimne de la Festa\u201d lo dirigi\u00f3 su autor Francisco Cerd\u00e1 Albi\u00f1ana.<\/span><\/p>\n<p class=\"MsoNormal\" style=\"text-align: justify;\"><span style=\"font-size: 10.0pt; font-family: 'Arial','sans-serif';\"><span style=\"mso-tab-count: 1;\">\u00a0\u00a0\u00a0\u00a0\u00a0\u00a0\u00a0\u00a0\u00a0\u00a0\u00a0 <\/span>02\/07 &#8211;<span style=\"mso-tab-count: 1;\">\u00a0 <\/span>Concierto Homenaje p\u00f3stumo a Manolo Cerd\u00e1 Cerd\u00e1 y Antonio Borr\u00e1s Andr\u00e9s que dirigi\u00f3 Marcos Momp\u00f3. Se agrava la enfermedad de Liberto Benet, que tambi\u00e9n le impide dirigir este concierto.<\/span><\/p>\n<p class=\"MsoNormal\" style=\"text-align: justify;\"><span style=\"font-size: 10.0pt; font-family: 'Arial','sans-serif';\"><span style=\"mso-tab-count: 1;\">\u00a0\u00a0\u00a0\u00a0\u00a0\u00a0\u00a0\u00a0\u00a0\u00a0\u00a0 <\/span>05\/08 &#8211;<span style=\"mso-tab-count: 1;\">\u00a0 <\/span>Muere Liberto Benet. Director de la Banda de M\u00fasica de L\u2019Olleria.<\/span><\/p>\n<p class=\"MsoNormal\" style=\"text-align: justify;\"><span style=\"font-size: 10.0pt; font-family: 'Arial','sans-serif';\"><span style=\"mso-tab-count: 2;\">\u00a0\u00a0\u00a0\u00a0\u00a0\u00a0\u00a0\u00a0\u00a0\u00a0\u00a0\u00a0\u00a0\u00a0\u00a0\u00a0\u00a0\u00a0\u00a0\u00a0\u00a0\u00a0\u00a0 <\/span>La grave enfermedad que padec\u00eda <span style=\"mso-spacerun: yes;\">\u00a0<\/span>le llev\u00f3 a la muerte. Pronto la noticia se extiende por todo el pueblo. \u00a1Liberto s\u2019ha mort!<\/span><\/p>\n<p class=\"MsoNormal\" style=\"text-align: justify;\"><span style=\"font-size: 10.0pt; font-family: 'Arial','sans-serif';\">En el camino del cementerio de Alfafar, le esperaba \u201csu Banda de M\u00fasica\u201d para despedirle, y en este corto recorrido, interpretando la marcha f\u00fanebre Alfonso XII, le acompa\u00f1\u00f3 hasta su sepultura, vivi\u00e9ndose momentos de profundo dolor. La Banda Escuela Musical Santa Cecilia de L\u2019Olleria, perd\u00eda<span style=\"mso-spacerun: yes;\">\u00a0 <\/span>a su director.<\/span><\/p>\n<p class=\"MsoNormal\" style=\"text-align: justify;\"><span style=\"font-size: 10.0pt; font-family: 'Arial','sans-serif';\">\u00a0<\/span><\/p>\n<p class=\"MsoNormal\" style=\"text-align: justify;\"><span style=\"font-size: 10.0pt; font-family: 'Arial','sans-serif';\"><span style=\"mso-tab-count: 1;\">\u00a0\u00a0\u00a0\u00a0\u00a0\u00a0\u00a0\u00a0\u00a0\u00a0\u00a0 <\/span>30\/12 &#8211;<span style=\"mso-tab-count: 1;\">\u00a0 <\/span>En un grandioso concierto, L\u2019Olleria rinde homenaje al que fuera director de su Banda de M\u00fasica: Liberto Benet.<\/span><\/p>\n<p class=\"MsoNormal\" style=\"text-align: justify;\"><span style=\"font-size: 10.0pt; font-family: 'Arial','sans-serif';\"><span style=\"mso-tab-count: 2;\">\u00a0\u00a0\u00a0\u00a0\u00a0\u00a0\u00a0\u00a0\u00a0\u00a0\u00a0\u00a0\u00a0\u00a0\u00a0\u00a0\u00a0\u00a0\u00a0\u00a0\u00a0\u00a0\u00a0 <\/span>En la primera mitad fue la actuaci\u00f3n de \u201cAula 44\u201d dirigida por Javier Benet, hermano del homenajeado. La segunda parte estuvo a cargo de la Banda Escuela Musical Santa Cecilia a la que se unieron profesores de las orquestas: ONE, JONDE, RTVE, etc. amigos de Liberto. Y fue dirigida por Marcos Momp\u00f3 Momp\u00f3, Jos\u00e9 Vicente Herrera Romero, Juan Garc\u00eda Iborra y Javier Benet Mart\u00ednez.<\/span><\/p>\n<p class=\"MsoNormal\" style=\"text-align: justify;\"><span style=\"font-size: 10.0pt; font-family: 'Arial','sans-serif';\"><span style=\"mso-tab-count: 2;\">\u00a0\u00a0\u00a0\u00a0\u00a0\u00a0\u00a0\u00a0\u00a0\u00a0\u00a0\u00a0\u00a0\u00a0\u00a0\u00a0\u00a0\u00a0\u00a0\u00a0\u00a0\u00a0\u00a0 <\/span>La marcha mora RASCHIDA de Liberto Benet, puso el punto final, con la Banda y p\u00fablico puesto en pie, vivi\u00e9ndose los momentos m\u00e1s emotivos, en donde las lagrimas se entremezclaban con los aplausos. <span style=\"mso-spacerun: yes;\">\u00a0<\/span><\/span><\/p>\n<p class=\"MsoNormal\" style=\"text-align: justify;\"><span style=\"font-size: 10.0pt; font-family: 'Arial','sans-serif';\">\u00a0<\/span><\/p>\n<p class=\"MsoNormal\" style=\"text-align: justify;\"><span style=\"text-decoration: underline;\"><span style=\"font-size: 10.0pt; font-family: 'Comic Sans MS';\">Pepe Aparici<span style=\"mso-spacerun: yes;\">\u00a0 <\/span>&#8211; <\/span><\/span><\/p>\n<p>&nbsp;<\/p>\n<p><a href=\"http:\/\/www.portaldelolleria.es\/wp-content\/uploads\/2013\/06\/Programa.jpg\"><img loading=\"lazy\" class=\"aligncenter size-full wp-image-3314\" title=\"Programa\" src=\"http:\/\/www.portaldelolleria.es\/wp-content\/uploads\/2013\/06\/Programa.jpg\" alt=\"\" width=\"598\" height=\"823\" srcset=\"http:\/\/www.portaldelolleria.es\/wp-content\/uploads\/2013\/06\/Programa.jpg 598w, http:\/\/www.portaldelolleria.es\/wp-content\/uploads\/2013\/06\/Programa-217x300.jpg 217w\" sizes=\"(max-width: 598px) 100vw, 598px\" \/><\/a><\/p>\n","protected":false},"excerpt":{"rendered":"<p>&nbsp; Con motivo del XXV aniversario del fallecimiento de\u00a0 Liberto Benet,\u00a0 Director de la SEM Sta. Cecilia de L&#8217;Olleria,\u00a0 y hasta la celebraci\u00f3n del \u00abXXI Festival Liberto Benet\u00bb, se ir\u00e1n reproduciendo en este portal una serie de art\u00edculos y entrevistas\u00a0 obra y cortes\u00eda de Pepe Aparici.\u00a0\u00a0 En esta primera entrega,\u00a0\u00a0 la Biograf\u00eda detallada de este [&hellip;]<\/p>\n","protected":false},"author":1,"featured_media":0,"comment_status":"closed","ping_status":"open","sticky":false,"template":"","format":"standard","meta":{"_monsterinsights_skip_tracking":false,"_monsterinsights_sitenote_active":false,"_monsterinsights_sitenote_note":"","_monsterinsights_sitenote_category":0},"categories":[16,12],"tags":[258,759,20,253,758],"_links":{"self":[{"href":"http:\/\/www.portaldelolleria.es\/index.php?rest_route=\/wp\/v2\/posts\/3313"}],"collection":[{"href":"http:\/\/www.portaldelolleria.es\/index.php?rest_route=\/wp\/v2\/posts"}],"about":[{"href":"http:\/\/www.portaldelolleria.es\/index.php?rest_route=\/wp\/v2\/types\/post"}],"author":[{"embeddable":true,"href":"http:\/\/www.portaldelolleria.es\/index.php?rest_route=\/wp\/v2\/users\/1"}],"replies":[{"embeddable":true,"href":"http:\/\/www.portaldelolleria.es\/index.php?rest_route=%2Fwp%2Fv2%2Fcomments&post=3313"}],"version-history":[{"count":4,"href":"http:\/\/www.portaldelolleria.es\/index.php?rest_route=\/wp\/v2\/posts\/3313\/revisions"}],"predecessor-version":[{"id":3326,"href":"http:\/\/www.portaldelolleria.es\/index.php?rest_route=\/wp\/v2\/posts\/3313\/revisions\/3326"}],"wp:attachment":[{"href":"http:\/\/www.portaldelolleria.es\/index.php?rest_route=%2Fwp%2Fv2%2Fmedia&parent=3313"}],"wp:term":[{"taxonomy":"category","embeddable":true,"href":"http:\/\/www.portaldelolleria.es\/index.php?rest_route=%2Fwp%2Fv2%2Fcategories&post=3313"},{"taxonomy":"post_tag","embeddable":true,"href":"http:\/\/www.portaldelolleria.es\/index.php?rest_route=%2Fwp%2Fv2%2Ftags&post=3313"}],"curies":[{"name":"wp","href":"https:\/\/api.w.org\/{rel}","templated":true}]}}