{"id":3355,"date":"2013-06-27T18:45:57","date_gmt":"2013-06-27T17:45:57","guid":{"rendered":"http:\/\/www.portaldelolleria.es\/?p=3355"},"modified":"2013-06-27T18:56:50","modified_gmt":"2013-06-27T17:56:50","slug":"primer-incendio-forestal-de-la-temporada","status":"publish","type":"post","link":"http:\/\/www.portaldelolleria.es\/?p=3355","title":{"rendered":"Primer incendio forestal de la temporada"},"content":{"rendered":"<p><a href=\"http:\/\/www.portaldelolleria.es\/wp-content\/uploads\/2013\/06\/incendio1.jpg\"><img loading=\"lazy\" class=\"aligncenter size-full wp-image-3356\" title=\"incendio1\" src=\"http:\/\/www.portaldelolleria.es\/wp-content\/uploads\/2013\/06\/incendio1.jpg\" alt=\"\" width=\"598\" height=\"397\" srcset=\"http:\/\/www.portaldelolleria.es\/wp-content\/uploads\/2013\/06\/incendio1.jpg 598w, http:\/\/www.portaldelolleria.es\/wp-content\/uploads\/2013\/06\/incendio1-300x199.jpg 300w\" sizes=\"(max-width: 598px) 100vw, 598px\" \/><\/a><\/p>\n<p>&nbsp;<\/p>\n<p>Primer incendio de la temporada , en Real de Gandia,\u00a0 cerca de la Ap7.\u00a0\u00a0 El incendio declarado a primera hora de la tarde se encuentra localizado en una zona de pinar y matorral pr\u00f3xima a dos urbanizaciones.\u00a0 Para su extinci\u00f3n se han dedicado 8 medios a\u00e9reos, 4 brigadas,\u00a0 autobombas y bomberos\u00a0 del Consorcio Provincial.\u00a0 A media tarde se daba el incendio por controlado.<\/p>\n<p>Los incendios forestales constituyen un grave problema en el arco mediterr\u00e1neo, del que forma parte la Comunitat Valenciana, creando en ocasiones situaciones de grave riesgo y cat\u00e1strofe con las consecuentes repercusiones negativas sobre el medio ambiente.\u00a0\u00a0 Ni que decir tiene si hablamos de la parte forestal que rodea a L&#8217;Olleria.\u00a0 Pues no es lo mismo ver situaciones desastrosas como estas, por medios de comunicaci\u00f3n, (que ya de por s\u00ed, pone los pelos de punta) que verlo a las puertas de casa.\u00a0 <strong>Este \u00abprimer\u00bb incendio en Real de Gandia,\u00a0 adem\u00e1s de una desgracia para sus habitantes, es un aviso para todos.<\/strong>\u00a0 Hay que extremar\u00a0 la precauciones,\u00a0 y llamar al 112 sin titubear (nunca d\u00e9 por hecho que llamaran otros), a la primera alerta que nos haga intuir un principio de incendio.<\/p>\n<p>Muchos sabr\u00e1n que hacer en caso de incendio, pero por si acaso,\u00a0 transcribimos aqui las recomendaciones del 112 de la Comunitat Valenciana<\/p>\n<p>&nbsp;<\/p>\n<div>\n<div><span style=\"color: #ff0000;\"><strong>\u00bfQu\u00e9 hacer frente a un incendio?<\/strong><\/span><\/div>\n<\/div>\n<p align=\"left\"><strong>Medidas preventivas en las zonas forestales y en una franja alrededor de 500 m<\/strong><\/p>\n<div align=\"left\">\n<ul>\n<li>No arrojar f\u00f3sforos, colillas ni encender fuego para cocinar fuera de los lugares preparados y autorizados al efecto.<\/li>\n<li>No depositar basuras o cualquier otro tipo de desecho.<\/li>\n<li>No lanzar cohetes o cualquier otro artilugio que contenga fuego.<\/li>\n<li>Queda prohibida la quema de restos agr\u00edcolas o forestales del 1 de julio al 30 de septiembre con car\u00e1cter general, y siempre que se declare el nivel 3 de Previfoc.<\/li>\n<\/ul>\n<\/div>\n<p><strong>Durante el incendio forestal: Si te encuentras en una casa en el monte y el fuego se acerca a ella impidiendo tu huida:<\/strong><\/p>\n<ul>\n<li>Si tienes mangueras, d\u00e9jalas abiertas y dirigidas hacia el tejado.<\/li>\n<li>Cierra las puertas, ventanas y persianas. Descuelga las cortinas.<\/li>\n<li>Permanece en la casa, es el sitio m\u00e1s seguro, si te ves obligado a salir c\u00fabrete la mayor parte de la piel para protegerte del calor radiante. Ponte ropa de algod\u00f3n y que cubra toda la superficie del cuerpo. Moja la ropa con agua.<\/li>\n<li>Desconecta cualquier suministro de combustible (gas, gas-oil,&#8230;)<\/li>\n<li>Permanece atento a las recomendaciones de las autoridades, recuerda que puede fallar la luz, disp\u00f3n de alg\u00fan medio para mantenerte comunicado y recibir informaci\u00f3n (radio, tel\u00e9fono).<\/li>\n<\/ul>\n<p><strong>Si te encuentras en un coche y te ves rodeado por el fuego:<\/strong><\/p>\n<ul>\n<li>No conduzcas a ciegas a trav\u00e9s del humo denso, enciende los faros y los intermitentes.<\/li>\n<li>Si te ves obligado a parar, busca un sitio para detenerte donde el suelo est\u00e9 limpio de vegetaci\u00f3n y det\u00e9n el motor.<\/li>\n<li>Cierra las ventanillas y puntos de ventilaci\u00f3n y \u00e9chate al suelo del coche.<\/li>\n<li>Si tienes que salir, procura que la mayor parte de tu piel est\u00e9 cubierta.<\/li>\n<\/ul>\n<p><strong>Si caminas a pie por el monte y hay un incendio en las proximidades:<\/strong><\/p>\n<ul>\n<li>Intenta alejarte del incendio, trata de pasar a zona ya quemada por los laterales, apart\u00e1ndote de la zona por donde avanza el fuego, buscando ladera abajo la cola del incendio.<\/li>\n<li>Si el fuego te rodea, trata de permanecer en terreno sin vegetaci\u00f3n o ya quemado.<\/li>\n<li>No corras ladera arriba a menos que sepas que existe un lugar seguro.<\/li>\n<li>No intentes cruzar las llamas, salvo que veas claramente lo que hay detr\u00e1s de ellas.<\/li>\n<li>Si te ves cercado intenta protegerte de la radiaci\u00f3n, ech\u00e1ndote al suelo detr\u00e1s de una gran roca, un tronco o una depresi\u00f3n, cubri\u00e9ndote con tierra o arena; ref\u00fagiate en hoyos o arroyos; evita dep\u00f3sitos elevados de agua que se calentar\u00e1n por el incendio.<\/li>\n<\/ul>\n<p><strong>Medidas de autoprotecci\u00f3n en urbanizaciones:<\/strong><\/p>\n<p>En la urbanizaci\u00f3n:<\/p>\n<ul>\n<li>Se deben mantener los viales, las zonas de acceso y las cunetas limpias de vegetaci\u00f3n seca.<\/li>\n<li>Las calles, casas y v\u00edas de acceso deben estar bien se\u00f1alizados para facilitar la identificaci\u00f3n y la localizaci\u00f3n en caso de siniestro.<\/li>\n<li>Se\u00f1alizar los puntos de agua disponibles.<\/li>\n<li>Es importante disponer de una red de hidrantes.<\/li>\n<li>En la medida de lo posible, mantener limpio de vegetaci\u00f3n el per\u00edmetro de la urbanizaci\u00f3n.<\/li>\n<\/ul>\n<p>En las parcelas:<\/p>\n<ul>\n<li>Quitar las ramas situadas sobre tejados o cerca de la chimenea.<\/li>\n<li>Tener localizadas las herramientas que puedan ser \u00fatiles en caso de incendio.<\/li>\n<\/ul>\n<p>En caso de incendio:<\/p>\n<ul>\n<li>Llama al 1.1.2<\/li>\n<li>Evac\u00faa inmediatamente si as\u00ed os lo indican las fuerzas y cuerpos de seguridad. Con calma y ordenadamente.<\/li>\n<li>Si no tienes tiempo de abandonar la casa:\n<ul>\n<li>Intenta comunicar tu situaci\u00f3n a las autoridades.<\/li>\n<li>Retira todos los elementos combustibles, incluidos muebles de jard\u00edn, de alrededor de la casa.<\/li>\n<li>Cierra herm\u00e9ticamente la casa.<\/li>\n<li>Desconecta cualquier suministro de combustible (gas, gas-oil,&#8230;)<\/li>\n<li>Haz acopio de agua (ba\u00f1era, fregadero,&#8230;)<\/li>\n<li>Ponte ropa de algod\u00f3n y que cubra toda la superficie del cuerpo.<\/li>\n<li>Prepara la documentaci\u00f3n y objetos importantes en el coche por si tienes que huir.<\/li>\n<li>Si puedes, quita las cortinas.<\/li>\n<\/ul>\n<\/li>\n<\/ul>\n<p>&nbsp;<\/p>\n","protected":false},"excerpt":{"rendered":"<p>&nbsp; Primer incendio de la temporada , en Real de Gandia,\u00a0 cerca de la Ap7.\u00a0\u00a0 El incendio declarado a primera hora de la tarde se encuentra localizado en una zona de pinar y matorral pr\u00f3xima a dos urbanizaciones.\u00a0 Para su extinci\u00f3n se han dedicado 8 medios a\u00e9reos, 4 brigadas,\u00a0 autobombas y bomberos\u00a0 del Consorcio Provincial.\u00a0 [&hellip;]<\/p>\n","protected":false},"author":1,"featured_media":0,"comment_status":"closed","ping_status":"open","sticky":false,"template":"","format":"standard","meta":{"_monsterinsights_skip_tracking":false,"_monsterinsights_sitenote_active":false,"_monsterinsights_sitenote_note":"","_monsterinsights_sitenote_category":0},"categories":[3,12],"tags":[768,228,20],"_links":{"self":[{"href":"http:\/\/www.portaldelolleria.es\/index.php?rest_route=\/wp\/v2\/posts\/3355"}],"collection":[{"href":"http:\/\/www.portaldelolleria.es\/index.php?rest_route=\/wp\/v2\/posts"}],"about":[{"href":"http:\/\/www.portaldelolleria.es\/index.php?rest_route=\/wp\/v2\/types\/post"}],"author":[{"embeddable":true,"href":"http:\/\/www.portaldelolleria.es\/index.php?rest_route=\/wp\/v2\/users\/1"}],"replies":[{"embeddable":true,"href":"http:\/\/www.portaldelolleria.es\/index.php?rest_route=%2Fwp%2Fv2%2Fcomments&post=3355"}],"version-history":[{"count":3,"href":"http:\/\/www.portaldelolleria.es\/index.php?rest_route=\/wp\/v2\/posts\/3355\/revisions"}],"predecessor-version":[{"id":3358,"href":"http:\/\/www.portaldelolleria.es\/index.php?rest_route=\/wp\/v2\/posts\/3355\/revisions\/3358"}],"wp:attachment":[{"href":"http:\/\/www.portaldelolleria.es\/index.php?rest_route=%2Fwp%2Fv2%2Fmedia&parent=3355"}],"wp:term":[{"taxonomy":"category","embeddable":true,"href":"http:\/\/www.portaldelolleria.es\/index.php?rest_route=%2Fwp%2Fv2%2Fcategories&post=3355"},{"taxonomy":"post_tag","embeddable":true,"href":"http:\/\/www.portaldelolleria.es\/index.php?rest_route=%2Fwp%2Fv2%2Ftags&post=3355"}],"curies":[{"name":"wp","href":"https:\/\/api.w.org\/{rel}","templated":true}]}}