{"id":3385,"date":"2013-07-01T12:29:59","date_gmt":"2013-07-01T11:29:59","guid":{"rendered":"http:\/\/www.portaldelolleria.es\/?p=3385"},"modified":"2013-07-01T12:29:59","modified_gmt":"2013-07-01T11:29:59","slug":"24-becarios-inician-sus-practicas-del-programa-la-dipu-te-beca","status":"publish","type":"post","link":"http:\/\/www.portaldelolleria.es\/?p=3385","title":{"rendered":"24 Becarios inician sus pr\u00e1cticas del programa la Dipu te Beca"},"content":{"rendered":"<p><a href=\"http:\/\/www.portaldelolleria.es\/wp-content\/uploads\/2013\/07\/becarios.jpg\"><img loading=\"lazy\" class=\"aligncenter size-full wp-image-3386\" title=\"becarios\" src=\"http:\/\/www.portaldelolleria.es\/wp-content\/uploads\/2013\/07\/becarios.jpg\" alt=\"\" width=\"598\" height=\"397\" srcset=\"http:\/\/www.portaldelolleria.es\/wp-content\/uploads\/2013\/07\/becarios.jpg 598w, http:\/\/www.portaldelolleria.es\/wp-content\/uploads\/2013\/07\/becarios-300x199.jpg 300w\" sizes=\"(max-width: 598px) 100vw, 598px\" \/><\/a><\/p>\n<p>&nbsp;<\/p>\n<p>&nbsp;<\/p>\n<p class=\"MsoNormal\" style=\"text-align: justify;\"><em style=\"mso-bidi-font-style: normal;\"><span style=\"font-size: 12.0pt; line-height: 115%;\" lang=\"ES-TRAD\">El alcalde y el concejal de personal reciben a los 24 becarios<\/span><\/em><\/p>\n<p class=\"MsoNormal\" style=\"text-align: justify;\"><span style=\"font-size: 12.0pt; line-height: 115%;\" lang=\"ES-TRAD\">Esta ma\u00f1ana el alcalde, Jos\u00e9 Vidal y el concejal de Personal, Jes\u00fas Engo recib\u00edan a los 24 becarios que forman parte del programa la Dipu te Beca, impulsado por la Diputaci\u00f3n Provincial de Valencia. <\/span><\/p>\n<p class=\"MsoNormal\" style=\"text-align: justify;\"><span style=\"font-size: 12.0pt; line-height: 115%;\" lang=\"ES-TRAD\">Este a\u00f1o, tal y como ha explicado el alcalde \u201cdecidimos dar al m\u00e1ximo de estudiantes posible la oportunidad de optar a esta beca por lo que salvo, las dos personas que van al departamento de Bienestar Social, el resto tienen una beca de un mes de duraci\u00f3n, de tal manera que hay el doble de becarios\u201d a\u00f1adiendo que \u201chemos hecho la excepci\u00f3n con los dos becarios del \u00e1rea de Bienestar Social porque entendemos que por las caracter\u00edsticas de su trabajo era m\u00e1s conveniente no cambiar de persona al mes ya que una tendr\u00e1 que realizar trabajos de ayuda a domicilio y la otra realizar\u00e1 las pr\u00e1cticas en el programa de integraci\u00f3n social atendiendo a discapacitados y enfermos mentales\u201d. <\/span><\/p>\n<p class=\"MsoNormal\" style=\"text-align: justify;\"><span style=\"font-size: 12.0pt; line-height: 115%;\" lang=\"ES-TRAD\">El resto de becarios trabajaran en las \u00e1reas de inform\u00e1tica, turismo y patrimonio, servicios municipales, administraci\u00f3n general, secretaria, imagen y sonido, urbanismo, cultura, juventud y deportes y sanidad.<span style=\"mso-spacerun: yes;\">\u00a0 <\/span><\/span><\/p>\n","protected":false},"excerpt":{"rendered":"<p>&nbsp; &nbsp; El alcalde y el concejal de personal reciben a los 24 becarios Esta ma\u00f1ana el alcalde, Jos\u00e9 Vidal y el concejal de Personal, Jes\u00fas Engo recib\u00edan a los 24 becarios que forman parte del programa la Dipu te Beca, impulsado por la Diputaci\u00f3n Provincial de Valencia. Este a\u00f1o, tal y como ha explicado [&hellip;]<\/p>\n","protected":false},"author":1,"featured_media":0,"comment_status":"closed","ping_status":"open","sticky":false,"template":"","format":"standard","meta":{"_monsterinsights_skip_tracking":false,"_monsterinsights_sitenote_active":false,"_monsterinsights_sitenote_note":"","_monsterinsights_sitenote_category":0},"categories":[11,12],"tags":[495,199,20,70],"_links":{"self":[{"href":"http:\/\/www.portaldelolleria.es\/index.php?rest_route=\/wp\/v2\/posts\/3385"}],"collection":[{"href":"http:\/\/www.portaldelolleria.es\/index.php?rest_route=\/wp\/v2\/posts"}],"about":[{"href":"http:\/\/www.portaldelolleria.es\/index.php?rest_route=\/wp\/v2\/types\/post"}],"author":[{"embeddable":true,"href":"http:\/\/www.portaldelolleria.es\/index.php?rest_route=\/wp\/v2\/users\/1"}],"replies":[{"embeddable":true,"href":"http:\/\/www.portaldelolleria.es\/index.php?rest_route=%2Fwp%2Fv2%2Fcomments&post=3385"}],"version-history":[{"count":2,"href":"http:\/\/www.portaldelolleria.es\/index.php?rest_route=\/wp\/v2\/posts\/3385\/revisions"}],"predecessor-version":[{"id":3388,"href":"http:\/\/www.portaldelolleria.es\/index.php?rest_route=\/wp\/v2\/posts\/3385\/revisions\/3388"}],"wp:attachment":[{"href":"http:\/\/www.portaldelolleria.es\/index.php?rest_route=%2Fwp%2Fv2%2Fmedia&parent=3385"}],"wp:term":[{"taxonomy":"category","embeddable":true,"href":"http:\/\/www.portaldelolleria.es\/index.php?rest_route=%2Fwp%2Fv2%2Fcategories&post=3385"},{"taxonomy":"post_tag","embeddable":true,"href":"http:\/\/www.portaldelolleria.es\/index.php?rest_route=%2Fwp%2Fv2%2Ftags&post=3385"}],"curies":[{"name":"wp","href":"https:\/\/api.w.org\/{rel}","templated":true}]}}