{"id":3444,"date":"2013-07-02T11:08:48","date_gmt":"2013-07-02T10:08:48","guid":{"rendered":"http:\/\/www.portaldelolleria.es\/?p=3444"},"modified":"2013-07-02T11:08:48","modified_gmt":"2013-07-02T10:08:48","slug":"recordando-a-liberto-benet-3","status":"publish","type":"post","link":"http:\/\/www.portaldelolleria.es\/?p=3444","title":{"rendered":"Recordando a Liberto Benet (3)"},"content":{"rendered":"<p><a href=\"http:\/\/www.portaldelolleria.es\/wp-content\/uploads\/2013\/07\/liberto3.jpg\"><img loading=\"lazy\" class=\"aligncenter size-full wp-image-3446\" title=\"liberto3\" src=\"http:\/\/www.portaldelolleria.es\/wp-content\/uploads\/2013\/07\/liberto3.jpg\" alt=\"\" width=\"598\" height=\"398\" srcset=\"http:\/\/www.portaldelolleria.es\/wp-content\/uploads\/2013\/07\/liberto3.jpg 598w, http:\/\/www.portaldelolleria.es\/wp-content\/uploads\/2013\/07\/liberto3-300x199.jpg 300w\" sizes=\"(max-width: 598px) 100vw, 598px\" \/><\/a><\/p>\n<p>Con motivo del XXV aniversario del fallecimiento de\u00a0 Liberto Benet,\u00a0 Director de la SEM Sta. Cecilia de L\u2019Olleria,\u00a0 y hasta la celebraci\u00f3n del \u201cXXI Festival Liberto Benet\u201d, se ir\u00e1n reproduciendo en este portal una serie de art\u00edculos y entrevistas\u00a0 obra y cortes\u00eda de Pepe Aparici.\u00a0 Hoy reproducimos las entrevistas tr\u00e1s el \u00abI Festival de Bandas, Memorial Liberto Benet\u00bb, del 5 de Octubre de 1991<\/p>\n<p>\/\/\/\/\/\/\/\/\/\/\/\/\/\/\/\/\/\/\/\/\/<\/p>\n<h1 style=\"text-align: justify;\"><span style=\"font-size: 11.0pt; font-family: 'Arial','sans-serif';\" lang=\"ES-TRAD\">Javier Benet Mart\u00ednez.<\/span><\/h1>\n<p class=\"MsoNormal\"><span lang=\"ES-TRAD\">\u00a0<\/span><\/p>\n<p class=\"MsoNormal\" style=\"margin-left: 88.5pt; text-align: justify; text-indent: -18.0pt; mso-list: l0 level1 lfo1; tab-stops: list 88.5pt;\"><span style=\"font-size: 11.0pt; font-family: 'Arial','sans-serif'; mso-fareast-font-family: Arial;\" lang=\"ES-TRAD\"><span style=\"mso-list: Ignore;\">&#8211;<span style=\"font: 7.0pt 'Times New Roman';\">\u00a0\u00a0\u00a0\u00a0\u00a0\u00a0 <\/span><\/span><\/span><strong style=\"mso-bidi-font-weight: normal;\"><span style=\"font-size: 11.0pt; font-family: 'Arial','sans-serif';\" lang=\"ES-TRAD\">Javi, \u00bfC\u00f3mo era musicalmente tu hermano?<\/span><\/strong><\/p>\n<p class=\"MsoNormal\" style=\"margin-left: 88.5pt; text-align: justify; text-indent: -18.0pt; mso-list: l0 level1 lfo1; tab-stops: list 88.5pt;\"><span style=\"font-size: 11.0pt; font-family: 'Arial','sans-serif'; mso-fareast-font-family: Arial;\" lang=\"ES-TRAD\"><span style=\"mso-list: Ignore;\">&#8211;<span style=\"font: 7.0pt 'Times New Roman';\">\u00a0\u00a0\u00a0\u00a0\u00a0\u00a0 <\/span><\/span><\/span><span style=\"font-size: 11.0pt; font-family: 'Arial','sans-serif';\" lang=\"ES-TRAD\">Era una maravilla. Un t\u00edo f\u00e1cil, muy f\u00e1cil. Tengo que ser sincero. Yo aunque era mucho menor que \u00e9l, le he visto pocas veces estudiar. Es que era un t\u00edo facil\u00edsimo. El instrumento que cog\u00eda, el clarinete, el saxo&#8230; Cuando se present\u00f3 a las oposiciones de la Orquesta Municipal de Valencia, en muy poco tiempo cogi\u00f3 el Fagot<span style=\"mso-spacerun: yes;\">\u00a0 <\/span>y a tocarlo de maravilla. Igual le daba que fuese un compositor que otro cualquiera. Y \u201cjazz\u201d, en el saxo tambi\u00e9n una maravilla.<\/span><\/p>\n<p class=\"MsoNormal\" style=\"margin-left: 88.5pt; text-align: justify;\"><span style=\"font-size: 11.0pt; font-family: 'Arial','sans-serif';\" lang=\"ES-TRAD\">Antes de marcharme a Madrid, estuve con \u00e9l en el grupo que ten\u00edamos \u201cXe Quartet\u201d y repito, era un t\u00edo facil\u00edsimo, para toda clase de m\u00fasica.<\/span><\/p>\n<p class=\"MsoNormal\" style=\"margin-left: 88.5pt; text-align: justify; text-indent: -18.0pt; mso-list: l0 level1 lfo1; tab-stops: list 88.5pt;\"><span style=\"font-size: 11.0pt; font-family: 'Arial','sans-serif'; mso-fareast-font-family: Arial;\" lang=\"ES-TRAD\"><span style=\"mso-list: Ignore;\">&#8211;<span style=\"font: 7.0pt 'Times New Roman';\">\u00a0\u00a0\u00a0\u00a0\u00a0\u00a0 <\/span><\/span><\/span><strong style=\"mso-bidi-font-weight: normal;\"><span style=\"font-size: 11.0pt; font-family: 'Arial','sans-serif';\" lang=\"ES-TRAD\">L\u2019Oller\u00eda, le quer\u00eda. \u00bfC\u00f3mo era Liberto?<\/span><\/strong><\/p>\n<p class=\"MsoNormal\" style=\"margin-left: 88.5pt; text-align: justify; text-indent: -18.0pt; mso-list: l0 level1 lfo1; tab-stops: list 88.5pt;\"><span style=\"font-size: 11.0pt; font-family: 'Arial','sans-serif'; mso-fareast-font-family: Arial;\" lang=\"ES-TRAD\"><span style=\"mso-list: Ignore;\">&#8211;<span style=\"font: 7.0pt 'Times New Roman';\">\u00a0\u00a0\u00a0\u00a0\u00a0\u00a0 <\/span><\/span><\/span><span style=\"font-size: 11.0pt; font-family: 'Arial','sans-serif';\" lang=\"ES-TRAD\">Ha sido una p\u00e9rdida&#8230; Yo hoy lo he pasado mal. Lo paso mal sobre todo cuando oigo su m\u00fasica&#8230; Es muy fuerte. Lo paso muy mal.<\/span><\/p>\n<p class=\"MsoNormal\" style=\"margin-left: 88.5pt; text-align: justify; text-indent: -18.0pt; mso-list: l0 level1 lfo1; tab-stops: list 88.5pt;\"><span style=\"font-size: 11.0pt; font-family: 'Arial','sans-serif'; mso-fareast-font-family: Arial;\" lang=\"ES-TRAD\"><span style=\"mso-list: Ignore;\">&#8211;<span style=\"font: 7.0pt 'Times New Roman';\">\u00a0\u00a0\u00a0\u00a0\u00a0\u00a0 <\/span><\/span><\/span><strong style=\"mso-bidi-font-weight: normal;\"><span style=\"font-size: 11.0pt; font-family: 'Arial','sans-serif';\" lang=\"ES-TRAD\">\u00bfLiberto era de todos?<\/span><\/strong><\/p>\n<p class=\"MsoNormal\" style=\"margin-left: 88.5pt; text-align: justify; text-indent: -18.0pt; mso-list: l0 level1 lfo1; tab-stops: list 88.5pt;\"><span style=\"font-size: 11.0pt; font-family: 'Arial','sans-serif'; mso-fareast-font-family: Arial;\" lang=\"ES-TRAD\"><span style=\"mso-list: Ignore;\">&#8211;<span style=\"font: 7.0pt 'Times New Roman';\">\u00a0\u00a0\u00a0\u00a0\u00a0\u00a0 <\/span><\/span><\/span><span style=\"font-size: 11.0pt; font-family: 'Arial','sans-serif';\" lang=\"ES-TRAD\">S\u00ed. Y adem\u00e1s a m\u00ed particularmente me animaba y me ayudaba mucho siempre. F\u00edjate que nos llev\u00e1bamos diez a\u00f1os de diferencia, que normalmente no se tiene contacto. En \u00e9l yo siempre tuve una ayuda moral.<span style=\"mso-spacerun: yes;\">\u00a0 <\/span>Siempre estaba ah\u00ed.<span style=\"mso-spacerun: yes;\">\u00a0 <\/span>Mi hermano siempre estaba ah\u00ed. <\/span><\/p>\n<p class=\"MsoNormal\" style=\"margin-left: 88.5pt; text-align: justify; text-indent: -18.0pt; mso-list: l0 level1 lfo1; tab-stops: list 88.5pt;\"><span style=\"font-size: 11.0pt; font-family: 'Arial','sans-serif'; mso-fareast-font-family: Arial;\" lang=\"ES-TRAD\"><span style=\"mso-list: Ignore;\">&#8211;<span style=\"font: 7.0pt 'Times New Roman';\">\u00a0\u00a0\u00a0\u00a0\u00a0\u00a0 <\/span><\/span><\/span><strong style=\"mso-bidi-font-weight: normal;\"><span style=\"font-size: 11.0pt; font-family: 'Arial','sans-serif';\" lang=\"ES-TRAD\">\u00bfQu\u00e9 ha significado para ti<span style=\"mso-spacerun: yes;\">\u00a0 <\/span>la iniciativa de hacerle estos festivales anuales<\/span><\/strong><span style=\"font-size: 11.0pt; font-family: 'Arial','sans-serif';\" lang=\"ES-TRAD\">?<\/span><\/p>\n<p class=\"MsoNormal\" style=\"margin-left: 88.5pt; text-align: justify; text-indent: -18.0pt; mso-list: l0 level1 lfo1; tab-stops: list 88.5pt;\"><span style=\"font-size: 11.0pt; font-family: 'Arial','sans-serif'; mso-fareast-font-family: Arial;\" lang=\"ES-TRAD\"><span style=\"mso-list: Ignore;\">&#8211;<span style=\"font: 7.0pt 'Times New Roman';\">\u00a0\u00a0\u00a0\u00a0\u00a0\u00a0 <\/span><\/span><\/span><span style=\"font-size: 11.0pt; font-family: 'Arial','sans-serif';\" lang=\"ES-TRAD\">Particularmente me ha gustado mucho. Es una forma de seguir ligado a mi pueblo, ya que venir a las fiestas&#8230; una veces puedes pero otras no puedes. De esta manera me apetecer\u00e1 venir cada a\u00f1o a ver que pasa por aqu\u00ed, y ser\u00e1 una forma de seguir ligado a mi pueblo. La verdad es que cuando me fui de L\u2019Oller\u00eda, pr\u00e1cticamente perd\u00ed el contacto con todo, menos en unas cuantas personas amigas. Al volver Liberto, volv\u00ed yo.<span style=\"mso-spacerun: yes;\">\u00a0 <\/span>Volv\u00ed a tocar en la Banda en cert\u00e1menes y fiestas. Estoy retornando a mi pueblo de nacimiento. Ser\u00e1 una forma de estar aqu\u00ed cada a\u00f1o. Me tendr\u00e9is aqu\u00ed de cuando en cuando, ya que estoy cogiendo cada vez m\u00e1s uni\u00f3n en personas y amigos, uni\u00f3n que antes estaba floja por la distancia, pero que ahora se est\u00e1 fortaleciendo. S\u00ed, me tendr\u00e9is aqu\u00ed.<span style=\"mso-spacerun: yes;\">\u00a0\u00a0 <\/span><\/span><\/p>\n<p class=\"MsoNormal\" style=\"text-align: justify;\"><strong style=\"mso-bidi-font-weight: normal;\"><span style=\"font-size: 11.0pt; font-family: 'Arial','sans-serif';\" lang=\"ES-TRAD\">\u00a0<\/span><\/strong><\/p>\n<p class=\"MsoNormal\" style=\"text-align: justify;\"><strong style=\"mso-bidi-font-weight: normal;\"><span style=\"font-size: 11.0pt; font-family: 'Arial','sans-serif';\" lang=\"ES-TRAD\">Paco Mu\u00f1oz.<\/span><\/strong><\/p>\n<p class=\"MsoNormal\" style=\"margin-left: 88.5pt; text-align: justify; text-indent: -18.0pt; mso-list: l0 level1 lfo1; tab-stops: list 88.5pt;\"><span style=\"font-size: 11.0pt; font-family: 'Arial','sans-serif'; mso-fareast-font-family: Arial;\" lang=\"ES-TRAD\"><span style=\"mso-list: Ignore;\">&#8211;<span style=\"font: 7.0pt 'Times New Roman';\">\u00a0\u00a0\u00a0\u00a0\u00a0\u00a0 <\/span><\/span><\/span><strong style=\"mso-bidi-font-weight: normal;\"><span style=\"font-size: 11.0pt; font-family: 'Arial','sans-serif';\" lang=\"ES-TRAD\">Paco, \u00bfQu\u00e9 recuerdas t\u00fa de Liberto?<\/span><\/strong><\/p>\n<p class=\"MsoNormal\" style=\"margin-left: 88.5pt; text-align: justify; text-indent: -18.0pt; mso-list: l0 level1 lfo1; tab-stops: list 88.5pt;\"><span style=\"font-size: 11.0pt; font-family: 'Arial','sans-serif'; mso-fareast-font-family: Arial;\" lang=\"ES-TRAD\"><span style=\"mso-list: Ignore;\">&#8211;<span style=\"font: 7.0pt 'Times New Roman';\">\u00a0\u00a0\u00a0\u00a0\u00a0\u00a0 <\/span><\/span><\/span><span style=\"font-size: 11.0pt; font-family: 'Arial','sans-serif';\" lang=\"ES-TRAD\"><span style=\"mso-spacerun: yes;\">\u00a0<\/span>Para m\u00ed era una persona que en poco que lo trataras, ya el tenias definido. Una persona de una sola pieza, delante de todos los aspectos musicales, etc. Sabias que era un amigo y que estaba ah\u00ed para lo que te hiciese falta aunque estuviera<span style=\"mso-spacerun: yes;\">\u00a0 <\/span>tres o cuatro a\u00f1os sin verle. Yo me he alegrado mucho de que la gente de L\u2019Oller\u00eda, se acordase de m\u00ed para que hablase hoy de Liberto.<\/span><\/p>\n<p class=\"MsoNormal\" style=\"margin-left: 88.5pt; text-align: justify; text-indent: -18.0pt; mso-list: l0 level1 lfo1; tab-stops: list 88.5pt;\"><span style=\"font-size: 11.0pt; font-family: 'Arial','sans-serif'; mso-fareast-font-family: Arial;\" lang=\"ES-TRAD\"><span style=\"mso-list: Ignore;\">&#8211;<span style=\"font: 7.0pt 'Times New Roman';\">\u00a0\u00a0\u00a0\u00a0\u00a0\u00a0 <\/span><\/span><\/span><strong style=\"mso-bidi-font-weight: normal;\"><span style=\"font-size: 11.0pt; font-family: 'Arial','sans-serif';\" lang=\"ES-TRAD\">A Javi le he preguntado, si su hermano era un hombre de todos. \u00bfT\u00fa crees que fue as\u00ed?<\/span><\/strong><\/p>\n<p class=\"MsoNormal\" style=\"margin-left: 88.5pt; text-align: justify; text-indent: -18.0pt; mso-list: l0 level1 lfo1; tab-stops: list 88.5pt;\"><span style=\"font-size: 11.0pt; font-family: 'Arial','sans-serif'; mso-fareast-font-family: Arial;\" lang=\"ES-TRAD\"><span style=\"mso-list: Ignore;\">&#8211;<span style=\"font: 7.0pt 'Times New Roman';\">\u00a0\u00a0\u00a0\u00a0\u00a0\u00a0 <\/span><\/span><\/span><span style=\"font-size: 11.0pt; font-family: 'Arial','sans-serif';\" lang=\"ES-TRAD\">Yo pienso que s\u00ed. Pienso que era un hombre sin fronteras, muy comprensivo y muy abierto, motivo por el cual ten\u00eda amigos all\u00e1 donde estaba, independientemente de que era un hombre con gran capacidad de trabajo, por que las obras que \u00e9l ha dejado hechas, no se improvisan. Yo creo que ten\u00eda las dos facetas: Un hombre abierto, comprensivo, pero que al mismo tiempo sab\u00eda<span style=\"mso-spacerun: yes;\">\u00a0 <\/span>lo que quer\u00eda. Y consegu\u00eda que la gente se ilusionase con las ilusiones suyas.<\/span><\/p>\n<p class=\"MsoNormal\" style=\"margin-left: 88.5pt; text-align: justify; text-indent: -18.0pt; mso-list: l0 level1 lfo1; tab-stops: list 88.5pt;\"><span style=\"font-size: 11.0pt; font-family: 'Arial','sans-serif'; mso-fareast-font-family: Arial;\" lang=\"ES-TRAD\"><span style=\"mso-list: Ignore;\">&#8211;<span style=\"font: 7.0pt 'Times New Roman';\">\u00a0\u00a0\u00a0\u00a0\u00a0\u00a0 <\/span><\/span><\/span><strong style=\"mso-bidi-font-weight: normal;\"><span style=\"font-size: 11.0pt; font-family: 'Arial','sans-serif';\" lang=\"ES-TRAD\">\u00bfQu\u00e9 me dices de la iniciativa de dedicarle estos festivales anuales?<\/span><\/strong><\/p>\n<p class=\"MsoNormal\" style=\"margin-left: 88.5pt; text-align: justify; text-indent: -18.0pt; mso-list: l0 level1 lfo1; tab-stops: list 88.5pt;\"><span style=\"font-size: 11.0pt; font-family: 'Arial','sans-serif'; mso-fareast-font-family: Arial;\" lang=\"ES-TRAD\"><span style=\"mso-list: Ignore;\">&#8211;<span style=\"font: 7.0pt 'Times New Roman';\">\u00a0\u00a0\u00a0\u00a0\u00a0\u00a0 <\/span><\/span><\/span><span style=\"font-size: 11.0pt; font-family: 'Arial','sans-serif';\" lang=\"ES-TRAD\">Yo me siento pagado. Pienso que la gente sea agradecida y recuerde a qui\u00e9n ha hecho algo por el. Hasta ahora no era normal, no sol\u00eda<span style=\"mso-spacerun: yes;\">\u00a0 <\/span>pasar. La gente se olvida muy pronto. Que un pueblo tenga la ilusi\u00f3n de recordar en un festival de m\u00fasica a una persona como Liberto, para m\u00ed creo que es muy importante y pienso que es muy significativo y habla muy bien de L\u2019Oller\u00eda.<\/span><\/p>\n<p class=\"MsoNormal\" style=\"text-align: justify;\"><strong style=\"mso-bidi-font-weight: normal;\"><span style=\"font-size: 11.0pt; font-family: 'Arial','sans-serif';\" lang=\"ES-TRAD\">\u00a0<\/span><\/strong><\/p>\n<p class=\"MsoNormal\" style=\"text-align: justify;\"><strong style=\"mso-bidi-font-weight: normal;\"><span style=\"font-size: 11.0pt; font-family: 'Arial','sans-serif';\" lang=\"ES-TRAD\">Marcos Momp\u00f3 Momp\u00f3<\/span><\/strong><\/p>\n<p class=\"MsoNormal\" style=\"text-align: justify;\"><span style=\"font-size: 11.0pt; font-family: 'Arial','sans-serif';\" lang=\"ES-TRAD\"><span style=\"mso-spacerun: yes;\">\u00a0<\/span><\/span><\/p>\n<p class=\"MsoNormal\" style=\"margin-left: 88.5pt; text-align: justify; text-indent: -18.0pt; mso-list: l0 level1 lfo1; tab-stops: list 88.5pt;\"><span style=\"font-size: 11.0pt; font-family: 'Arial','sans-serif'; mso-fareast-font-family: Arial;\" lang=\"ES-TRAD\"><span style=\"mso-list: Ignore;\">&#8211;<span style=\"font: 7.0pt 'Times New Roman';\">\u00a0\u00a0\u00a0\u00a0\u00a0\u00a0 <\/span><\/span><\/span><strong style=\"mso-bidi-font-weight: normal;\"><span style=\"font-size: 11.0pt; font-family: 'Arial','sans-serif';\" lang=\"ES-TRAD\">\u00bfQu\u00e9 era<span style=\"mso-spacerun: yes;\">\u00a0 <\/span>Liberto Benet en la Banda de L\u2019Oller\u00eda?<\/span><\/strong><\/p>\n<p class=\"MsoNormal\" style=\"margin-left: 88.5pt; text-align: justify; text-indent: -18.0pt; mso-list: l0 level1 lfo1; tab-stops: list 88.5pt;\"><span style=\"font-size: 11.0pt; font-family: 'Arial','sans-serif'; mso-fareast-font-family: Arial;\" lang=\"ES-TRAD\"><span style=\"mso-list: Ignore;\">&#8211;<span style=\"font: 7.0pt 'Times New Roman';\">\u00a0\u00a0\u00a0\u00a0\u00a0\u00a0 <\/span><\/span><\/span><span style=\"font-size: 11.0pt; font-family: 'Arial','sans-serif';\" lang=\"ES-TRAD\">Liberto Benet fue y es, la actual Banda de M\u00fasica de L\u2019Oller\u00eda, la actual Escuela de educandos, la actual forma pol\u00edtica musical de la Banda de L\u2019Oller\u00eda y es, todo lo que hoy hay en el Centro Musical.<\/span><\/p>\n<p class=\"MsoNormal\" style=\"margin-left: 88.5pt; text-align: justify;\"><span style=\"font-size: 11.0pt; font-family: 'Arial','sans-serif';\" lang=\"ES-TRAD\">Liberto fue para m\u00ed y los m\u00fasicos de entonces el que nos abri\u00f3 las puertas del mundo de la m\u00fasica. Hizo que la m\u00fasica nos gustase. Participar y disfrutar desde una marcha de procesi\u00f3n o pasodoble, hasta la obra m\u00e1s complicada.<\/span><\/p>\n<p class=\"MsoNormal\" style=\"margin-left: 88.5pt; text-align: justify;\"><span style=\"font-size: 11.0pt; font-family: 'Arial','sans-serif';\" lang=\"ES-TRAD\">Trajo una renovaci\u00f3n muy grande a la Banda, la cual se puso a la cabeza de toda la Vall d\u2019Albaida\u201d<\/span><\/p>\n<p class=\"MsoNormal\" style=\"margin-left: 88.5pt; text-align: justify; text-indent: -18.0pt; mso-list: l0 level1 lfo1; tab-stops: list 88.5pt;\"><span style=\"font-size: 11.0pt; font-family: 'Arial','sans-serif'; mso-fareast-font-family: Arial;\" lang=\"ES-TRAD\"><span style=\"mso-list: Ignore;\">&#8211;<span style=\"font: 7.0pt 'Times New Roman';\">\u00a0\u00a0\u00a0\u00a0\u00a0\u00a0 <\/span><\/span><\/span><strong style=\"mso-bidi-font-weight: normal;\"><span style=\"font-size: 11.0pt; font-family: 'Arial','sans-serif';\" lang=\"ES-TRAD\">Parece ser que este festival va a continuar todos los a\u00f1os. \u00bfC\u00f3mo va a ser esto?<\/span><\/strong><\/p>\n<p class=\"MsoNormal\" style=\"margin-left: 88.5pt; text-align: justify; text-indent: -18.0pt; mso-list: l0 level1 lfo1; tab-stops: list 88.5pt;\"><span style=\"font-size: 11.0pt; font-family: 'Arial','sans-serif'; mso-fareast-font-family: Arial;\" lang=\"ES-TRAD\"><span style=\"mso-list: Ignore;\">&#8211;<span style=\"font: 7.0pt 'Times New Roman';\">\u00a0\u00a0\u00a0\u00a0\u00a0\u00a0 <\/span><\/span><\/span><span style=\"font-size: 11.0pt; font-family: 'Arial','sans-serif';\" lang=\"ES-TRAD\">Desde que muri\u00f3 Liberto, hemos estado buscando un acto musical que llevase su nombre y tuviese continuidad todos los a\u00f1os. Este a\u00f1o ya hemos conseguido realizarlo y por lo tanto es nuestra intenci\u00f3n llevarlo a la pr\u00e1ctica<span style=\"mso-spacerun: yes;\">\u00a0 <\/span>todos los a\u00f1os.<\/span><\/p>\n<p class=\"MsoNormal\" style=\"margin-left: 88.5pt;\"><strong style=\"mso-bidi-font-weight: normal;\"><span style=\"font-size: 11.0pt; font-family: 'Arial','sans-serif';\" lang=\"ES-TRAD\">\u00a0<\/span><\/strong><\/p>\n<p class=\"MsoNormal\" style=\"margin-left: 88.5pt;\"><strong style=\"mso-bidi-font-weight: normal;\"><span style=\"font-size: 11.0pt; font-family: 'Arial','sans-serif';\" lang=\"ES-TRAD\">\u00a0<\/span><\/strong><strong style=\"mso-bidi-font-weight: normal;\"><span style=\"text-decoration: underline;\"><span style=\"font-size: 10.0pt; font-family: 'Arial','sans-serif';\" lang=\"ES-TRAD\"><span style=\"text-decoration: none;\">\u00a0<\/span><\/span><\/span><\/strong><\/p>\n<p class=\"MsoNormal\" style=\"margin-left: 88.5pt; text-align: justify;\"><span lang=\"ES-TRAD\">\u00a0<\/span><\/p>\n<p><a href=\"http:\/\/www.portaldelolleria.es\/wp-content\/uploads\/2013\/07\/Liberto-JPG.jpg\"><img loading=\"lazy\" class=\"aligncenter size-full wp-image-3445\" title=\"Liberto JPG\" src=\"http:\/\/www.portaldelolleria.es\/wp-content\/uploads\/2013\/07\/Liberto-JPG.jpg\" alt=\"\" width=\"598\" height=\"434\" srcset=\"http:\/\/www.portaldelolleria.es\/wp-content\/uploads\/2013\/07\/Liberto-JPG.jpg 598w, http:\/\/www.portaldelolleria.es\/wp-content\/uploads\/2013\/07\/Liberto-JPG-300x217.jpg 300w\" sizes=\"(max-width: 598px) 100vw, 598px\" \/><\/a><\/p>\n","protected":false},"excerpt":{"rendered":"<p>Con motivo del XXV aniversario del fallecimiento de\u00a0 Liberto Benet,\u00a0 Director de la SEM Sta. Cecilia de L\u2019Olleria,\u00a0 y hasta la celebraci\u00f3n del \u201cXXI Festival Liberto Benet\u201d, se ir\u00e1n reproduciendo en este portal una serie de art\u00edculos y entrevistas\u00a0 obra y cortes\u00eda de Pepe Aparici.\u00a0 Hoy reproducimos las entrevistas tr\u00e1s el \u00abI Festival de Bandas, [&hellip;]<\/p>\n","protected":false},"author":1,"featured_media":0,"comment_status":"closed","ping_status":"open","sticky":false,"template":"","format":"standard","meta":{"_monsterinsights_skip_tracking":false,"_monsterinsights_sitenote_active":false,"_monsterinsights_sitenote_note":"","_monsterinsights_sitenote_category":0},"categories":[16,12],"tags":[20,253],"_links":{"self":[{"href":"http:\/\/www.portaldelolleria.es\/index.php?rest_route=\/wp\/v2\/posts\/3444"}],"collection":[{"href":"http:\/\/www.portaldelolleria.es\/index.php?rest_route=\/wp\/v2\/posts"}],"about":[{"href":"http:\/\/www.portaldelolleria.es\/index.php?rest_route=\/wp\/v2\/types\/post"}],"author":[{"embeddable":true,"href":"http:\/\/www.portaldelolleria.es\/index.php?rest_route=\/wp\/v2\/users\/1"}],"replies":[{"embeddable":true,"href":"http:\/\/www.portaldelolleria.es\/index.php?rest_route=%2Fwp%2Fv2%2Fcomments&post=3444"}],"version-history":[{"count":1,"href":"http:\/\/www.portaldelolleria.es\/index.php?rest_route=\/wp\/v2\/posts\/3444\/revisions"}],"predecessor-version":[{"id":3447,"href":"http:\/\/www.portaldelolleria.es\/index.php?rest_route=\/wp\/v2\/posts\/3444\/revisions\/3447"}],"wp:attachment":[{"href":"http:\/\/www.portaldelolleria.es\/index.php?rest_route=%2Fwp%2Fv2%2Fmedia&parent=3444"}],"wp:term":[{"taxonomy":"category","embeddable":true,"href":"http:\/\/www.portaldelolleria.es\/index.php?rest_route=%2Fwp%2Fv2%2Fcategories&post=3444"},{"taxonomy":"post_tag","embeddable":true,"href":"http:\/\/www.portaldelolleria.es\/index.php?rest_route=%2Fwp%2Fv2%2Ftags&post=3444"}],"curies":[{"name":"wp","href":"https:\/\/api.w.org\/{rel}","templated":true}]}}