{"id":3468,"date":"2013-07-02T18:05:04","date_gmt":"2013-07-02T17:05:04","guid":{"rendered":"http:\/\/www.portaldelolleria.es\/?p=3468"},"modified":"2013-07-02T18:05:04","modified_gmt":"2013-07-02T17:05:04","slug":"las-eem-de-baloncesto-y-tenis-de-lolleria-terminan-temporada-con-una-gran-fiesta","status":"publish","type":"post","link":"http:\/\/www.portaldelolleria.es\/?p=3468","title":{"rendered":"Las EEM de Baloncesto y Tenis de L&#8217;Olleria terminan temporada con una gran fiesta"},"content":{"rendered":"<p style=\"text-align: center;\"><a href=\"http:\/\/www.portaldelolleria.es\/wp-content\/uploads\/2013\/07\/tenis.jpg\"><img loading=\"lazy\" class=\"aligncenter size-full wp-image-3469\" title=\"tenis\" src=\"http:\/\/www.portaldelolleria.es\/wp-content\/uploads\/2013\/07\/tenis.jpg\" alt=\"\" width=\"598\" height=\"372\" srcset=\"http:\/\/www.portaldelolleria.es\/wp-content\/uploads\/2013\/07\/tenis.jpg 874w, http:\/\/www.portaldelolleria.es\/wp-content\/uploads\/2013\/07\/tenis-300x186.jpg 300w\" sizes=\"(max-width: 598px) 100vw, 598px\" \/><\/a><\/p>\n<p style=\"text-align: left;\"><span id=\"result_box\" lang=\"es\"><span class=\"hps\">Este pasado<\/span> <span class=\"hps\">s\u00e1bado 29<\/span> <span class=\"hps\">de junio<\/span> <span class=\"hps\">en<\/span> <span class=\"hps\">el pabell\u00f3n<\/span> <span class=\"hps\">deportivo de la<\/span> <span class=\"hps\">Solana<\/span> <span class=\"hps\">se realiz\u00f3<\/span> <span class=\"hps\">la fiesta<\/span> <span class=\"hps\">de fin de curso<\/span> <span class=\"hps\">de la Escuela Deportiva<\/span> <span class=\"hps\">de Baloncesto de<\/span> <span class=\"hps\">L&#8217;Olleria<\/span><span>,<\/span> <span class=\"hps\">una jornada<\/span> <span class=\"hps\">que result\u00f3 muy<\/span> <span class=\"hps\">divertida y<\/span> <span class=\"hps\">con<\/span> <span class=\"hps\">un claro<\/span> <span class=\"hps\">car\u00e1cter<\/span> <span class=\"hps\">festivo<\/span> <span class=\"hps\">y familiar<\/span><span>.<\/span> <span class=\"hps\">En esta jornada<\/span> <span class=\"hps\">festiva<\/span> <span class=\"hps\">se realizaron una<\/span> <span class=\"hps\">serie<\/span> <span class=\"hps\">de partidos<\/span> <span class=\"hps\">entre los ni\u00f1os<\/span> <span class=\"hps\">y los padres<\/span> <span class=\"hps\">y<\/span> <span class=\"hps\">madres de los<\/span> <span class=\"hps\">alumnos<\/span><span>,<\/span> <span class=\"hps\">y para finalizar<\/span> <span class=\"hps\">se pas\u00f3 a<\/span> <span class=\"hps\">dar a todos los<\/span> <span class=\"hps\">alumnos<\/span> <span class=\"hps\">un bolet\u00edn<\/span> <span class=\"hps\">de evaluaci\u00f3n de toda<\/span> <span class=\"hps\">la temporada y<\/span> <span class=\"hps\">un detalle<\/span> <span class=\"hps\">a<\/span> <span class=\"hps\">cada uno de los<\/span> <span class=\"hps\">alumnos<\/span><span>,<\/span> <span class=\"hps\">que fue<\/span> <span class=\"hps\">entregado<\/span> <span class=\"hps\">por Vicente<\/span> <span class=\"hps\">Oviedo<\/span><span>, concejal<\/span> <span class=\"hps\">de Deportes del<\/span> <span class=\"hps\">Ayuntamiento de L&#8217;Olleria<\/span><span>.<\/span> <span class=\"hps\">Tambi\u00e9n se realizaron<\/span> <span class=\"hps\">todos los alumnos una<\/span> <span class=\"hps\">foto final<\/span> <span class=\"hps\">de grupo y<\/span> <span class=\"hps\">en el mismo pabell\u00f3n<\/span> <span class=\"hps\">se realiz\u00f3 un<\/span> <span class=\"hps\">almuerzo en el<\/span> <span class=\"hps\">que participaron<\/span> <span class=\"hps\">todos los alumnos<\/span><span>.<\/span><br \/>\n<span class=\"hps\">Cabe<\/span> <span class=\"hps\">destacar que todos los<\/span> <span class=\"hps\">alumnos hicieron<\/span> <span class=\"hps\">unos<\/span> <span class=\"hps\">regalos<\/span> <span class=\"hps\">a Dani<\/span> <span class=\"hps\">Semper<\/span><span>,<\/span> <span class=\"hps\">el coordinador<\/span> <span class=\"hps\">y<\/span> <span class=\"hps\">entrenador de las<\/span> <span class=\"hps\">Escuelas Deportivas<\/span> <span class=\"hps\">de Baloncesto<\/span><span>, y<\/span> <span class=\"hps\">Adolfo<\/span> <span class=\"hps\">Garc\u00eda<\/span><span>,<\/span> <span class=\"hps\">una de las personas<\/span> <span class=\"hps\">que m\u00e1s ha<\/span> <span class=\"hps\">colaborado<\/span> <span class=\"hps\">con<\/span> <span class=\"hps\">la escuela<\/span> <span class=\"hps\">ayudando<\/span> <span class=\"hps\">tanto en los<\/span> <span class=\"hps\">entrenamientos<\/span> <span class=\"hps\">como en los<\/span> <span class=\"hps\">partidos de los<\/span> <span class=\"hps\">equipos<\/span> <span class=\"hps\">de la escuela<\/span><span>.<\/span><br \/>\n<span class=\"hps\">Tambi\u00e9n<\/span> <span class=\"hps\">este<\/span> <span class=\"hps\">mismo s\u00e1bado<\/span> <span class=\"hps\">se realiz\u00f3<\/span> <span class=\"hps\">el \u00faltimo entrenamiento<\/span> <span class=\"hps\">de las Escuelas<\/span> <span class=\"hps\">Deportivas de<\/span> <span class=\"hps\">Tenis<\/span><span>,<\/span> <span class=\"hps\">entrenamiento que<\/span> <span class=\"hps\">aprovecharon para<\/span> <span class=\"hps\">realizar<\/span> <span class=\"hps\">varios juegos<\/span><span>,<\/span> <span class=\"hps\">en la piscina<\/span><span>, en la pista<\/span> <span class=\"hps\">de paddle,<\/span> <span class=\"hps\">el campo de f\u00fatbol<\/span><span>,<\/span> <span class=\"hps\">etc<\/span> <span class=\"hps\">y que result\u00f3<\/span> <span class=\"hps\">una jornada<\/span> <span class=\"hps\">de fiesta<\/span> <span class=\"hps\">para todos los<\/span> <span class=\"hps\">alumnos<\/span><span>.<\/span><br \/>\n<span class=\"hps\">Al finalizar la jornada<\/span> <span class=\"hps\">se le<\/span> <span class=\"hps\">dio<\/span> <span class=\"hps\">un detalle<\/span> <span class=\"hps\">a cada alumno<\/span> <span class=\"hps\">y<\/span> <span class=\"hps\">se realizaron<\/span> <span class=\"hps\">una foto de grupo<\/span><span>.<\/span><\/span><\/p>\n<p style=\"text-align: center;\">\n<p style=\"text-align: center;\"><a href=\"http:\/\/www.portaldelolleria.es\/wp-content\/uploads\/2013\/07\/EEbasquetlolleria.jpg\"><img loading=\"lazy\" class=\"aligncenter size-full wp-image-3470\" title=\"EEbasquetlolleria\" src=\"http:\/\/www.portaldelolleria.es\/wp-content\/uploads\/2013\/07\/EEbasquetlolleria.jpg\" alt=\"\" width=\"598\" height=\"318\" srcset=\"http:\/\/www.portaldelolleria.es\/wp-content\/uploads\/2013\/07\/EEbasquetlolleria.jpg 1000w, http:\/\/www.portaldelolleria.es\/wp-content\/uploads\/2013\/07\/EEbasquetlolleria-300x159.jpg 300w\" sizes=\"(max-width: 598px) 100vw, 598px\" \/><\/a><\/p>\n","protected":false},"excerpt":{"rendered":"<p>Este pasado s\u00e1bado 29 de junio en el pabell\u00f3n deportivo de la Solana se realiz\u00f3 la fiesta de fin de curso de la Escuela Deportiva de Baloncesto de L&#8217;Olleria, una jornada que result\u00f3 muy divertida y con un claro car\u00e1cter festivo y familiar. En esta jornada festiva se realizaron una serie de partidos entre los [&hellip;]<\/p>\n","protected":false},"author":1,"featured_media":0,"comment_status":"closed","ping_status":"open","sticky":false,"template":"","format":"standard","meta":{"_monsterinsights_skip_tracking":false,"_monsterinsights_sitenote_active":false,"_monsterinsights_sitenote_note":"","_monsterinsights_sitenote_category":0},"categories":[9,12],"tags":[407,214,314,408,20,107],"_links":{"self":[{"href":"http:\/\/www.portaldelolleria.es\/index.php?rest_route=\/wp\/v2\/posts\/3468"}],"collection":[{"href":"http:\/\/www.portaldelolleria.es\/index.php?rest_route=\/wp\/v2\/posts"}],"about":[{"href":"http:\/\/www.portaldelolleria.es\/index.php?rest_route=\/wp\/v2\/types\/post"}],"author":[{"embeddable":true,"href":"http:\/\/www.portaldelolleria.es\/index.php?rest_route=\/wp\/v2\/users\/1"}],"replies":[{"embeddable":true,"href":"http:\/\/www.portaldelolleria.es\/index.php?rest_route=%2Fwp%2Fv2%2Fcomments&post=3468"}],"version-history":[{"count":2,"href":"http:\/\/www.portaldelolleria.es\/index.php?rest_route=\/wp\/v2\/posts\/3468\/revisions"}],"predecessor-version":[{"id":3472,"href":"http:\/\/www.portaldelolleria.es\/index.php?rest_route=\/wp\/v2\/posts\/3468\/revisions\/3472"}],"wp:attachment":[{"href":"http:\/\/www.portaldelolleria.es\/index.php?rest_route=%2Fwp%2Fv2%2Fmedia&parent=3468"}],"wp:term":[{"taxonomy":"category","embeddable":true,"href":"http:\/\/www.portaldelolleria.es\/index.php?rest_route=%2Fwp%2Fv2%2Fcategories&post=3468"},{"taxonomy":"post_tag","embeddable":true,"href":"http:\/\/www.portaldelolleria.es\/index.php?rest_route=%2Fwp%2Fv2%2Ftags&post=3468"}],"curies":[{"name":"wp","href":"https:\/\/api.w.org\/{rel}","templated":true}]}}