{"id":3538,"date":"2013-07-07T12:00:25","date_gmt":"2013-07-07T10:00:25","guid":{"rendered":"http:\/\/www.portaldelolleria.es\/?p=3538"},"modified":"2013-07-06T10:57:06","modified_gmt":"2013-07-06T08:57:06","slug":"oscar-salamanca-volvera-a-representar-a-la-edm-taekwondo-de-lolleria","status":"publish","type":"post","link":"http:\/\/www.portaldelolleria.es\/?p=3538","title":{"rendered":"Oscar Salamanca  volver\u00e1 a representar a la EDM Taekwondo de L&#8217;Olleria"},"content":{"rendered":"<p>&nbsp;<\/p>\n<p><a href=\"http:\/\/www.portaldelolleria.es\/wp-content\/uploads\/2013\/07\/oscar-salamanca.jpg\"><img loading=\"lazy\" class=\"aligncenter size-full wp-image-3540\" title=\"oscar salamanca\" src=\"http:\/\/www.portaldelolleria.es\/wp-content\/uploads\/2013\/07\/oscar-salamanca.jpg\" alt=\"\" width=\"598\" height=\"398\" srcset=\"http:\/\/www.portaldelolleria.es\/wp-content\/uploads\/2013\/07\/oscar-salamanca.jpg 598w, http:\/\/www.portaldelolleria.es\/wp-content\/uploads\/2013\/07\/oscar-salamanca-300x199.jpg 300w\" sizes=\"(max-width: 598px) 100vw, 598px\" \/><\/a>taekwondovalldalbaida 04-07-2013<\/p>\n<div>Una vez celebrado el II Open Intenacional de la Comunidad Valenciana el pasado 29-06-2013\u00a0 se d\u00e1 por finalizada la temporada 2012-2013 de taekwondo,\u00a0 al mismo tiempo que el compromiso con el club de la comarca vecina La\u00a0 Safor. Oscar Salamanca regresa al club que como deportista lo vi\u00f3 nacer y donde estuvo los primeros cinco a\u00f1os de pr\u00e1ctica de taekwondo a las ordenes de Fernando Arjona, para defender el Club y a la \u00a0EMD de L&#8217;Olleria, en las competiciones de las siguientes temporadas venideras. Lo hace al t\u00e9rmino de la temporada 2012-2013 que ha sido sin duda la mejor temporada de toda su trayectoria deportiva.<\/div>\n<div>A continuacion hacemos referencia \u00a0de su palmar\u00e9s en la actual temporada haciendo menci\u00f3n s\u00f3lo de los logros en campeonatos oficiales \u00a0de la temporada 2012-2013 que empezo en Septiembre del 2012:<\/div>\n<div><a href=\"http:\/\/www.portaldelolleria.es\/wp-content\/uploads\/2013\/07\/salamanca2.jpg\"><img loading=\"lazy\" class=\"aligncenter size-full wp-image-3539\" title=\"salamanca2\" src=\"http:\/\/www.portaldelolleria.es\/wp-content\/uploads\/2013\/07\/salamanca2.jpg\" alt=\"\" width=\"598\" height=\"797\" srcset=\"http:\/\/www.portaldelolleria.es\/wp-content\/uploads\/2013\/07\/salamanca2.jpg 598w, http:\/\/www.portaldelolleria.es\/wp-content\/uploads\/2013\/07\/salamanca2-225x300.jpg 225w\" sizes=\"(max-width: 598px) 100vw, 598px\" \/><\/a><\/div>\n<div>SEPTIEMBRE 2012: ORO Y CAMPEON AUTONOMICO \u00a0CATEGORIA SUB 21<\/div>\n<div>OCTUBRE 2012:BRONCE EN CATEGORIA SENIOR PESOS OLIMPICOS COPA DEL REY DE ESPA\u00d1A<\/div>\n<div>DICIEMBRE 2012: ORO Y CAMPEON DE ESPA\u00d1A DE CLUBS \u00a0CATEGORIA SENIOR<\/div>\n<div>DICIEMBRE 2012: ORO Y CAMPEON \u00a0AUTONOMICO \u00a0EN CATEGORIA ABSOLUTO<\/div>\n<div>MARZO 2013 : PLATA Y SUBCAMPEON DE ESPA\u00d1A EN CATEGORIA SUB21<\/div>\n<div>MARZO 2013 : 4\u00ba CLASIFICADO EN CAMPEONATO DE ESPA\u00d1A EN CATEGORIA SENIOR<\/div>\n<div>ABRIL \u00a02013: ORO Y CAMPEON DE LA LIGUILLA AUTONOMICA 2012 -2013 EN CATEGORIA ABSOLUTO<\/div>\n<div>MAYO 2013: 4\u00ba CLASIFICADO EN EL OPEN INTERNACIONAL DE ESPA\u00d1A EN CATEGORIA SENIOR<\/div>\n<div>JUNIO2013:ORO Y CAMPEON DE LA COPA CAMPEONES AUTONOMICA EN CATEGORIA SENIOR<\/div>\n<div>Esta es su carta de presentaci\u00f3n en su retorno al Club, donde todo empez\u00f3 para \u00e9l.\u00a0 Al lado del reci\u00e9n premiado con la medalla \u00a0de plata al m\u00e9rito deportivo FERNANDO ARJONA, todo esto habla por si solo del nivel del deportista de L&#8217;Olleria.<\/div>\n","protected":false},"excerpt":{"rendered":"<p>&nbsp; taekwondovalldalbaida 04-07-2013 Una vez celebrado el II Open Intenacional de la Comunidad Valenciana el pasado 29-06-2013\u00a0 se d\u00e1 por finalizada la temporada 2012-2013 de taekwondo,\u00a0 al mismo tiempo que el compromiso con el club de la comarca vecina La\u00a0 Safor. Oscar Salamanca regresa al club que como deportista lo vi\u00f3 nacer y donde estuvo [&hellip;]<\/p>\n","protected":false},"author":1,"featured_media":0,"comment_status":"closed","ping_status":"open","sticky":false,"template":"","format":"standard","meta":{"_monsterinsights_skip_tracking":false,"_monsterinsights_sitenote_active":false,"_monsterinsights_sitenote_note":"","_monsterinsights_sitenote_category":0},"categories":[9,12],"tags":[778,779,20,145,19],"_links":{"self":[{"href":"http:\/\/www.portaldelolleria.es\/index.php?rest_route=\/wp\/v2\/posts\/3538"}],"collection":[{"href":"http:\/\/www.portaldelolleria.es\/index.php?rest_route=\/wp\/v2\/posts"}],"about":[{"href":"http:\/\/www.portaldelolleria.es\/index.php?rest_route=\/wp\/v2\/types\/post"}],"author":[{"embeddable":true,"href":"http:\/\/www.portaldelolleria.es\/index.php?rest_route=\/wp\/v2\/users\/1"}],"replies":[{"embeddable":true,"href":"http:\/\/www.portaldelolleria.es\/index.php?rest_route=%2Fwp%2Fv2%2Fcomments&post=3538"}],"version-history":[{"count":1,"href":"http:\/\/www.portaldelolleria.es\/index.php?rest_route=\/wp\/v2\/posts\/3538\/revisions"}],"predecessor-version":[{"id":3541,"href":"http:\/\/www.portaldelolleria.es\/index.php?rest_route=\/wp\/v2\/posts\/3538\/revisions\/3541"}],"wp:attachment":[{"href":"http:\/\/www.portaldelolleria.es\/index.php?rest_route=%2Fwp%2Fv2%2Fmedia&parent=3538"}],"wp:term":[{"taxonomy":"category","embeddable":true,"href":"http:\/\/www.portaldelolleria.es\/index.php?rest_route=%2Fwp%2Fv2%2Fcategories&post=3538"},{"taxonomy":"post_tag","embeddable":true,"href":"http:\/\/www.portaldelolleria.es\/index.php?rest_route=%2Fwp%2Fv2%2Ftags&post=3538"}],"curies":[{"name":"wp","href":"https:\/\/api.w.org\/{rel}","templated":true}]}}