{"id":3552,"date":"2013-07-08T18:51:33","date_gmt":"2013-07-08T16:51:33","guid":{"rendered":"http:\/\/www.portaldelolleria.es\/?p=3552"},"modified":"2013-07-08T18:51:33","modified_gmt":"2013-07-08T16:51:33","slug":"las-nits-destiu-en-la-casa-santonja","status":"publish","type":"post","link":"http:\/\/www.portaldelolleria.es\/?p=3552","title":{"rendered":"Las \u00abNits d&#8217;Estiu\u00bb en la Casa Santonja"},"content":{"rendered":"<p><a href=\"http:\/\/www.portaldelolleria.es\/wp-content\/uploads\/2013\/07\/sigarritojou.jpg\"><img loading=\"lazy\" class=\"aligncenter size-full wp-image-3553\" title=\"sigarritojou\" src=\"http:\/\/www.portaldelolleria.es\/wp-content\/uploads\/2013\/07\/sigarritojou.jpg\" alt=\"\" width=\"598\" height=\"397\" srcset=\"http:\/\/www.portaldelolleria.es\/wp-content\/uploads\/2013\/07\/sigarritojou.jpg 598w, http:\/\/www.portaldelolleria.es\/wp-content\/uploads\/2013\/07\/sigarritojou-300x199.jpg 300w\" sizes=\"(max-width: 598px) 100vw, 598px\" \/><\/a><\/p>\n<p>&nbsp;<\/p>\n<p><span id=\"result_box\" lang=\"es\"><span class=\"hps\">La m\u00fasica<\/span> <span class=\"hps\">de<\/span> <span class=\"hps\">Sigarrito<\/span> <span class=\"hps\">Jou<\/span> <span class=\"hps\">y<\/span> <span class=\"hps\">Cutxu<\/span> <span class=\"hps\">Maracas<\/span> <span class=\"hps\">abr\u00eda<\/span> <span class=\"hps\">el pasado viernes<\/span> <span class=\"hps\">por la noche la<\/span> <span class=\"hps\">programaci\u00f3n de los<\/span> <span class=\"hps\">Noches de Verano<\/span> <span class=\"hps\">en la Casa<\/span> <span class=\"hps\">Santonja<\/span><span>.<\/span> <span class=\"hps\">La actuaci\u00f3n<\/span> <span class=\"hps\">que tuvo lugar<\/span> <span class=\"hps\">en el<\/span> <span class=\"hps\">patio<\/span><span>, cont\u00f3 con<\/span> <span class=\"hps\">la presencia<\/span> <span class=\"hps\">del concejal<\/span> <span class=\"hps\">de Cultura del<\/span> <span class=\"hps\">Ayuntamiento de L&#8217;Olleria<\/span><span>,<\/span> <span class=\"hps\">Jes\u00fas<\/span> <span class=\"hps\">Engo<\/span> <span class=\"hps\">y un<\/span> <span class=\"hps\">gran n\u00famero<\/span> <span class=\"hps\">de vecinos<\/span> <span class=\"hps\">y seguidores<\/span> <span class=\"hps\">del grupo<\/span> <span class=\"hps\">que cantaron<\/span> <span class=\"hps\">y aplaudieron<\/span> <span class=\"hps\">a<\/span> <span class=\"hps\">esta banda<\/span> <span class=\"hps\">de<\/span> <span class=\"hps\">j\u00f3venes de la comarca<\/span> <span class=\"hps\">que avanzaban las<\/span> <span class=\"hps\">canciones<\/span> <span class=\"hps\">que<\/span> <span class=\"hps\">ser\u00e1 su segundo<\/span> <span class=\"hps\">\u00e1lbum,<\/span> <span class=\"hps\">que est\u00e1 a punto<\/span> <span class=\"hps\">de salir al<\/span> <span class=\"hps\">mercado<\/span><span>,<\/span> <span class=\"hps\">y recordaron<\/span> <span class=\"hps\">las<\/span> <span class=\"hps\">de su primer<\/span> <span class=\"hps\">trabajo<\/span><span>.<\/span><\/span><\/p>\n<p><span class=\"hps\">Esta semana<\/span><span>, el humor<\/span> <span class=\"hps\">ser\u00e1 el protagonista<\/span> <span class=\"hps\">de<\/span> <span class=\"hps\">la mano del<\/span> <span class=\"hps\">ontinyentina<\/span> <span class=\"hps\">Mariua<\/span> <span class=\"hps\">y su mon\u00f3logo<\/span> <span class=\"hps\">El Musical<\/span> <span class=\"hps\">a partir de las<\/span> <span class=\"hps\">12 de la noche<\/span> <span class=\"hps\">el viernes<\/span> <span class=\"hps\">12 de julio<\/span><span>.<\/span><\/p>\n","protected":false},"excerpt":{"rendered":"<p>&nbsp; La m\u00fasica de Sigarrito Jou y Cutxu Maracas abr\u00eda el pasado viernes por la noche la programaci\u00f3n de los Noches de Verano en la Casa Santonja. La actuaci\u00f3n que tuvo lugar en el patio, cont\u00f3 con la presencia del concejal de Cultura del Ayuntamiento de L&#8217;Olleria, Jes\u00fas Engo y un gran n\u00famero de vecinos [&hellip;]<\/p>\n","protected":false},"author":1,"featured_media":0,"comment_status":"closed","ping_status":"open","sticky":false,"template":"","format":"standard","meta":{"_monsterinsights_skip_tracking":false,"_monsterinsights_sitenote_active":false,"_monsterinsights_sitenote_note":"","_monsterinsights_sitenote_category":0},"categories":[15,12],"tags":[776,20,200,33,775],"_links":{"self":[{"href":"http:\/\/www.portaldelolleria.es\/index.php?rest_route=\/wp\/v2\/posts\/3552"}],"collection":[{"href":"http:\/\/www.portaldelolleria.es\/index.php?rest_route=\/wp\/v2\/posts"}],"about":[{"href":"http:\/\/www.portaldelolleria.es\/index.php?rest_route=\/wp\/v2\/types\/post"}],"author":[{"embeddable":true,"href":"http:\/\/www.portaldelolleria.es\/index.php?rest_route=\/wp\/v2\/users\/1"}],"replies":[{"embeddable":true,"href":"http:\/\/www.portaldelolleria.es\/index.php?rest_route=%2Fwp%2Fv2%2Fcomments&post=3552"}],"version-history":[{"count":1,"href":"http:\/\/www.portaldelolleria.es\/index.php?rest_route=\/wp\/v2\/posts\/3552\/revisions"}],"predecessor-version":[{"id":3554,"href":"http:\/\/www.portaldelolleria.es\/index.php?rest_route=\/wp\/v2\/posts\/3552\/revisions\/3554"}],"wp:attachment":[{"href":"http:\/\/www.portaldelolleria.es\/index.php?rest_route=%2Fwp%2Fv2%2Fmedia&parent=3552"}],"wp:term":[{"taxonomy":"category","embeddable":true,"href":"http:\/\/www.portaldelolleria.es\/index.php?rest_route=%2Fwp%2Fv2%2Fcategories&post=3552"},{"taxonomy":"post_tag","embeddable":true,"href":"http:\/\/www.portaldelolleria.es\/index.php?rest_route=%2Fwp%2Fv2%2Ftags&post=3552"}],"curies":[{"name":"wp","href":"https:\/\/api.w.org\/{rel}","templated":true}]}}