{"id":3555,"date":"2013-07-09T18:54:03","date_gmt":"2013-07-09T16:54:03","guid":{"rendered":"http:\/\/www.portaldelolleria.es\/?p=3555"},"modified":"2013-07-09T20:36:08","modified_gmt":"2013-07-09T18:36:08","slug":"veladas-de-verano-montaverner-2013","status":"publish","type":"post","link":"http:\/\/www.portaldelolleria.es\/?p=3555","title":{"rendered":"Veladas de verano, Montaverner 2013"},"content":{"rendered":"<p><a href=\"http:\/\/www.portaldelolleria.es\/wp-content\/uploads\/2013\/07\/montaverner.jpg\"><img loading=\"lazy\" class=\"aligncenter size-full wp-image-3557\" title=\"montaverner\" src=\"http:\/\/www.portaldelolleria.es\/wp-content\/uploads\/2013\/07\/montaverner.jpg\" alt=\"\" width=\"598\" height=\"398\" srcset=\"http:\/\/www.portaldelolleria.es\/wp-content\/uploads\/2013\/07\/montaverner.jpg 598w, http:\/\/www.portaldelolleria.es\/wp-content\/uploads\/2013\/07\/montaverner-300x199.jpg 300w\" sizes=\"(max-width: 598px) 100vw, 598px\" \/><\/a><\/p>\n<p>&nbsp;<\/p>\n<p>Montaverner estren\u00f3 las , \u00abVetlades d&#8217;Estiu\u00bb, el pasado s\u00e1bado, con una sesi\u00f3n de Discom\u00f3vil\u00a0 en el Parc 1\u00bade Maig,\u00a0\u00a0\u00a0 el resto de actuaciones hasta el 26 de Julio se pueden consultar en el cartel aparece a continuaci\u00f3n.<\/p>\n<p>&nbsp;<\/p>\n<div id=\"attachment_3556\" style=\"width: 608px\" class=\"wp-caption aligncenter\"><a href=\"http:\/\/www.portaldelolleria.es\/wp-content\/uploads\/2013\/07\/vetlades2013.jpg\"><img aria-describedby=\"caption-attachment-3556\" loading=\"lazy\" class=\"size-full wp-image-3556\" title=\"vetlades2013\" src=\"http:\/\/www.portaldelolleria.es\/wp-content\/uploads\/2013\/07\/vetlades2013.jpg\" alt=\"\" width=\"598\" height=\"846\" srcset=\"http:\/\/www.portaldelolleria.es\/wp-content\/uploads\/2013\/07\/vetlades2013.jpg 1200w, http:\/\/www.portaldelolleria.es\/wp-content\/uploads\/2013\/07\/vetlades2013-212x300.jpg 212w, http:\/\/www.portaldelolleria.es\/wp-content\/uploads\/2013\/07\/vetlades2013-724x1024.jpg 724w\" sizes=\"(max-width: 598px) 100vw, 598px\" \/><\/a><p id=\"caption-attachment-3556\" class=\"wp-caption-text\">pulsa sobre la imagen para ampliar<\/p><\/div>\n<p style=\"text-align: center;\">\n","protected":false},"excerpt":{"rendered":"<p>&nbsp; Montaverner estren\u00f3 las , \u00abVetlades d&#8217;Estiu\u00bb, el pasado s\u00e1bado, con una sesi\u00f3n de Discom\u00f3vil\u00a0 en el Parc 1\u00bade Maig,\u00a0\u00a0\u00a0 el resto de actuaciones hasta el 26 de Julio se pueden consultar en el cartel aparece a continuaci\u00f3n. &nbsp;<\/p>\n","protected":false},"author":1,"featured_media":0,"comment_status":"closed","ping_status":"open","sticky":false,"template":"","format":"standard","meta":{"_monsterinsights_skip_tracking":false,"_monsterinsights_sitenote_active":false,"_monsterinsights_sitenote_note":"","_monsterinsights_sitenote_category":0},"categories":[16,12],"tags":[427,783],"_links":{"self":[{"href":"http:\/\/www.portaldelolleria.es\/index.php?rest_route=\/wp\/v2\/posts\/3555"}],"collection":[{"href":"http:\/\/www.portaldelolleria.es\/index.php?rest_route=\/wp\/v2\/posts"}],"about":[{"href":"http:\/\/www.portaldelolleria.es\/index.php?rest_route=\/wp\/v2\/types\/post"}],"author":[{"embeddable":true,"href":"http:\/\/www.portaldelolleria.es\/index.php?rest_route=\/wp\/v2\/users\/1"}],"replies":[{"embeddable":true,"href":"http:\/\/www.portaldelolleria.es\/index.php?rest_route=%2Fwp%2Fv2%2Fcomments&post=3555"}],"version-history":[{"count":5,"href":"http:\/\/www.portaldelolleria.es\/index.php?rest_route=\/wp\/v2\/posts\/3555\/revisions"}],"predecessor-version":[{"id":3587,"href":"http:\/\/www.portaldelolleria.es\/index.php?rest_route=\/wp\/v2\/posts\/3555\/revisions\/3587"}],"wp:attachment":[{"href":"http:\/\/www.portaldelolleria.es\/index.php?rest_route=%2Fwp%2Fv2%2Fmedia&parent=3555"}],"wp:term":[{"taxonomy":"category","embeddable":true,"href":"http:\/\/www.portaldelolleria.es\/index.php?rest_route=%2Fwp%2Fv2%2Fcategories&post=3555"},{"taxonomy":"post_tag","embeddable":true,"href":"http:\/\/www.portaldelolleria.es\/index.php?rest_route=%2Fwp%2Fv2%2Ftags&post=3555"}],"curies":[{"name":"wp","href":"https:\/\/api.w.org\/{rel}","templated":true}]}}