{"id":3595,"date":"2013-07-10T20:08:00","date_gmt":"2013-07-10T18:08:00","guid":{"rendered":"http:\/\/www.portaldelolleria.es\/?p=3595"},"modified":"2013-07-10T20:08:00","modified_gmt":"2013-07-10T18:08:00","slug":"la-zarzuela-protagonista-el-sabado-en-la-casa-santonja","status":"publish","type":"post","link":"http:\/\/www.portaldelolleria.es\/?p=3595","title":{"rendered":"La zarzuela protagonista el s\u00e1bado en la Casa Santonja"},"content":{"rendered":"<p><a href=\"http:\/\/www.portaldelolleria.es\/wp-content\/uploads\/2013\/07\/lanova.jpg\"><img loading=\"lazy\" class=\"aligncenter size-full wp-image-3596\" title=\"lanova\" src=\"http:\/\/www.portaldelolleria.es\/wp-content\/uploads\/2013\/07\/lanova.jpg\" alt=\"\" width=\"598\" height=\"397\" srcset=\"http:\/\/www.portaldelolleria.es\/wp-content\/uploads\/2013\/07\/lanova.jpg 598w, http:\/\/www.portaldelolleria.es\/wp-content\/uploads\/2013\/07\/lanova-300x199.jpg 300w\" sizes=\"(max-width: 598px) 100vw, 598px\" \/><\/a><\/p>\n<p>&nbsp;<\/p>\n<p class=\"MsoNormal\" style=\"text-align: justify;\"><span style=\"font-size: 12.0pt; line-height: 115%;\" lang=\"ES-TRAD\">El patio de la Casa Santonja-Palau dels Marau de L\u2019Olleria acog\u00eda el pasado s\u00e1bado una antolog\u00eda de la Zarzuela a cargo de l\u2019Agrupaci\u00f3 Escola Musical la Nova de L\u2019Olleria. <\/span><\/p>\n<p class=\"MsoNormal\" style=\"text-align: justify;\"><span style=\"font-size: 12.0pt; line-height: 115%;\" lang=\"ES-TRAD\">Al concierto asisti\u00f3 un gran n\u00famero de p\u00fablico entre ellos varios miembros de la Corporaci\u00f3n Municipal.<\/span><\/p>\n<p class=\"MsoNormal\" style=\"text-align: justify;\"><span style=\"font-size: 12.0pt; line-height: 115%;\" lang=\"ES-TRAD\">La banda que estuvo dirigida por Jos\u00e9 Ure\u00f1a Eiras interpret\u00f3, tal y como ha explicado Juan Massanet, presidente de la Agrupaci\u00f3n \u201ccuatro famosas zarzuelas compuestas por autores espa\u00f1oles, la Dolorosa, el Barberillo de Lavapi\u00e9s, la Gran Via y el Bateo\u201d a\u00f1adiendo que \u201cla zarzuela es un g\u00e9nero musical muy importante en nuestro pa\u00eds que fue un g\u00e9nero \u00fanico en Espa\u00f1a, como en otros pa\u00edses se dio la opera aunque en los \u00faltimos tiempos, la zarzuela se est\u00e1 interpretando cada vez menos, ya que el repertorio band\u00edstico cada vez va aumentando. No obstante no hay que dejar nunca de lado este g\u00e9nero ya que en su d\u00eda se hicieron las transcripciones oportunas para que las bandas y su p\u00fablico pudieran disfrutar de esta maravillosa m\u00fasica\u201d.<\/span><\/p>\n<p class=\"MsoNormal\" style=\"text-align: justify;\"><span style=\"font-size: 12.0pt; line-height: 115%;\" lang=\"ES-TRAD\">Por su parte, el concejal de Cultura, Jes\u00fas Engo felicit\u00f3 \u201ca la Nova por la organizaci\u00f3n de esta antolog\u00eda que han interpretado a la perfecci\u00f3n y han hecho emocionarse al p\u00fablico as\u00ed como por su apuesta por este g\u00e9nero tan espa\u00f1ol\u201d. <\/span><\/p>\n<p class=\"MsoNormal\" style=\"text-align: justify;\"><span style=\"font-size: 12.0pt; line-height: 115%;\" lang=\"ES-TRAD\">Las cuatro zarzuelas que se escucharon estuvieron complementadas por los pasodobles <em style=\"mso-bidi-font-style: normal;\">Flores Espa\u00f1olas<\/em> que abri\u00f3 la primera parte y <em style=\"mso-bidi-font-style: normal;\">Ag\u00fcero<\/em> que abri\u00f3 la segunda.<\/span><\/p>\n","protected":false},"excerpt":{"rendered":"<p>&nbsp; El patio de la Casa Santonja-Palau dels Marau de L\u2019Olleria acog\u00eda el pasado s\u00e1bado una antolog\u00eda de la Zarzuela a cargo de l\u2019Agrupaci\u00f3 Escola Musical la Nova de L\u2019Olleria. Al concierto asisti\u00f3 un gran n\u00famero de p\u00fablico entre ellos varios miembros de la Corporaci\u00f3n Municipal. La banda que estuvo dirigida por Jos\u00e9 Ure\u00f1a Eiras [&hellip;]<\/p>\n","protected":false},"author":1,"featured_media":0,"comment_status":"closed","ping_status":"open","sticky":false,"template":"","format":"standard","meta":{"_monsterinsights_skip_tracking":false,"_monsterinsights_sitenote_active":false,"_monsterinsights_sitenote_note":"","_monsterinsights_sitenote_category":0},"categories":[15,12],"tags":[169,20,217,33,786],"_links":{"self":[{"href":"http:\/\/www.portaldelolleria.es\/index.php?rest_route=\/wp\/v2\/posts\/3595"}],"collection":[{"href":"http:\/\/www.portaldelolleria.es\/index.php?rest_route=\/wp\/v2\/posts"}],"about":[{"href":"http:\/\/www.portaldelolleria.es\/index.php?rest_route=\/wp\/v2\/types\/post"}],"author":[{"embeddable":true,"href":"http:\/\/www.portaldelolleria.es\/index.php?rest_route=\/wp\/v2\/users\/1"}],"replies":[{"embeddable":true,"href":"http:\/\/www.portaldelolleria.es\/index.php?rest_route=%2Fwp%2Fv2%2Fcomments&post=3595"}],"version-history":[{"count":1,"href":"http:\/\/www.portaldelolleria.es\/index.php?rest_route=\/wp\/v2\/posts\/3595\/revisions"}],"predecessor-version":[{"id":3597,"href":"http:\/\/www.portaldelolleria.es\/index.php?rest_route=\/wp\/v2\/posts\/3595\/revisions\/3597"}],"wp:attachment":[{"href":"http:\/\/www.portaldelolleria.es\/index.php?rest_route=%2Fwp%2Fv2%2Fmedia&parent=3595"}],"wp:term":[{"taxonomy":"category","embeddable":true,"href":"http:\/\/www.portaldelolleria.es\/index.php?rest_route=%2Fwp%2Fv2%2Fcategories&post=3595"},{"taxonomy":"post_tag","embeddable":true,"href":"http:\/\/www.portaldelolleria.es\/index.php?rest_route=%2Fwp%2Fv2%2Ftags&post=3595"}],"curies":[{"name":"wp","href":"https:\/\/api.w.org\/{rel}","templated":true}]}}