{"id":3609,"date":"2013-07-11T21:38:32","date_gmt":"2013-07-11T19:38:32","guid":{"rendered":"http:\/\/www.portaldelolleria.es\/?p=3609"},"modified":"2013-07-11T21:42:11","modified_gmt":"2013-07-11T19:42:11","slug":"l%e2%80%99olleria-acoge-del-15-al-20-el-iii-curso-de-direccion-musical-de-la-nova","status":"publish","type":"post","link":"http:\/\/www.portaldelolleria.es\/?p=3609","title":{"rendered":"L\u2019Olleria acoge del 15 al 20 el III Curso de Direcci\u00f3n Musical de La Nova"},"content":{"rendered":"<p><a href=\"http:\/\/www.portaldelolleria.es\/wp-content\/uploads\/2013\/07\/direccion-musical.jpg\"><img loading=\"lazy\" class=\"aligncenter size-full wp-image-3610\" title=\"direccion musical\" src=\"http:\/\/www.portaldelolleria.es\/wp-content\/uploads\/2013\/07\/direccion-musical.jpg\" alt=\"\" width=\"598\" height=\"398\" srcset=\"http:\/\/www.portaldelolleria.es\/wp-content\/uploads\/2013\/07\/direccion-musical.jpg 598w, http:\/\/www.portaldelolleria.es\/wp-content\/uploads\/2013\/07\/direccion-musical-300x199.jpg 300w\" sizes=\"(max-width: 598px) 100vw, 598px\" \/><\/a><\/p>\n<p>&nbsp;<\/p>\n<p>&nbsp;<\/p>\n<p class=\"MsoNormal\" style=\"text-align: justify;\"><span style=\"font-size: 12.0pt; line-height: 115%;\" lang=\"ES-TRAD\">L\u2019Olleria acoger\u00e1 por tercer a\u00f1o consecutivo el III Curso de Direcci\u00f3n Musical organizado por l\u2019Agrupaci\u00f3 Escola Musical La Nova junto con la colaboraci\u00f3n del Ayuntamiento de L\u2019Olleria a trav\u00e9s de la concejal\u00eda de Cultura. <\/span><\/p>\n<p class=\"MsoNormal\" style=\"text-align: justify;\"><span style=\"font-size: 12.0pt; line-height: 115%;\" lang=\"ES-TRAD\">Un a\u00f1o m\u00e1s, tal y como explicaba el director del curso, Jos\u00e9 Ure\u00f1a \u201ctenemos el privilegio de contar una vez m\u00e1s con el maestro Enrique Garc\u00eda Asensio\u201d a\u00f1adiendo que \u201cel curso se desarrollar\u00e1 del 15 al 20, en el teatro Cervantes y Goya, seis intensos d\u00edas puesto que habr\u00e1n clases por la ma\u00f1ana, por la tarde y por la noche\u201d. <\/span><\/p>\n<p class=\"MsoNormal\" style=\"text-align: justify;\"><span style=\"font-size: 12.0pt; line-height: 115%;\" lang=\"ES-TRAD\">Ure\u00f1a, destacaba que como el a\u00f1o pasado \u201ceste tambi\u00e9n contamos con alumnos de otros pa\u00edses y del resto de la geograf\u00eda espa\u00f1ola, como Burgos, Valladolid, Madrid, Granada y Murcia, por lo que estamos muy satisfechos de poder, a pesar de la actual situaci\u00f3n, continuar organizando este curso que permite a los alumnos participantes aprender del mejor\u201d.<\/span><\/p>\n<p class=\"MsoNormal\" style=\"text-align: justify;\"><span style=\"font-size: 12.0pt; line-height: 115%;\" lang=\"ES-TRAD\">Por su parte, el concejal de Cultura felicitaba a la Nova \u201cpor la organizaci\u00f3n un a\u00f1o m\u00e1s de este Curso que pone a L\u2019Olleria en un lugar destacado dentro del \u00e1mbito de la direcci\u00f3n musical y aprovecho esta oportunidad para dar igualmente la enhorabuena a toda l\u2019Agrupaci\u00f3 Escola Musical la Nova que celebra este a\u00f1o su d\u00e9cimo aniversario, diez a\u00f1os en los que ha crecido, evolucionado y madurado como Agrupaci\u00f3n y muestra de ello es la organizaci\u00f3n de este curso, por eso desde el Ayuntamiento les animamos a que contin\u00faen en esta l\u00ednea\u201d.<\/span><\/p>\n<p class=\"MsoNormal\" style=\"text-align: justify;\"><span style=\"font-size: 12.0pt; line-height: 115%;\" lang=\"ES-TRAD\">Javier Sanz, Secretario de la Nova agradec\u00eda \u201cel apoyo del Ayuntamiento as\u00ed como de los patrocinadores sin los cuales ser\u00eda muy dif\u00edcil la organizaci\u00f3n de este Curso\u201d.<\/span><\/p>\n<p class=\"MsoNormal\" style=\"text-align: justify;\"><span style=\"font-size: 12.0pt; line-height: 115%;\" lang=\"ES-TRAD\">La apertura del curso ser\u00e1 el lunes 15 con la bienvenida a los alumnos por parte del Presidente de la Nova, Juan Massanet y del Ayuntamiento de L\u2019Olleria. Seguidamente, se iniciar\u00e1n las clases. Ya por la tarde del mismo lunes 15, el director del curso y director de la banda de la Nova, Jos\u00e9 Ure\u00f1a, avanzaba que \u201chabr\u00e1 una sorpresa, ser\u00e1 a las ocho y media de la tarde en el Teatro Goya y est\u00e1 invitado todo el mundo\u201d. <\/span><\/p>\n","protected":false},"excerpt":{"rendered":"<p>&nbsp; &nbsp; L\u2019Olleria acoger\u00e1 por tercer a\u00f1o consecutivo el III Curso de Direcci\u00f3n Musical organizado por l\u2019Agrupaci\u00f3 Escola Musical La Nova junto con la colaboraci\u00f3n del Ayuntamiento de L\u2019Olleria a trav\u00e9s de la concejal\u00eda de Cultura. Un a\u00f1o m\u00e1s, tal y como explicaba el director del curso, Jos\u00e9 Ure\u00f1a \u201ctenemos el privilegio de contar una [&hellip;]<\/p>\n","protected":false},"author":1,"featured_media":0,"comment_status":"closed","ping_status":"open","sticky":false,"template":"","format":"standard","meta":{"_monsterinsights_skip_tracking":false,"_monsterinsights_sitenote_active":false,"_monsterinsights_sitenote_note":"","_monsterinsights_sitenote_category":0},"categories":[16,12],"tags":[182,260,277,20,217,261],"_links":{"self":[{"href":"http:\/\/www.portaldelolleria.es\/index.php?rest_route=\/wp\/v2\/posts\/3609"}],"collection":[{"href":"http:\/\/www.portaldelolleria.es\/index.php?rest_route=\/wp\/v2\/posts"}],"about":[{"href":"http:\/\/www.portaldelolleria.es\/index.php?rest_route=\/wp\/v2\/types\/post"}],"author":[{"embeddable":true,"href":"http:\/\/www.portaldelolleria.es\/index.php?rest_route=\/wp\/v2\/users\/1"}],"replies":[{"embeddable":true,"href":"http:\/\/www.portaldelolleria.es\/index.php?rest_route=%2Fwp%2Fv2%2Fcomments&post=3609"}],"version-history":[{"count":2,"href":"http:\/\/www.portaldelolleria.es\/index.php?rest_route=\/wp\/v2\/posts\/3609\/revisions"}],"predecessor-version":[{"id":3612,"href":"http:\/\/www.portaldelolleria.es\/index.php?rest_route=\/wp\/v2\/posts\/3609\/revisions\/3612"}],"wp:attachment":[{"href":"http:\/\/www.portaldelolleria.es\/index.php?rest_route=%2Fwp%2Fv2%2Fmedia&parent=3609"}],"wp:term":[{"taxonomy":"category","embeddable":true,"href":"http:\/\/www.portaldelolleria.es\/index.php?rest_route=%2Fwp%2Fv2%2Fcategories&post=3609"},{"taxonomy":"post_tag","embeddable":true,"href":"http:\/\/www.portaldelolleria.es\/index.php?rest_route=%2Fwp%2Fv2%2Ftags&post=3609"}],"curies":[{"name":"wp","href":"https:\/\/api.w.org\/{rel}","templated":true}]}}