{"id":3737,"date":"2013-08-07T02:01:50","date_gmt":"2013-08-07T00:01:50","guid":{"rendered":"http:\/\/www.portaldelolleria.es\/?p=3737"},"modified":"2013-08-07T02:04:35","modified_gmt":"2013-08-07T00:04:35","slug":"entrevista-a-enrique-alborch-tarraso","status":"publish","type":"post","link":"http:\/\/www.portaldelolleria.es\/?p=3737","title":{"rendered":"Entrevista a Enrique Alborch Tarras\u00f3"},"content":{"rendered":"<p><a href=\"http:\/\/www.portaldelolleria.es\/wp-content\/uploads\/2013\/08\/tarraso1.jpg\"><img loading=\"lazy\" class=\"aligncenter size-full wp-image-3739\" title=\"tarraso1\" src=\"http:\/\/www.portaldelolleria.es\/wp-content\/uploads\/2013\/08\/tarraso1.jpg\" alt=\"\" width=\"598\" height=\"397\" srcset=\"http:\/\/www.portaldelolleria.es\/wp-content\/uploads\/2013\/08\/tarraso1.jpg 598w, http:\/\/www.portaldelolleria.es\/wp-content\/uploads\/2013\/08\/tarraso1-300x199.jpg 300w\" sizes=\"(max-width: 598px) 100vw, 598px\" \/><\/a><\/p>\n<p>&nbsp;<\/p>\n<p>&nbsp;<\/p>\n<p class=\"MsoNormal\" style=\"text-align: center;\" align=\"center\"><strong style=\"mso-bidi-font-weight: normal;\"><em style=\"mso-bidi-font-style: normal;\"><span style=\"font-size: 11.0pt; font-family: 'Arial','sans-serif';\">\u201cAhora hay que hacer una programaci\u00f3n atractiva\u201d<\/span><\/em><\/strong><\/p>\n<p class=\"MsoNormal\" style=\"margin-left: 35.4pt; text-align: justify; text-indent: 35.4pt;\"><strong style=\"mso-bidi-font-weight: normal;\"><em style=\"mso-bidi-font-style: normal;\"><span style=\"font-size: 11.0pt; font-family: 'Arial','sans-serif';\">\u00a0<\/span><\/em><\/strong><\/p>\n<p class=\"MsoNormal\" style=\"text-align: justify;\"><span style=\"font-family: 'Arial','sans-serif';\"><span style=\"mso-tab-count: 1;\">\u00a0\u00a0\u00a0\u00a0\u00a0\u00a0\u00a0\u00a0\u00a0\u00a0\u00a0 <\/span>Despu\u00e9s de unos meses<span style=\"mso-spacerun: yes;\">\u00a0 <\/span>dirigiendo a la SEM Santa Cecilia, en fase de prueba, la Sociedad y los M\u00fasicos han decidido que Enrique Alborch, siga al frente de la Banda como director titular.<\/span><\/p>\n<p class=\"MsoNormal\" style=\"text-align: justify;\"><span style=\"font-family: 'Arial','sans-serif';\">\u00a0<\/span><\/p>\n<p class=\"MsoNormal\" style=\"text-align: justify; text-indent: 35.4pt;\"><strong style=\"mso-bidi-font-weight: normal;\"><span style=\"font-family: 'Arial','sans-serif';\">&#8211;<span style=\"mso-spacerun: yes;\">\u00a0 <\/span>\u00bfComo fue venir a la SEM Santa Cecilia?<\/span><\/strong><\/p>\n<p class=\"MsoNormal\" style=\"text-align: justify; text-indent: 35.4pt;\"><span style=\"font-family: 'Arial','sans-serif';\">&#8211; Al enterarme que la Banda se hab\u00eda quedado sin director y buscaba uno nuevo, hable con Manolo Cerd\u00e0, ya que hace unos a\u00f1os la Banda contact\u00f3 conmigo para ello y entonces no pude venir por motivos profesionales.<\/span><\/p>\n<p class=\"MsoNormal\" style=\"text-align: justify;\"><span style=\"font-family: 'Arial','sans-serif';\"><span style=\"mso-spacerun: yes;\">\u00a0<\/span>La Banda, es una Banda atractiva por diferentes motivos y se pueden hacer muchas cosas con ella. Adem\u00e1s es una banda de nuestra comarca, lo que nos aporta una mejor conexi\u00f3n de ideas y de manera de pensar en nuestro \u201cmodelo\u201d de banda. Me pidieron que les enviase el Curr\u00edculum y se decidieron por m\u00ed para probar un a\u00f1o. Hemos realizado hasta el momento cinco conciertos juntos: el concierto de Santa Cecilia, el de solistas de trompeta con Rub\u00e9n Sime\u00f3n y Jos\u00e9 Ch\u00e1fer, el del concurso de composici\u00f3n, el de m\u00fasica festera para las capitan\u00edas de L\u2019Olleria, y, por \u00faltimo el Festival Liberto Benet.<\/span><\/p>\n<p class=\"MsoNormal\" style=\"text-align: justify;\"><span style=\"font-family: 'Arial','sans-serif';\">Aunque no hace todav\u00eda un a\u00f1o, por motivos profesionales, les ped\u00ed que, si pod\u00eda ser decidieran ya, si quer\u00edan que sigui\u00e9semos trabajando juntos. Hicieron la votaci\u00f3n y una amplia mayor\u00eda quiso que continuase.<\/span><\/p>\n<p class=\"MsoNormal\" style=\"margin-left: 18.0pt; text-align: justify;\"><span style=\"font-family: 'Arial','sans-serif';\"><span style=\"mso-spacerun: yes;\">\u00a0 <\/span><\/span><\/p>\n<p class=\"MsoNormal\" style=\"text-align: justify; text-indent: 35.4pt;\"><strong style=\"mso-bidi-font-weight: normal;\"><span style=\"font-family: 'Arial','sans-serif';\">&#8211; A d\u00eda de hoy \u00bfC\u00f3mo est\u00e1n los \u00e1nimos y la ilusi\u00f3n en la direcci\u00f3n y en los componentes de la Banda?<\/span><\/strong><\/p>\n<p class=\"MsoNormal\" style=\"text-align: justify; text-indent: 35.4pt;\"><span style=\"font-family: 'Arial','sans-serif';\">-Los \u00e1nimos en una Banda se miden en la asistencia a los ensayos. Si t\u00fa ves a la gente un viernes o un s\u00e1bado, sentada y dispuesta a trabajar\u2026 De momento tenemos muy buena asistencia y esto anima al director. Que podr\u00eda ser mejor, por supuesto. Que en una banda hay cosas mejores y otras peores, tambi\u00e9n porque cada banda tiene sus peculiaridades. Si como director quieres trabajar cualquier obra y a la hora del ensayo acuden s\u00f3lo 15, poco se puede hacer. Pero la asistencia es buena y yo estoy s\u00faper-ilusionado, as\u00ed como los m\u00fasicos, que por algo votaron un 84 % para que yo continuase. As\u00ed pues la Banda ahora se encuentra en un momento de paso en que han entrado 12 m\u00fasicos nuevos de la escuela, algunos de ellos adultos, que presentaremos en la pr\u00f3xima Santa Cecilia. Estos nuevos m\u00fasicos tienen que adaptarse y esto cuesta un tiempo y afecta al nivel general de la banda. Ahora hay que hacer una programaci\u00f3n atractiva para todos, para los nuevos, pero tambi\u00e9n para los grandes m\u00fasicos y profesionales con los que cuento en la banda.<\/span><\/p>\n<p class=\"MsoNormal\" style=\"text-align: justify;\"><span style=\"font-family: 'Arial','sans-serif';\">\u00a0<\/span><\/p>\n<p class=\"MsoNormal\" style=\"text-align: justify; text-indent: 35.4pt;\"><strong style=\"mso-bidi-font-weight: normal;\"><span style=\"font-family: 'Arial','sans-serif';\">&#8211; \u00bfEsta a buen nivel la Banda para competir en cert\u00e1menes<\/span><\/strong><span style=\"font-family: 'Arial','sans-serif';\">?<\/span><\/p>\n<p class=\"MsoNormal\" style=\"text-align: justify; text-indent: 35.4pt;\"><span style=\"font-family: 'Arial','sans-serif';\">&#8211; Pienso que hay que esperar un a\u00f1o o dos, para que la gente nueva pueda ir acopl\u00e1ndose y asent\u00e1ndose en la Banda y que esta y su director se conozcan mejor. Para competir a\u00fan nos falta.<\/span><\/p>\n<p class=\"MsoNormal\" style=\"text-align: justify;\"><span style=\"font-family: 'Arial','sans-serif';\">\u00a0<\/span><\/p>\n<p class=\"MsoNormal\" style=\"text-align: justify;\"><strong style=\"mso-bidi-font-weight: normal;\"><span style=\"font-family: 'Arial','sans-serif';\"><span style=\"mso-spacerun: yes;\">\u00a0<\/span><span style=\"mso-tab-count: 1;\">\u00a0\u00a0\u00a0\u00a0\u00a0\u00a0\u00a0\u00a0\u00a0\u00a0 <\/span><span style=\"mso-spacerun: yes;\">\u00a0<\/span>&#8211;<span style=\"mso-spacerun: yes;\">\u00a0 <\/span>H\u00e1bleme de la Escuela de Educandos y de la Banda Juvenil.<span style=\"mso-spacerun: yes;\">\u00a0\u00a0 <\/span><\/span><\/strong><\/p>\n<p class=\"MsoNormal\" style=\"text-align: justify;\"><strong style=\"mso-bidi-font-weight: normal;\"><span style=\"font-family: 'Arial','sans-serif';\"><span style=\"mso-spacerun: yes;\">\u00a0<\/span><span style=\"mso-tab-count: 1;\">\u00a0\u00a0\u00a0\u00a0\u00a0\u00a0\u00a0\u00a0\u00a0\u00a0 <\/span><span style=\"mso-spacerun: yes;\">\u00a0<\/span>&#8211;<span style=\"mso-spacerun: yes;\">\u00a0 <\/span><\/span><\/strong><span style=\"font-family: 'Arial','sans-serif';\">Es una asignatura pendiente que tengo: El conocer el funcionamiento de ella para intentar que est\u00e9 al servicio de la Banda, que se ofrezcan los instrumentos que necesite la Banda y que el profesorado les saque el m\u00e1ximo rendimiento al alumnado.<\/span><\/p>\n<p class=\"MsoNormal\" style=\"text-align: justify;\"><span style=\"font-family: 'Arial','sans-serif';\"><span style=\"mso-spacerun: yes;\">\u00a0\u00a0\u00a0\u00a0 <\/span>Tambi\u00e9n reforzar la Banda Joven. Que se hagan cosas que sean atractivas para que los chicos est\u00e9n a gusto. De esta manera conseguiremos que est\u00e9n bien preparados y a un buen nivel y sin prisas para pasar a la Banda grande.<\/span><\/p>\n<p class=\"MsoNormal\" style=\"text-align: justify;\"><span style=\"font-family: 'Arial','sans-serif';\">\u00a0<\/span><\/p>\n<p class=\"MsoNormal\" style=\"text-align: justify;\"><strong style=\"mso-bidi-font-weight: normal;\"><span style=\"font-family: 'Arial','sans-serif';\"><span style=\"mso-spacerun: yes;\">\u00a0<\/span><span style=\"mso-tab-count: 1;\">\u00a0\u00a0\u00a0\u00a0\u00a0\u00a0\u00a0\u00a0\u00a0\u00a0 <\/span>&#8211;<span style=\"mso-spacerun: yes;\">\u00a0 <\/span>Aunque ya conoce bien a la Banda, estar\u00eda esperando a que le confirmasen su continuidad para programar de cara al futuro. \u00bfHay proyectos a la vista?<\/span><\/strong><\/p>\n<p class=\"MsoNormal\" style=\"text-align: justify; text-indent: 35.4pt;\"><span style=\"font-family: 'Arial','sans-serif';\"><span style=\"mso-spacerun: yes;\">\u00a0<\/span>&#8211;<span style=\"mso-spacerun: yes;\">\u00a0 <\/span>Si, hay proyectos, pero quisiera que antes los nuevos m\u00fasicos se adapten y se acoplen a la banda: Seguir con los conciertos anuales y cada a\u00f1o, hacer alguno extra con alg\u00fan montaje que sea atractivo para los m\u00fasicos y para la gente de L\u2019Olleria, En mente tengo hacer una grabaci\u00f3n discogr\u00e1fica de calidad. Intercambios con otras Bandas. Cuando sea el momento id\u00f3neo acudir<span style=\"mso-spacerun: yes;\">\u00a0 <\/span>a alg\u00fan certamen, etc. Y as\u00ed, m\u00e1s a corto plazo tenemos ya cerrado para principios de 2014 el concierto \u201cBotifarra a Banda\u201d con Pep Gimeno y su Rondalla que es un referente del canto valenciano.<\/span><\/p>\n<p class=\"MsoNormal\" style=\"text-align: justify;\"><span style=\"font-family: 'Arial','sans-serif';\">\u00a0<\/span><\/p>\n<p class=\"MsoNormal\" style=\"text-align: justify;\"><span style=\"font-family: 'Arial','sans-serif';\"><span style=\"mso-spacerun: yes;\">\u00a0 <\/span><span style=\"mso-tab-count: 1;\">\u00a0\u00a0\u00a0\u00a0\u00a0\u00a0\u00a0\u00a0\u00a0 <\/span><strong style=\"mso-bidi-font-weight: normal;\">&#8211; \u00bfQu\u00e9 le falta a la Banda y que espera conseguir con ella?<\/strong><\/span><\/p>\n<p class=\"MsoNormal\" style=\"text-align: justify; text-indent: 35.4pt;\"><span style=\"font-family: 'Arial','sans-serif';\">&#8211; La banda tiene de todo un poco y eso a m\u00ed me gusta: gente joven que acaba de entrar. Una base formada con m\u00fasicos de buen nivel y con una variedad muy grande entre los que hay gente que han acabado la carrera o est\u00e1n termin\u00e1ndola y que no faltan a ning\u00fan ensayo. Adem\u00e1s tenemos la suerte de tener algunos profesionales con los que podemos contar en pocas ocasiones, pero que siempre que pueden, vienen a \u201csumar\u201d a la Banda.<span style=\"mso-spacerun: yes;\">\u00a0 <\/span>Yo estoy muy ilusionado porque veo a la gente que acude a los ensayos. Tambi\u00e9n el intercambio de opiniones que tengo con los m\u00fasicos, me hace plantearme con muchas ganas este nuevo reto para m\u00ed que es la Banda de L\u2019Olleria,. Hay que hacer una programaci\u00f3n a todos los niveles para que tanto los veteranos como los j\u00f3venes se sientan motivados en el proyecto y de ah\u00ed, ir pensando en participar en alg\u00fan Certamen. <\/span><\/p>\n<p class=\"MsoNormal\" style=\"text-align: justify; text-indent: 35.4pt;\"><span style=\"font-family: 'Arial','sans-serif';\">Otra cosa que me gustar\u00eda resaltar es <strong style=\"mso-bidi-font-weight: normal;\">\u201cla calle\u201d,<\/strong> la Banda tambi\u00e9n tiene que hacerlo bien en la calle ya sea en una entrada de moros, un pasacalle o una procesi\u00f3n, y eso se tiene que cuidar tambi\u00e9n, pues la gente se fija mucho en ello. La Banda de L\u2019Olleria, en mi opini\u00f3n, siempre ha tenido esa asignatura pendiente y tenemos que mejorar ese aspecto. En un acto festero hay mucha gente escuchando y la gente sabe valorar a las bandas que suenan bien en la calle.<span style=\"mso-spacerun: yes;\">\u00a0 <\/span><\/span><\/p>\n<p class=\"MsoNormal\" style=\"text-align: justify;\">\u00a0<a href=\"http:\/\/www.portaldelolleria.es\/wp-content\/uploads\/2013\/08\/tarraso2.jpg\"><img loading=\"lazy\" class=\"aligncenter size-full wp-image-3738\" title=\"tarraso2\" src=\"http:\/\/www.portaldelolleria.es\/wp-content\/uploads\/2013\/08\/tarraso2.jpg\" alt=\"\" width=\"598\" height=\"611\" srcset=\"http:\/\/www.portaldelolleria.es\/wp-content\/uploads\/2013\/08\/tarraso2.jpg 598w, http:\/\/www.portaldelolleria.es\/wp-content\/uploads\/2013\/08\/tarraso2-293x300.jpg 293w\" sizes=\"(max-width: 598px) 100vw, 598px\" \/><\/a><\/p>\n<p class=\"MsoNormal\" style=\"text-align: justify; text-indent: 35.4pt;\"><strong style=\"mso-bidi-font-weight: normal;\"><span style=\"font-family: 'Arial','sans-serif';\">&#8211; \u00bfDesea a\u00f1adir algo m\u00e1s?<\/span><\/strong><\/p>\n<p class=\"MsoNormal\" style=\"text-align: justify; text-indent: 35.4pt;\"><span style=\"font-family: 'Arial','sans-serif';\">&#8211; Estoy muy contento de que la gente me haya escogido despu\u00e9s de casi un a\u00f1o trabajando juntos. Ser votado mayoritariamente por los m\u00fasicos, y no s\u00f3lo por una Junta Directiva, es una aut\u00e9ntica satisfacci\u00f3n. La verdad es que estoy muy ilusionado y m\u00e1s a\u00fan siendo una Banda que siempre ha sido referente en la Vall d\u2019Albaida, y que esperamos que lo siga siendo en el presente y en el futuro m\u00e1s cercano posible.<\/span><\/p>\n<p class=\"MsoNormal\" style=\"text-align: justify;\"><span style=\"font-family: 'Arial','sans-serif';\">\u00a0<\/span><\/p>\n<p class=\"MsoNormal\" style=\"text-align: justify; text-indent: 35.4pt;\"><strong style=\"mso-bidi-font-weight: normal;\"><span style=\"font-family: 'Arial','sans-serif';\">Seguimos hablando de muchas cosas relacionadas con la Banda, pero tuvimos que poner el punto final a esta interesante entrevista, no sin antes desearle que se cumplan sus deseos, lo cual<span style=\"mso-spacerun: yes;\">\u00a0 <\/span>ser\u00e1 para bien de la SEM Santa Cecilia y<span style=\"mso-spacerun: yes;\">\u00a0 <\/span>del pueblo de L\u2019Olleria.<\/span><\/strong><\/p>\n<p class=\"MsoNormal\" style=\"text-align: justify;\"><span style=\"font-family: 'Arial','sans-serif';\">\u00a0<\/span><\/p>\n<p class=\"MsoNormal\" style=\"text-align: justify;\"><span style=\"font-family: 'Arial','sans-serif';\">Pepe Aparici<\/span><\/p>\n<p class=\"MsoNormal\" style=\"text-align: justify;\"><span style=\"font-family: 'Arial','sans-serif';\">L\u2019Olleria 30 de julio de 2013 <\/span><\/p>\n","protected":false},"excerpt":{"rendered":"<p>&nbsp; &nbsp; \u201cAhora hay que hacer una programaci\u00f3n atractiva\u201d \u00a0 \u00a0\u00a0\u00a0\u00a0\u00a0\u00a0\u00a0\u00a0\u00a0\u00a0\u00a0 Despu\u00e9s de unos meses\u00a0 dirigiendo a la SEM Santa Cecilia, en fase de prueba, la Sociedad y los M\u00fasicos han decidido que Enrique Alborch, siga al frente de la Banda como director titular. \u00a0 &#8211;\u00a0 \u00bfComo fue venir a la SEM Santa Cecilia? &#8211; [&hellip;]<\/p>\n","protected":false},"author":1,"featured_media":0,"comment_status":"closed","ping_status":"open","sticky":false,"template":"","format":"standard","meta":{"_monsterinsights_skip_tracking":false,"_monsterinsights_sitenote_active":false,"_monsterinsights_sitenote_note":"","_monsterinsights_sitenote_category":0},"categories":[16,12],"tags":[56,410,788,20,270,444],"_links":{"self":[{"href":"http:\/\/www.portaldelolleria.es\/index.php?rest_route=\/wp\/v2\/posts\/3737"}],"collection":[{"href":"http:\/\/www.portaldelolleria.es\/index.php?rest_route=\/wp\/v2\/posts"}],"about":[{"href":"http:\/\/www.portaldelolleria.es\/index.php?rest_route=\/wp\/v2\/types\/post"}],"author":[{"embeddable":true,"href":"http:\/\/www.portaldelolleria.es\/index.php?rest_route=\/wp\/v2\/users\/1"}],"replies":[{"embeddable":true,"href":"http:\/\/www.portaldelolleria.es\/index.php?rest_route=%2Fwp%2Fv2%2Fcomments&post=3737"}],"version-history":[{"count":4,"href":"http:\/\/www.portaldelolleria.es\/index.php?rest_route=\/wp\/v2\/posts\/3737\/revisions"}],"predecessor-version":[{"id":3790,"href":"http:\/\/www.portaldelolleria.es\/index.php?rest_route=\/wp\/v2\/posts\/3737\/revisions\/3790"}],"wp:attachment":[{"href":"http:\/\/www.portaldelolleria.es\/index.php?rest_route=%2Fwp%2Fv2%2Fmedia&parent=3737"}],"wp:term":[{"taxonomy":"category","embeddable":true,"href":"http:\/\/www.portaldelolleria.es\/index.php?rest_route=%2Fwp%2Fv2%2Fcategories&post=3737"},{"taxonomy":"post_tag","embeddable":true,"href":"http:\/\/www.portaldelolleria.es\/index.php?rest_route=%2Fwp%2Fv2%2Ftags&post=3737"}],"curies":[{"name":"wp","href":"https:\/\/api.w.org\/{rel}","templated":true}]}}