{"id":3794,"date":"2013-08-19T22:23:55","date_gmt":"2013-08-19T20:23:55","guid":{"rendered":"http:\/\/www.portaldelolleria.es\/?p=3794"},"modified":"2013-08-27T23:21:12","modified_gmt":"2013-08-27T21:21:12","slug":"montaverner-programa-de-fiestas-2013","status":"publish","type":"post","link":"http:\/\/www.portaldelolleria.es\/?p=3794","title":{"rendered":"Montaverner, programa de fiestas 2013"},"content":{"rendered":"<p><span id=\"result_box\" lang=\"es\"><span class=\"hps\">Destacar<\/span> <span class=\"hps\">que este a\u00f1o<\/span> <span class=\"hps\">Montaverner<\/span> <span class=\"hps\">har\u00e1<\/span> <span class=\"hps\">un homenaje<\/span> <span class=\"hps\">especial el d\u00eda<\/span> <span class=\"hps\">de la presentaci\u00f3n<\/span> <span class=\"hps\">a todas<\/span> <span class=\"hps\">las<\/span> <span class=\"hps\">reinas de fiestas<\/span><span>,<\/span> <span class=\"hps\">debido a que este<\/span> <span class=\"hps\">a\u00f1o<\/span> <span class=\"hps\">se cumplen 50<\/span> <span class=\"hps\">a\u00f1os de la primera<\/span> <span class=\"hps\">presentaci\u00f3n<\/span><span>.<\/span> <span class=\"hps\">Adem\u00e1s<\/span> <span class=\"hps\">durante<\/span> <span class=\"hps\">la semana<\/span> <span class=\"hps\">de fiestas<\/span> <span class=\"hps\">se har\u00e1 una exposici\u00f3n<\/span> <span class=\"hps\">con<\/span> <span class=\"hps\">fotos de todas<\/span> <span class=\"hps\">las<\/span> <span class=\"hps\">reinas<\/span> <span class=\"hps\">y<\/span> <span class=\"hps\">se expondr\u00e1n tambi\u00e9n<\/span> <span class=\"hps\">sus<\/span> <span class=\"hps\">coronas<\/span><span>.<\/span><\/span><\/p>\n<div id=\"attachment_3797\" style=\"width: 608px\" class=\"wp-caption aligncenter\"><a href=\"http:\/\/www.portaldelolleria.es\/wp-content\/uploads\/2013\/08\/reinasmontaverner.jpg\"><img aria-describedby=\"caption-attachment-3797\" loading=\"lazy\" class=\"size-full wp-image-3797\" title=\"reinasmontaverner\" src=\"http:\/\/www.portaldelolleria.es\/wp-content\/uploads\/2013\/08\/reinasmontaverner.jpg\" alt=\"\" width=\"598\" height=\"340\" srcset=\"http:\/\/www.portaldelolleria.es\/wp-content\/uploads\/2013\/08\/reinasmontaverner.jpg 1500w, http:\/\/www.portaldelolleria.es\/wp-content\/uploads\/2013\/08\/reinasmontaverner-300x170.jpg 300w, http:\/\/www.portaldelolleria.es\/wp-content\/uploads\/2013\/08\/reinasmontaverner-1024x582.jpg 1024w\" sizes=\"(max-width: 598px) 100vw, 598px\" \/><\/a><p id=\"caption-attachment-3797\" class=\"wp-caption-text\">pulse sobre la imagen para ampliar<\/p><\/div>\n<p>&nbsp;<\/p>\n<p><span id=\"result_box\" lang=\"es\"><span style=\"color: #3366ff;\"><strong><span title=\"PROGRAMA OFICIAL D\u00b4ACTES.\">PROGRAMA OFICIAL DE ACTOS. <\/span><\/strong><\/span><span title=\"FESTES PATRONALS I DE MOROS I CRISTIANS\"><span style=\"color: #3366ff;\"><strong>FIESTAS PATRONALES Y DE MOROS Y CRISTIANOS<\/strong><\/span><\/span><\/span><\/p>\n<p><span title=\"MONTAVERNER 2013.\">MONTAVERNER 2013. <\/span><span title=\"DEL 21 AL 30 D\u00b4AGOST\">DEL 21 AL 30 DE AGOSTO<\/span><\/p>\n<p><span title=\"DEL 5 AL 16 D\u2019AGOST.\">DEL 5 AL 16 DE AGOSTO. <\/span><span title=\"CAMPIONATS ESPORTIUS D\u2019ESTIU.\">CAMPEONATOS DEPORTIVOS DE VERANO.<\/span><\/p>\n<p><span title=\"FutbolSala, Tennis, Frontenis, Truc, Escacs Tennis Taula i Dards, tant en categoria junior con s\u00e8nior, s\u00f3n algunes de les activitats esportives en les quals poden participar tots els ve\u00efns del poble.\">F\u00fatbolsala, Tenis, Frontenis, Truco, Ajedrez Tenis Mesa y Dardos, tanto en categor\u00eda junior con senior, son algunas de las actividades deportivas en las que pueden participar todos los vecinos del pueblo.<\/span><\/p>\n<p><span title=\"DIMECRES 21 D\u2019AGOST\">MI\u00c9RCOLES 21 DE AGOSTO<\/span><\/p>\n<p><span title=\"A les 22:00 hores.\">A las 22:00 horas. <\/span><span title=\"SOPAR DE GERMANOR a la Pla\u00e7a Major.\">CENA DE HERMANDAD en la Plaza Mayor.<\/span><\/p>\n<p><span title=\"DISSABTE 24 D\u2019AGOST\">S\u00c1BADO 24 DE AGOSTO<\/span><\/p>\n<p><span title=\"A les 23:30 hores.\">A las 23:30 horas. <\/span><span title=\"PRESENTACI\u00d3 a l'esplanada de l'auditori municipal i Proclamaci\u00f3 de la Regina de Festes 2013, Yaiza Alfonso Mart\u00ed, i la seua Cort d'Honor.\">PRESENTACI\u00d3N en la explanada del auditorio municipal y Proclamaci\u00f3n de la Reina de Fiestas 2013, Yaiza Alfonso Mart\u00edn, y su Corte de Honor.<\/span><\/p>\n<p><span title=\"Enguany, degut al 50\u00ba ANIVERSARI DE LA PRIMERA PRESENTACI\u00d3 DE FESTES, es far\u00e0 un homenatge a totes les Regines de Festes des de l\u00b4any 1963.\">Este a\u00f1o, debido al 50 \u00ba ANIVERSARIO DE LA PRIMERA PRESENTACI\u00d3N DE FIESTAS, se har\u00e1 un homenaje a todas las Reinas de Fiestas desde el a\u00f1o 1963. <\/span><span title=\"Estan totes convidades a participar en l\u00b4acte.\">Est\u00e1n todas invitadas a participar en el acto.<\/span><\/p>\n<p><span title=\"En acabar la presentaci\u00f3 gaudirem d'una gran discom\u00f2bil al p\u00e0rking de l'auditori.\">Al terminar la presentaci\u00f3n disfrutaremos de una gran discom\u00f3vil en el parking del auditorio.<\/span><\/p>\n<p><span title=\"DIUMENGE 25 D\u2019AGOST\">DOMINGO 25 DE AGOSTO<\/span><\/p>\n<p><span title=\"Ales 22:30 hores tindr\u00e0 lloc la nit de les PAELLES al p\u00e0rking de l'auditori.\">Alas 22:30 horas tendr\u00e1 lugar la noche de las PAELLAS en el parking del auditorio. <\/span><span title=\"Esperem la participaci\u00f3 de tot el poble.\">Esperamos la participaci\u00f3n de todo el pueblo.<\/span><\/p>\n<p><span title=\"Amenitzar\u00e0 la vetlada un grup musical.\">Amenizar\u00e1 la velada un grupo musical.<\/span><\/p>\n<p><span title=\"DILLUNS 26 D\u00b4AGOST\">LUNES 26 DE AGOSTO<\/span><\/p>\n<p><span title=\"Des de les 11:00 i fins les 14:00 hores a la Piscina Municipal podreu trobar el PARC D\u00b4AIGUA.\">Desde las 11:00 y hasta las 14:00 horas en la Piscina Municipal podr\u00e1 encontrar el PARC DE AGUA. <\/span><span title=\"Entreteniment garantit per als mes menuts amb atraccions unflables i d'aigua per a que els xiquets s'ho passen d\u00b4 all\u00f2 m\u00e9s b\u00e9.\">Entretenimiento garantizado para los m\u00e1s peque\u00f1os con atracciones hinchables y de agua para que los ni\u00f1os lo pasan en grande. <\/span><span title=\"L\u2019entrada ser\u00e0 gratu\u00efta.\">La entrada ser\u00e1 gratuita.<\/span><\/p>\n<p><span title=\"Ales 20:00 hores tindr\u00e0 lloc el TRASLLAT DE LA MARE DE D\u00c9U DE LORETO, des de l'ermita de Colata fins la Pla\u00e7a.\">Alas 20:00 horas tendr\u00e1 lugar el TRASLADO DE LA VIRGEN DE LORETO, desde la ermita de Colata hasta la Plaza.<\/span><\/p>\n<p><span title=\"Acte seguit OFRENA DE FLORS I ALIMENTS a la qual est\u00e0 convidat tot el poble a participar.\">Acto seguido OFRENDA DE FLORES Y ALIMENTOS a la que est\u00e1 invitado todo el pueblo a participar. <\/span><span title=\"Els aliments oferits ser\u00e0n destinats a C\u00e1ritas Parroquial.\">Los alimentos ofrecidos ser\u00e1n destinados a C\u00e1ritas Parroquial.<\/span><\/p>\n<p><span title=\"A les 24:00 hores tindr\u00e0 lloc el primer acte de les Comparses de Moros i Cristians: LA NIT DE L\u00b4OLLA.\">A las 24:00 horas tendr\u00e1 lugar el primer acto de las Comparsas de Moros y Cristianos: LA NOCHE DE LA OLLA.<\/span><\/p>\n<p><span title=\"DIMARTS 27 D\u00b4AGOST\">MARTES 27 DE AGOSTO<\/span><\/p>\n<p><span title=\"A les 19:00 horesEntrada de bandes de m\u00fasica\">A las 19:00 horesEntrada de bandas de m\u00fasica<\/span><\/p>\n<p><span title=\"A les 20:00 hores GRAN ENTRADA DE MOROS I CRISTIANS.Enguany la Compasa Taverners ser\u00e0 la fil\u00e0 abanderada del b\u00e0ndol cristi\u00e0, i els Morotunos del b\u00e0ndol moro.\">A las 20:00 horas GRAN ENTRADA DE MOROS Y CRISTIANS.Enguany la Compasa Taberneros ser\u00e1 la fil\u00e0 abanderada del bando cristiano, y los Morotunos del bando moro.<\/span><\/p>\n<p><span title=\"Una vegada entrada la nit, a la 01:00, actuar\u00e0 l\u00b4Orquestra \u201c La Limite\u201d.\">Una vez entrada la noche, a la una, actuar\u00e1 la Orquesta \u00abLa Limite\u00bb.<\/span><\/p>\n<p><span title=\"DIMECRES 28 D\u00b4AGOST\">MI\u00c9RCOLES 28 DE AGOSTO<\/span><\/p>\n<p><span title=\"A les 8:00 hores DIANA.\">A las 8:00 horas DIANA. <\/span><span title=\"Desde la Pla\u00e7a Major totes les comparses pujaran al Cementiri on es dispararan unes salves en honor a tots els festers difunts.\">Desde la Plaza Mayor todas las comparsas subir\u00e1n al Cementerio donde se disparar\u00e1n unas salvas en honor a todos los festeros difuntos.<\/span><\/p>\n<p><span title=\"Acte seguit, HISSADA DE BANDERES i col\u00b7locaci\u00f3 del estandards de les comparses al castell.\">Acto seguido, IZADO DE BANDERAS y colocaci\u00f3n del est\u00e1ndares de las comparsas en el castillo.<\/span><\/p>\n<p><span title=\"A les 12:00 hores MISSA SOLEMNE EN HONOR A LA MARE DE D\u00c9U DE LORETO.\">A las 12:00 horas MISA SOLEMNE EN HONOR A LA VIRGEN DE LORETO. <\/span><span title=\"Al finalitzar cercavila de la Regina de Festes i la seua Cort d\u00b4Honor pels carrers del poble\">Al finalizar pasacalle de la Reina de Fiestas y su Corte de Honor por las calles del pueblo<\/span><\/p>\n<p><span title=\"A les 21:00 hores PROCESS\u00d3 DE LA MARE DE D\u00c9U DE LORETO.\">A las 21:00 horas PROCESI\u00d3N DE LA VIRGEN DE LORETO.<\/span><\/p>\n<p><span title=\"Una vegada acabada la Process\u00f3 es disparar\u00e0 un CASTELL DE FOCS ARTIFICIALS.\">Una vez terminada la procesi\u00f3n se disparar\u00e1 un CASTILLO DE FUEGOS ARTIFICIALES.<\/span><\/p>\n<p><span title=\"Aquesta ser\u00e0 una nit molt festiva, a partir de les 24:00 hores al Passeig 1r de Maig actuaci\u00f3 del Trio Estelar.\">Esta ser\u00e1 una noche muy festiva, a partir de las 24:00 horas en el Paseo 1 \u00ba de Mayo actuaci\u00f3n del Tr\u00edo Estelar.<\/span><\/p>\n<p><span title=\"DIJOUS 29 D\u00b4AGOST\">JUEVES 29 DE AGOSTO<\/span><\/p>\n<p><span title=\"A les 8:00 Volteig General de Campanes.\">A las 8:00 Volteo General de Campanas.<\/span><\/p>\n<p><span title=\"A les 12:00 hores MISSA EN HONOR AL SANT\u00cdSSIM CRIST DE LA PACI\u00c8NCIA.\">A las 12:00 horas MISA EN HONOR AL SANT\u00cdSIMO CRISTO DE LA PACIENCIA. <\/span><span title=\"Despr\u00e9s cercavilla de la Regina de Festes i de la seua Cort d\u00b4Honor pels carrers del poble.\">Despu\u00e9s cercavilla de la Reina de Fiestas y de su Corte de Honor por las calles del pueblo.<\/span><\/p>\n<p><span title=\"A continuaci\u00f3 Gran MASCLET\u00c0.\">A continuaci\u00f3n Gran MASCLETA.<\/span><\/p>\n<p><span title=\"A les 18:30 AMBAIXADES Mores i Cristianes.\">A las 18:30 EMBAJADAS Moras y Cristianas.<\/span><\/p>\n<p><span title=\"A les 21:00 PROCESS\u00d3 EN HONOR AL SANT\u00cdSSIM CRIST DE LA PACI\u00c8NCIA.\">A las 21:00 PROCESI\u00d3N EN HONOR AL SANT\u00cdSIMO CRISTO DE LA PACIENCIA. <\/span><span title=\"En l\u00b4 acte participaran tamb\u00e9 els xiquets de la Primera Comuni\u00f3.\">En el acto participar\u00e1n tambi\u00e9n los ni\u00f1os de la Primera Comuni\u00f3n.<\/span><\/p>\n<p><span title=\"A la 1:00 de la matinada actuar\u00e0 l\u00b4 Orquestra \u201cLa Crash\u201d.\">A la 1:00 de la madrugada actuar\u00e1 la Orquesta \u00abLa Crash\u00bb.<\/span><\/p>\n<p><span title=\"DIVENDRES 30 D\u00b4AGOST\">VIERNES 30 DE AGOSTO<\/span><\/p>\n<p><span title=\"A les 19.00 hores MISSA SOLEMNE EN HONOR ALS TITULARS DE LA PARR\u00d2QUIA, SANT JOAN I SANT JAUME.\">A las 19.00 horas MISA SOLEMNE EN HONOR A TITULARES DE LA PARROQUIA, SAN JUAN Y SANTIAGO.<\/span><\/p>\n<p><span title=\"A les 20:00 hores Trasllat de la Mare de D\u00e9u de Loreto al\u00b4 Ermita de Colata.\">A las 20:00 horas Traslado de la Virgen de Loreto a la Ermita de Colata.<\/span><\/p>\n<p><span title=\"A les 24:00 hores tindr\u00e0 lloc la RETRETA, l\u00b4 \u00faltim acte de les festes de Moros i Cristians.\">A las 24:00 horas tendr\u00e1 lugar la RETRETA, el \u00faltimo acto de las fiestas de Moros y Cristianos.<\/span><\/p>\n<p><span title=\"Al finalitzar la retreta ens acomiadarem de les festes del 2013 amb l\u00b4 orquestra \u201c Zeppelin Band\u201d.\">Al finalizar la retra\u00edda nos despediremos de las fiestas de 2013 con la orquesta \u00abZeppelin Band\u00bb.<\/span><\/p>\n<p><a href=\"http:\/\/www.portaldelolleria.es\/pdfs\/SALUDA.pdf\"><span id=\"result_box\" lang=\"ca\"><span class=\"hps\">leer saludo de la Alcaldesa<\/span><\/span><\/a><\/p>\n<p><a href=\"http:\/\/www.portaldelolleria.es\/pdfs\/YAIZA.pdf\"><span class=\"hps\">leer saludo<\/span> <span class=\"hps\">de la Reina<\/span><\/a><\/p>\n<p><a href=\"http:\/\/www.portaldelolleria.es\/pdfs\/programa2013.pdf\"><span class=\"hps\">ver programa oficial de fiestas 2013<\/span><\/a><\/p>\n<p><a href=\"http:\/\/www.portaldelolleria.es\/wp-content\/uploads\/2013\/08\/cartelmontaverner.jpg\"><img loading=\"lazy\" class=\"aligncenter size-full wp-image-3796\" title=\"cartelmontaverner\" src=\"http:\/\/www.portaldelolleria.es\/wp-content\/uploads\/2013\/08\/cartelmontaverner.jpg\" alt=\"\" width=\"598\" height=\"868\" srcset=\"http:\/\/www.portaldelolleria.es\/wp-content\/uploads\/2013\/08\/cartelmontaverner.jpg 598w, http:\/\/www.portaldelolleria.es\/wp-content\/uploads\/2013\/08\/cartelmontaverner-206x300.jpg 206w\" sizes=\"(max-width: 598px) 100vw, 598px\" \/><\/a><\/p>\n<p class=\"MsoNormal\"><span class=\"MsoNormal\"><span style=\"mso-bidi-font-family: Calibri; color: #222222; mso-ansi-language: CA;\" lang=\"CA\"><br \/>\n<\/span><\/span><\/p>\n","protected":false},"excerpt":{"rendered":"<p>Destacar que este a\u00f1o Montaverner har\u00e1 un homenaje especial el d\u00eda de la presentaci\u00f3n a todas las reinas de fiestas, debido a que este a\u00f1o se cumplen 50 a\u00f1os de la primera presentaci\u00f3n. Adem\u00e1s durante la semana de fiestas se har\u00e1 una exposici\u00f3n con fotos de todas las reinas y se expondr\u00e1n tambi\u00e9n sus coronas. [&hellip;]<\/p>\n","protected":false},"author":1,"featured_media":0,"comment_status":"closed","ping_status":"open","sticky":false,"template":"","format":"standard","meta":{"_monsterinsights_skip_tracking":false,"_monsterinsights_sitenote_active":false,"_monsterinsights_sitenote_note":"","_monsterinsights_sitenote_category":0},"categories":[789,12],"tags":[495,790,318,427,791],"_links":{"self":[{"href":"http:\/\/www.portaldelolleria.es\/index.php?rest_route=\/wp\/v2\/posts\/3794"}],"collection":[{"href":"http:\/\/www.portaldelolleria.es\/index.php?rest_route=\/wp\/v2\/posts"}],"about":[{"href":"http:\/\/www.portaldelolleria.es\/index.php?rest_route=\/wp\/v2\/types\/post"}],"author":[{"embeddable":true,"href":"http:\/\/www.portaldelolleria.es\/index.php?rest_route=\/wp\/v2\/users\/1"}],"replies":[{"embeddable":true,"href":"http:\/\/www.portaldelolleria.es\/index.php?rest_route=%2Fwp%2Fv2%2Fcomments&post=3794"}],"version-history":[{"count":3,"href":"http:\/\/www.portaldelolleria.es\/index.php?rest_route=\/wp\/v2\/posts\/3794\/revisions"}],"predecessor-version":[{"id":3805,"href":"http:\/\/www.portaldelolleria.es\/index.php?rest_route=\/wp\/v2\/posts\/3794\/revisions\/3805"}],"wp:attachment":[{"href":"http:\/\/www.portaldelolleria.es\/index.php?rest_route=%2Fwp%2Fv2%2Fmedia&parent=3794"}],"wp:term":[{"taxonomy":"category","embeddable":true,"href":"http:\/\/www.portaldelolleria.es\/index.php?rest_route=%2Fwp%2Fv2%2Fcategories&post=3794"},{"taxonomy":"post_tag","embeddable":true,"href":"http:\/\/www.portaldelolleria.es\/index.php?rest_route=%2Fwp%2Fv2%2Ftags&post=3794"}],"curies":[{"name":"wp","href":"https:\/\/api.w.org\/{rel}","templated":true}]}}