{"id":396,"date":"2012-05-02T17:13:33","date_gmt":"2012-05-02T16:13:33","guid":{"rendered":"http:\/\/www.portaldelolleria.es\/?p=396"},"modified":"2012-05-03T17:43:20","modified_gmt":"2012-05-03T16:43:20","slug":"lolleria-acogera-un-campus-intercomarcal-de-la-fundacion-vcf","status":"publish","type":"post","link":"http:\/\/www.portaldelolleria.es\/?p=396","title":{"rendered":"L&#8217;Olleria acoger\u00e1 un campus intercomarcal de la Fundaci\u00f3n VCF"},"content":{"rendered":"<p><em><strong>dirigido a ni\u00f1os y ni\u00f1as a partir de 6 a\u00f1os<\/strong><\/em><\/p>\n<p><a href=\"http:\/\/www.portaldelolleria.es\/wp-content\/uploads\/2012\/05\/campusvcf.jpg\"><img loading=\"lazy\" class=\"aligncenter size-full wp-image-397\" title=\"campusvcf\" src=\"http:\/\/www.portaldelolleria.es\/wp-content\/uploads\/2012\/05\/campusvcf.jpg\" alt=\"\" width=\"598\" height=\"398\" srcset=\"http:\/\/www.portaldelolleria.es\/wp-content\/uploads\/2012\/05\/campusvcf.jpg 598w, http:\/\/www.portaldelolleria.es\/wp-content\/uploads\/2012\/05\/campusvcf-300x199.jpg 300w\" sizes=\"(max-width: 598px) 100vw, 598px\" \/><\/a><\/p>\n<p>Por primera vez en la Comarca de la Vall d&#8217;Albaida y la Costera la Fundaci\u00f3n Valencia Club de Futbol celebrar\u00e1 un campus siendo la localidad de acogida L&#8217;Olleria, as\u00ed lo han anunciado el alcalde y el concejal de deportes del municipio, Jos\u00e9 Vidal y Vicente Oviedo. Lo hac\u00edan en el sal\u00f3n de plenos del ayuntamiento en un acto que cont\u00f3 con la presencia del gerente de la Fundaci\u00f3n del Valencia Club de Futbol, Pablo Mantilla y de Jos\u00e9 Enrique Mestre de la empresa Interstar Deporte.<\/p>\n<p>El concejal de deportes subrayaba \u00abel trabajo y esfuerzo que desde la concejal\u00eda de deportes estamos realizando para que L&#8217;Olleria tenga unas buenas instalaciones para practicar diferentes deportes as\u00ed como una amplia oferta deportiva tanto para ni\u00f1os como para adultos adem\u00e1s de promocionar el deporte, unos objetivos que se est\u00e1n cumpliendo ya que en las \u00faltimas semanas hemos puesto en funcionamiento una pista de p\u00e1del y la piscina cubierta municipal y ahora presentamos el campus de la Fundaci\u00f3n VCF, que por primera vez acoger\u00e1 nuestra comarca y la comarca vecina de la Costera siendo L&#8217;Olleria el municipio que albergue las actividades por lo que animamos a los ni\u00f1os y ni\u00f1as de las poblaciones de nuestra comarca y comarcas vecinas a que participen porque es una oportunidad \u00fanica para no s\u00f3lo adquirir conocimientos futbol\u00edstico de la mano de monitores y entrenadores profesionales y con experiencia con ni\u00f1os sino tambi\u00e9n de estrechar lazos de amistad con nuevos compa\u00f1eros\u00bb.<\/p>\n<p>Por su parte, Pablo Mantilla, gerente de la Fundaci\u00f3n explicaba que \u00abel campus se celebrar\u00e1 del 9 al 13 de julio y va dirigido a ni\u00f1os y ni\u00f1as de a partir 6 a\u00f1os, los cuales podr\u00e1n aprender disfrutando durante una semana llena de actividades como entrenamientos, charlas educativas y una salida al Mestalla en la que podr\u00e1n visitar todas y cada una de las dependencias del estadio, tambi\u00e9n hemos organizado un torneo que tendr\u00e1 lugar el mi\u00e9rcoles 11 y el jueves 12 de julio\u00bb. Igualmente, Mestre explicaba que \u00abel campus ser\u00e1 de 9 de la ma\u00f1ana a 8 de la tarde por lo que los padres s\u00f3lo tendr\u00e1n que traerlos y luego recogerlos puesto que todas las comidas est\u00e1n incluidas adem\u00e1s, nosotros les proporcionaremos la vestimenta para los d\u00edas en los que transcurre el campus y el d\u00eda de la clausura se les dar\u00e1 la equipaci\u00f3n oficial\u00bb a\u00f1adiendo que \u00abadem\u00e1s de entrenamientos y torneos, los participantes recibir\u00e1n charlas educativas entre las que se trataran la buena alimentaci\u00f3n\u00bb.<\/p>\n<p>Por \u00faltimo, el alcalde destac\u00f3 \u00abla calidad del campus que ofrece a los ni\u00f1os y ni\u00f1as una semana l\u00fadico, deportiva y educativa inolvidable, en la que aprender\u00e1n y disfrutar\u00e1n con su deporte favorito por lo que animamos tanto a L&#8217;Olleria como a los pueblos vecinos a que participen deseando que sea todo un \u00e9xito\u00bb.<\/p>\n<p>En cuanto al precio es de 195 euros desarroll\u00e1ndose las actividades en el campo de c\u00e9sped artificial y natural de L&#8217;Olleria, la piscina y el polideportivo. Las inscripciones se pueden hacer bien en el departamento de deportes del ayuntamiento de L&#8217;Olleria o por tel\u00e9fono al 69517017 o al 963944054 siendo el l\u00edmite de alumnos de 150.<\/p>\n","protected":false},"excerpt":{"rendered":"<p>dirigido a ni\u00f1os y ni\u00f1as a partir de 6 a\u00f1os Por primera vez en la Comarca de la Vall d&#8217;Albaida y la Costera la Fundaci\u00f3n Valencia Club de Futbol celebrar\u00e1 un campus siendo la localidad de acogida L&#8217;Olleria, as\u00ed lo han anunciado el alcalde y el concejal de deportes del municipio, Jos\u00e9 Vidal y Vicente [&hellip;]<\/p>\n","protected":false},"author":2,"featured_media":0,"comment_status":"closed","ping_status":"open","sticky":false,"template":"","format":"standard","meta":{"_monsterinsights_skip_tracking":false,"_monsterinsights_sitenote_active":false,"_monsterinsights_sitenote_note":"","_monsterinsights_sitenote_category":0},"categories":[9],"tags":[32,29,31,20,30],"_links":{"self":[{"href":"http:\/\/www.portaldelolleria.es\/index.php?rest_route=\/wp\/v2\/posts\/396"}],"collection":[{"href":"http:\/\/www.portaldelolleria.es\/index.php?rest_route=\/wp\/v2\/posts"}],"about":[{"href":"http:\/\/www.portaldelolleria.es\/index.php?rest_route=\/wp\/v2\/types\/post"}],"author":[{"embeddable":true,"href":"http:\/\/www.portaldelolleria.es\/index.php?rest_route=\/wp\/v2\/users\/2"}],"replies":[{"embeddable":true,"href":"http:\/\/www.portaldelolleria.es\/index.php?rest_route=%2Fwp%2Fv2%2Fcomments&post=396"}],"version-history":[{"count":2,"href":"http:\/\/www.portaldelolleria.es\/index.php?rest_route=\/wp\/v2\/posts\/396\/revisions"}],"predecessor-version":[{"id":409,"href":"http:\/\/www.portaldelolleria.es\/index.php?rest_route=\/wp\/v2\/posts\/396\/revisions\/409"}],"wp:attachment":[{"href":"http:\/\/www.portaldelolleria.es\/index.php?rest_route=%2Fwp%2Fv2%2Fmedia&parent=396"}],"wp:term":[{"taxonomy":"category","embeddable":true,"href":"http:\/\/www.portaldelolleria.es\/index.php?rest_route=%2Fwp%2Fv2%2Fcategories&post=396"},{"taxonomy":"post_tag","embeddable":true,"href":"http:\/\/www.portaldelolleria.es\/index.php?rest_route=%2Fwp%2Fv2%2Ftags&post=396"}],"curies":[{"name":"wp","href":"https:\/\/api.w.org\/{rel}","templated":true}]}}