{"id":399,"date":"2012-05-02T13:23:49","date_gmt":"2012-05-02T12:23:49","guid":{"rendered":"http:\/\/www.portaldelolleria.es\/?p=399"},"modified":"2012-05-08T21:28:00","modified_gmt":"2012-05-08T20:28:00","slug":"l%e2%80%99olleria-este-domingo-en-obrim-les-portes-de-la-vall","status":"publish","type":"post","link":"http:\/\/www.portaldelolleria.es\/?p=399","title":{"rendered":"L\u2019Olleria este domingo en \u00abObrim les Portes de la Vall\u00bb"},"content":{"rendered":"<p><em>Se visitaran el Monasterio de las Agustinas, el Convento de Caputxins y la Casa Santonja entre otros lugares del municipio<\/em><\/p>\n<p><em>\u00a0<a href=\"http:\/\/www.portaldelolleria.es\/wp-content\/uploads\/2012\/05\/turismolavall.jpg\"><img loading=\"lazy\" class=\"aligncenter size-full wp-image-400\" title=\"turismolavall\" src=\"http:\/\/www.portaldelolleria.es\/wp-content\/uploads\/2012\/05\/turismolavall.jpg\" alt=\"\" width=\"598\" height=\"398\" srcset=\"http:\/\/www.portaldelolleria.es\/wp-content\/uploads\/2012\/05\/turismolavall.jpg 598w, http:\/\/www.portaldelolleria.es\/wp-content\/uploads\/2012\/05\/turismolavall-300x199.jpg 300w\" sizes=\"(max-width: 598px) 100vw, 598px\" \/><\/a><\/em><\/p>\n<p>El primer domingo de mayo L\u2019Olleria acoge el programa de la Mancomunitat <em>Obrim les Portes de la Vall<\/em>. Ser\u00e1 a las diez y media de la ma\u00f1ana cuando se inicie la ruta tur\u00edstica preparada y que recorrer\u00e1 diversos puntos de inter\u00e9s.<\/p>\n<p>La salida ser\u00e1 desde la puerta del Ayuntamiento tras la bienvenida a los participantes por parte del alcalde, Jos\u00e9 Vidal. De ah\u00ed, el grupo se trasladar\u00e1 hasta la Iglesia de Sta. M\u00aa Magdalena donde el cura-p\u00e1rroco D. Emilio Esteve mostrar\u00e1 la Iglesia y explicar\u00e1 con todo detalle las caracter\u00edsticas del edificio declarado Bien de Inter\u00e9s Cultural.<\/p>\n<p>De all\u00ed, la ruta continuar\u00e1 hasta el Palacio de Zacar\u00e9s parti\u00e9ndose el grupo en dos, uno de ellos se dirigir\u00e1 a la Casa Santonja-Palau dels Marau donde podr\u00e1n visitar este edificio tan singular y futuro museo del vidrio, una visita que contar\u00e1 con la explicaci\u00f3n del historiador local Jovi Vidal. Adem\u00e1s, habr\u00e1 una exposici\u00f3n de trajes de fiestas, creada por la Junta Central de Moros y Cristianos de L\u2019Olleria.<\/p>\n<p>Mientras tanto, el otro grupo podr\u00e1 ver la Font Nova as\u00ed como el Monasterio de las Agustinas, lugar en el que se explicar\u00e1n los murales que hay dentro de la capilla as\u00ed como el busto del beato Juan Pablo II ubicado en los jardines del Convento.<\/p>\n<p>Despu\u00e9s, todos juntos visitar\u00e1n el Convento de Caputxins donde se explicar\u00e1n caracter\u00edsticas del propio Convento adem\u00e1s de la Murta y se visitar\u00e1 la exposici\u00f3n de \u00d3scar Marziali y del vidrio.<\/p>\n<p>Por \u00faltimo, el concejal de turismo, Juan Ruano ha invitado \u201ca todos los ollerienses y vecinos de poblaciones de alrededor a participar en esta ruta que les permitir\u00e1 conocer o conocer mejor, algunos de nuestros lugares m\u00e1s emblem\u00e1ticos y parte de la riqueza cultural, hist\u00f3rica y tur\u00edstica de L\u2019Olleria\u201d.<\/p>\n","protected":false},"excerpt":{"rendered":"<p>Se visitaran el Monasterio de las Agustinas, el Convento de Caputxins y la Casa Santonja entre otros lugares del municipio \u00a0 El primer domingo de mayo L\u2019Olleria acoge el programa de la Mancomunitat Obrim les Portes de la Vall. Ser\u00e1 a las diez y media de la ma\u00f1ana cuando se inicie la ruta tur\u00edstica preparada [&hellip;]<\/p>\n","protected":false},"author":2,"featured_media":0,"comment_status":"closed","ping_status":"open","sticky":false,"template":"","format":"standard","meta":{"_monsterinsights_skip_tracking":false,"_monsterinsights_sitenote_active":false,"_monsterinsights_sitenote_note":"","_monsterinsights_sitenote_category":0},"categories":[16],"tags":[37,34,20,38,35,36,33,39],"_links":{"self":[{"href":"http:\/\/www.portaldelolleria.es\/index.php?rest_route=\/wp\/v2\/posts\/399"}],"collection":[{"href":"http:\/\/www.portaldelolleria.es\/index.php?rest_route=\/wp\/v2\/posts"}],"about":[{"href":"http:\/\/www.portaldelolleria.es\/index.php?rest_route=\/wp\/v2\/types\/post"}],"author":[{"embeddable":true,"href":"http:\/\/www.portaldelolleria.es\/index.php?rest_route=\/wp\/v2\/users\/2"}],"replies":[{"embeddable":true,"href":"http:\/\/www.portaldelolleria.es\/index.php?rest_route=%2Fwp%2Fv2%2Fcomments&post=399"}],"version-history":[{"count":2,"href":"http:\/\/www.portaldelolleria.es\/index.php?rest_route=\/wp\/v2\/posts\/399\/revisions"}],"predecessor-version":[{"id":430,"href":"http:\/\/www.portaldelolleria.es\/index.php?rest_route=\/wp\/v2\/posts\/399\/revisions\/430"}],"wp:attachment":[{"href":"http:\/\/www.portaldelolleria.es\/index.php?rest_route=%2Fwp%2Fv2%2Fmedia&parent=399"}],"wp:term":[{"taxonomy":"category","embeddable":true,"href":"http:\/\/www.portaldelolleria.es\/index.php?rest_route=%2Fwp%2Fv2%2Fcategories&post=399"},{"taxonomy":"post_tag","embeddable":true,"href":"http:\/\/www.portaldelolleria.es\/index.php?rest_route=%2Fwp%2Fv2%2Ftags&post=399"}],"curies":[{"name":"wp","href":"https:\/\/api.w.org\/{rel}","templated":true}]}}