{"id":3990,"date":"2013-09-04T10:00:27","date_gmt":"2013-09-04T08:00:27","guid":{"rendered":"http:\/\/www.portaldelolleria.es\/?p=3990"},"modified":"2013-09-04T10:01:06","modified_gmt":"2013-09-04T08:01:06","slug":"la-procesion-en-imagenes","status":"publish","type":"post","link":"http:\/\/www.portaldelolleria.es\/?p=3990","title":{"rendered":"La \u00abprocesi\u00f3n\u00bb en imagenes"},"content":{"rendered":"<p>La proceci\u00f3n,\u00a0 uno de los \u00faltimos actos del tercer d\u00eda de la Trilog\u00eda festera,\u00a0 es casi el punto final a las fiestas, a pesar de quedar actos programados de relevancia para la semana siguiente, y para el 28 de Septiembre.<\/p>\n<p style=\"text-align: center;\">\n<p style=\"text-align: center;\"><span class=\"null\">Fotograf\u00edas realizadas por Crist\u00f3bal Renato Martinez colaborador de f1superdigital<\/span><\/p>\n<p><a href=\"http:\/\/www.portaldelolleria.es\/wp-content\/uploads\/2013\/09\/procesion01.jpg\"><img loading=\"lazy\" class=\"aligncenter size-full wp-image-3992\" title=\"procesion01\" src=\"http:\/\/www.portaldelolleria.es\/wp-content\/uploads\/2013\/09\/procesion01.jpg\" alt=\"\" width=\"598\" height=\"401\" srcset=\"http:\/\/www.portaldelolleria.es\/wp-content\/uploads\/2013\/09\/procesion01.jpg 598w, http:\/\/www.portaldelolleria.es\/wp-content\/uploads\/2013\/09\/procesion01-300x201.jpg 300w\" sizes=\"(max-width: 598px) 100vw, 598px\" \/><\/a><\/p>\n<p><a href=\"http:\/\/www.portaldelolleria.es\/wp-content\/uploads\/2013\/09\/procesion02.jpg\"><img loading=\"lazy\" class=\"aligncenter size-full wp-image-3993\" title=\"procesion02\" src=\"http:\/\/www.portaldelolleria.es\/wp-content\/uploads\/2013\/09\/procesion02.jpg\" alt=\"\" width=\"598\" height=\"401\" srcset=\"http:\/\/www.portaldelolleria.es\/wp-content\/uploads\/2013\/09\/procesion02.jpg 598w, http:\/\/www.portaldelolleria.es\/wp-content\/uploads\/2013\/09\/procesion02-300x201.jpg 300w\" sizes=\"(max-width: 598px) 100vw, 598px\" \/><\/a><\/p>\n<p><a href=\"http:\/\/www.portaldelolleria.es\/wp-content\/uploads\/2013\/09\/procesion03.jpg\"><img loading=\"lazy\" class=\"aligncenter size-full wp-image-3994\" title=\"procesion03\" src=\"http:\/\/www.portaldelolleria.es\/wp-content\/uploads\/2013\/09\/procesion03.jpg\" alt=\"\" width=\"598\" height=\"893\" srcset=\"http:\/\/www.portaldelolleria.es\/wp-content\/uploads\/2013\/09\/procesion03.jpg 598w, http:\/\/www.portaldelolleria.es\/wp-content\/uploads\/2013\/09\/procesion03-200x300.jpg 200w\" sizes=\"(max-width: 598px) 100vw, 598px\" \/><\/a><\/p>\n<p><a href=\"http:\/\/www.portaldelolleria.es\/wp-content\/uploads\/2013\/09\/procesion04.jpg\"><img loading=\"lazy\" class=\"aligncenter size-full wp-image-3995\" title=\"procesion04\" src=\"http:\/\/www.portaldelolleria.es\/wp-content\/uploads\/2013\/09\/procesion04.jpg\" alt=\"\" width=\"598\" height=\"401\" srcset=\"http:\/\/www.portaldelolleria.es\/wp-content\/uploads\/2013\/09\/procesion04.jpg 598w, http:\/\/www.portaldelolleria.es\/wp-content\/uploads\/2013\/09\/procesion04-300x201.jpg 300w\" sizes=\"(max-width: 598px) 100vw, 598px\" \/><\/a><\/p>\n<p><a href=\"http:\/\/www.portaldelolleria.es\/wp-content\/uploads\/2013\/09\/procesion06.jpg\"><img loading=\"lazy\" class=\"aligncenter size-full wp-image-3997\" title=\"procesion06\" src=\"http:\/\/www.portaldelolleria.es\/wp-content\/uploads\/2013\/09\/procesion06.jpg\" alt=\"\" width=\"598\" height=\"401\" srcset=\"http:\/\/www.portaldelolleria.es\/wp-content\/uploads\/2013\/09\/procesion06.jpg 598w, http:\/\/www.portaldelolleria.es\/wp-content\/uploads\/2013\/09\/procesion06-300x201.jpg 300w\" sizes=\"(max-width: 598px) 100vw, 598px\" \/><\/a><a href=\"http:\/\/www.portaldelolleria.es\/wp-content\/uploads\/2013\/09\/procesion05.jpg\"><img loading=\"lazy\" class=\"aligncenter size-full wp-image-3996\" title=\"procesion05\" src=\"http:\/\/www.portaldelolleria.es\/wp-content\/uploads\/2013\/09\/procesion05.jpg\" alt=\"\" width=\"598\" height=\"401\" srcset=\"http:\/\/www.portaldelolleria.es\/wp-content\/uploads\/2013\/09\/procesion05.jpg 598w, http:\/\/www.portaldelolleria.es\/wp-content\/uploads\/2013\/09\/procesion05-300x201.jpg 300w\" sizes=\"(max-width: 598px) 100vw, 598px\" \/><\/a><\/p>\n<p><a href=\"http:\/\/www.portaldelolleria.es\/wp-content\/uploads\/2013\/09\/procesion07.jpg\"><img loading=\"lazy\" class=\"aligncenter size-full wp-image-3998\" title=\"procesion07\" src=\"http:\/\/www.portaldelolleria.es\/wp-content\/uploads\/2013\/09\/procesion07.jpg\" alt=\"\" width=\"598\" height=\"401\" srcset=\"http:\/\/www.portaldelolleria.es\/wp-content\/uploads\/2013\/09\/procesion07.jpg 598w, http:\/\/www.portaldelolleria.es\/wp-content\/uploads\/2013\/09\/procesion07-300x201.jpg 300w\" sizes=\"(max-width: 598px) 100vw, 598px\" \/><\/a><\/p>\n<p><a href=\"http:\/\/www.portaldelolleria.es\/wp-content\/uploads\/2013\/09\/procesion08.jpg\"><img loading=\"lazy\" class=\"aligncenter size-full wp-image-3999\" title=\"procesion08\" src=\"http:\/\/www.portaldelolleria.es\/wp-content\/uploads\/2013\/09\/procesion08.jpg\" alt=\"\" width=\"598\" height=\"401\" srcset=\"http:\/\/www.portaldelolleria.es\/wp-content\/uploads\/2013\/09\/procesion08.jpg 598w, http:\/\/www.portaldelolleria.es\/wp-content\/uploads\/2013\/09\/procesion08-300x201.jpg 300w\" sizes=\"(max-width: 598px) 100vw, 598px\" \/><\/a><\/p>\n<p><a href=\"http:\/\/www.portaldelolleria.es\/wp-content\/uploads\/2013\/09\/procesion09.jpg\"><img loading=\"lazy\" class=\"aligncenter size-full wp-image-4000\" title=\"procesion09\" src=\"http:\/\/www.portaldelolleria.es\/wp-content\/uploads\/2013\/09\/procesion09.jpg\" alt=\"\" width=\"598\" height=\"401\" srcset=\"http:\/\/www.portaldelolleria.es\/wp-content\/uploads\/2013\/09\/procesion09.jpg 598w, http:\/\/www.portaldelolleria.es\/wp-content\/uploads\/2013\/09\/procesion09-300x201.jpg 300w\" sizes=\"(max-width: 598px) 100vw, 598px\" \/><\/a><\/p>\n<p><a href=\"http:\/\/www.portaldelolleria.es\/wp-content\/uploads\/2013\/09\/procesion10.jpg\"><img loading=\"lazy\" class=\"aligncenter size-full wp-image-4001\" title=\"procesion10\" src=\"http:\/\/www.portaldelolleria.es\/wp-content\/uploads\/2013\/09\/procesion10.jpg\" alt=\"\" width=\"598\" height=\"401\" srcset=\"http:\/\/www.portaldelolleria.es\/wp-content\/uploads\/2013\/09\/procesion10.jpg 598w, http:\/\/www.portaldelolleria.es\/wp-content\/uploads\/2013\/09\/procesion10-300x201.jpg 300w\" sizes=\"(max-width: 598px) 100vw, 598px\" \/><\/a><\/p>\n<p><a href=\"http:\/\/www.portaldelolleria.es\/wp-content\/uploads\/2013\/09\/procesion11.jpg\"><img loading=\"lazy\" class=\"aligncenter size-full wp-image-4002\" title=\"procesion11\" src=\"http:\/\/www.portaldelolleria.es\/wp-content\/uploads\/2013\/09\/procesion11.jpg\" alt=\"\" width=\"598\" height=\"401\" srcset=\"http:\/\/www.portaldelolleria.es\/wp-content\/uploads\/2013\/09\/procesion11.jpg 598w, http:\/\/www.portaldelolleria.es\/wp-content\/uploads\/2013\/09\/procesion11-300x201.jpg 300w\" sizes=\"(max-width: 598px) 100vw, 598px\" \/><\/a><\/p>\n<p><a href=\"http:\/\/www.portaldelolleria.es\/wp-content\/uploads\/2013\/09\/procesion12.jpg\"><img loading=\"lazy\" class=\"aligncenter size-full wp-image-4003\" title=\"procesion12\" src=\"http:\/\/www.portaldelolleria.es\/wp-content\/uploads\/2013\/09\/procesion12.jpg\" alt=\"\" width=\"598\" height=\"401\" srcset=\"http:\/\/www.portaldelolleria.es\/wp-content\/uploads\/2013\/09\/procesion12.jpg 598w, http:\/\/www.portaldelolleria.es\/wp-content\/uploads\/2013\/09\/procesion12-300x201.jpg 300w\" sizes=\"(max-width: 598px) 100vw, 598px\" \/><\/a><\/p>\n<p><a href=\"http:\/\/www.portaldelolleria.es\/wp-content\/uploads\/2013\/09\/procesion13.jpg\"><img loading=\"lazy\" class=\"aligncenter size-full wp-image-4004\" title=\"procesion13\" src=\"http:\/\/www.portaldelolleria.es\/wp-content\/uploads\/2013\/09\/procesion13.jpg\" alt=\"\" width=\"598\" height=\"401\" srcset=\"http:\/\/www.portaldelolleria.es\/wp-content\/uploads\/2013\/09\/procesion13.jpg 598w, http:\/\/www.portaldelolleria.es\/wp-content\/uploads\/2013\/09\/procesion13-300x201.jpg 300w\" sizes=\"(max-width: 598px) 100vw, 598px\" \/><\/a><\/p>\n<p><a href=\"http:\/\/www.portaldelolleria.es\/wp-content\/uploads\/2013\/09\/procesion14.jpg\"><img loading=\"lazy\" class=\"aligncenter size-full wp-image-4005\" title=\"procesion14\" src=\"http:\/\/www.portaldelolleria.es\/wp-content\/uploads\/2013\/09\/procesion14.jpg\" alt=\"\" width=\"598\" height=\"401\" srcset=\"http:\/\/www.portaldelolleria.es\/wp-content\/uploads\/2013\/09\/procesion14.jpg 598w, http:\/\/www.portaldelolleria.es\/wp-content\/uploads\/2013\/09\/procesion14-300x201.jpg 300w\" sizes=\"(max-width: 598px) 100vw, 598px\" \/><\/a><\/p>\n<p><a href=\"http:\/\/www.portaldelolleria.es\/wp-content\/uploads\/2013\/09\/procesion15.jpg\"><img loading=\"lazy\" class=\"aligncenter size-full wp-image-4006\" title=\"procesion15\" src=\"http:\/\/www.portaldelolleria.es\/wp-content\/uploads\/2013\/09\/procesion15.jpg\" alt=\"\" width=\"598\" height=\"401\" srcset=\"http:\/\/www.portaldelolleria.es\/wp-content\/uploads\/2013\/09\/procesion15.jpg 598w, http:\/\/www.portaldelolleria.es\/wp-content\/uploads\/2013\/09\/procesion15-300x201.jpg 300w\" sizes=\"(max-width: 598px) 100vw, 598px\" \/><\/a><\/p>\n<p><a href=\"http:\/\/www.portaldelolleria.es\/wp-content\/uploads\/2013\/09\/procesion16.jpg\"><img loading=\"lazy\" class=\"aligncenter size-full wp-image-4007\" title=\"procesion16\" src=\"http:\/\/www.portaldelolleria.es\/wp-content\/uploads\/2013\/09\/procesion16.jpg\" alt=\"\" width=\"598\" height=\"401\" srcset=\"http:\/\/www.portaldelolleria.es\/wp-content\/uploads\/2013\/09\/procesion16.jpg 598w, http:\/\/www.portaldelolleria.es\/wp-content\/uploads\/2013\/09\/procesion16-300x201.jpg 300w\" sizes=\"(max-width: 598px) 100vw, 598px\" \/><\/a><\/p>\n<p><a href=\"http:\/\/www.portaldelolleria.es\/wp-content\/uploads\/2013\/09\/procesion17.jpg\"><img loading=\"lazy\" class=\"aligncenter size-full wp-image-4008\" title=\"procesion17\" src=\"http:\/\/www.portaldelolleria.es\/wp-content\/uploads\/2013\/09\/procesion17.jpg\" alt=\"\" width=\"598\" height=\"893\" srcset=\"http:\/\/www.portaldelolleria.es\/wp-content\/uploads\/2013\/09\/procesion17.jpg 598w, http:\/\/www.portaldelolleria.es\/wp-content\/uploads\/2013\/09\/procesion17-200x300.jpg 200w\" sizes=\"(max-width: 598px) 100vw, 598px\" \/><\/a><\/p>\n<p><a href=\"http:\/\/www.portaldelolleria.es\/wp-content\/uploads\/2013\/09\/procesion18.jpg\"><img loading=\"lazy\" class=\"aligncenter size-full wp-image-4009\" title=\"procesion18\" src=\"http:\/\/www.portaldelolleria.es\/wp-content\/uploads\/2013\/09\/procesion18.jpg\" alt=\"\" width=\"598\" height=\"401\" srcset=\"http:\/\/www.portaldelolleria.es\/wp-content\/uploads\/2013\/09\/procesion18.jpg 598w, http:\/\/www.portaldelolleria.es\/wp-content\/uploads\/2013\/09\/procesion18-300x201.jpg 300w\" sizes=\"(max-width: 598px) 100vw, 598px\" \/><\/a><\/p>\n<p><a href=\"http:\/\/www.portaldelolleria.es\/wp-content\/uploads\/2013\/09\/procesion19.jpg\"><img loading=\"lazy\" class=\"aligncenter size-full wp-image-4010\" title=\"procesion19\" src=\"http:\/\/www.portaldelolleria.es\/wp-content\/uploads\/2013\/09\/procesion19.jpg\" alt=\"\" width=\"598\" height=\"401\" srcset=\"http:\/\/www.portaldelolleria.es\/wp-content\/uploads\/2013\/09\/procesion19.jpg 598w, http:\/\/www.portaldelolleria.es\/wp-content\/uploads\/2013\/09\/procesion19-300x201.jpg 300w\" sizes=\"(max-width: 598px) 100vw, 598px\" \/><\/a><\/p>\n<p><a href=\"http:\/\/www.portaldelolleria.es\/wp-content\/uploads\/2013\/09\/procesion20.jpg\"><img loading=\"lazy\" class=\"aligncenter size-full wp-image-4011\" title=\"procesion20\" src=\"http:\/\/www.portaldelolleria.es\/wp-content\/uploads\/2013\/09\/procesion20.jpg\" alt=\"\" width=\"598\" height=\"401\" srcset=\"http:\/\/www.portaldelolleria.es\/wp-content\/uploads\/2013\/09\/procesion20.jpg 598w, http:\/\/www.portaldelolleria.es\/wp-content\/uploads\/2013\/09\/procesion20-300x201.jpg 300w\" sizes=\"(max-width: 598px) 100vw, 598px\" \/><\/a><\/p>\n<p><a href=\"http:\/\/www.portaldelolleria.es\/wp-content\/uploads\/2013\/09\/procesion21.jpg\"><img loading=\"lazy\" class=\"aligncenter size-full wp-image-4012\" title=\"procesion21\" src=\"http:\/\/www.portaldelolleria.es\/wp-content\/uploads\/2013\/09\/procesion21.jpg\" alt=\"\" width=\"598\" height=\"401\" srcset=\"http:\/\/www.portaldelolleria.es\/wp-content\/uploads\/2013\/09\/procesion21.jpg 598w, http:\/\/www.portaldelolleria.es\/wp-content\/uploads\/2013\/09\/procesion21-300x201.jpg 300w\" sizes=\"(max-width: 598px) 100vw, 598px\" \/><\/a><\/p>\n<p><a href=\"http:\/\/www.portaldelolleria.es\/wp-content\/uploads\/2013\/09\/procesion22.jpg\"><img loading=\"lazy\" class=\"aligncenter size-full wp-image-4013\" title=\"procesion22\" src=\"http:\/\/www.portaldelolleria.es\/wp-content\/uploads\/2013\/09\/procesion22.jpg\" alt=\"\" width=\"598\" height=\"401\" srcset=\"http:\/\/www.portaldelolleria.es\/wp-content\/uploads\/2013\/09\/procesion22.jpg 598w, http:\/\/www.portaldelolleria.es\/wp-content\/uploads\/2013\/09\/procesion22-300x201.jpg 300w\" sizes=\"(max-width: 598px) 100vw, 598px\" \/><\/a><\/p>\n<p><a href=\"http:\/\/www.portaldelolleria.es\/wp-content\/uploads\/2013\/09\/procesion23.jpg\"><img loading=\"lazy\" class=\"aligncenter size-full wp-image-4014\" title=\"procesion23\" src=\"http:\/\/www.portaldelolleria.es\/wp-content\/uploads\/2013\/09\/procesion23.jpg\" alt=\"\" width=\"598\" height=\"401\" srcset=\"http:\/\/www.portaldelolleria.es\/wp-content\/uploads\/2013\/09\/procesion23.jpg 598w, http:\/\/www.portaldelolleria.es\/wp-content\/uploads\/2013\/09\/procesion23-300x201.jpg 300w\" sizes=\"(max-width: 598px) 100vw, 598px\" \/><\/a><\/p>\n<p><a href=\"http:\/\/www.portaldelolleria.es\/wp-content\/uploads\/2013\/09\/procesion25.jpg\"><img loading=\"lazy\" class=\"aligncenter size-full wp-image-4016\" title=\"procesion25\" src=\"http:\/\/www.portaldelolleria.es\/wp-content\/uploads\/2013\/09\/procesion25.jpg\" alt=\"\" width=\"598\" height=\"401\" srcset=\"http:\/\/www.portaldelolleria.es\/wp-content\/uploads\/2013\/09\/procesion25.jpg 598w, http:\/\/www.portaldelolleria.es\/wp-content\/uploads\/2013\/09\/procesion25-300x201.jpg 300w\" sizes=\"(max-width: 598px) 100vw, 598px\" \/><\/a><\/p>\n<p style=\"text-align: center;\"><a href=\"http:\/\/www.portaldelolleria.es\/wp-content\/uploads\/2013\/09\/procesion26.jpg\"><img loading=\"lazy\" class=\"aligncenter size-full wp-image-3991\" title=\"procesion26\" src=\"http:\/\/www.portaldelolleria.es\/wp-content\/uploads\/2013\/09\/procesion26.jpg\" alt=\"\" width=\"598\" height=\"401\" srcset=\"http:\/\/www.portaldelolleria.es\/wp-content\/uploads\/2013\/09\/procesion26.jpg 598w, http:\/\/www.portaldelolleria.es\/wp-content\/uploads\/2013\/09\/procesion26-300x201.jpg 300w\" sizes=\"(max-width: 598px) 100vw, 598px\" \/><\/a><\/p>\n<p style=\"text-align: center;\"><span class=\"null\">Fotograf\u00edas realizadas por Crist\u00f3bal Renato Martinez colaborador de f1superdigital<\/span><\/p>\n","protected":false},"excerpt":{"rendered":"<p>La proceci\u00f3n,\u00a0 uno de los \u00faltimos actos del tercer d\u00eda de la Trilog\u00eda festera,\u00a0 es casi el punto final a las fiestas, a pesar de quedar actos programados de relevancia para la semana siguiente, y para el 28 de Septiembre. Fotograf\u00edas realizadas por Crist\u00f3bal Renato Martinez colaborador de f1superdigital Fotograf\u00edas realizadas por Crist\u00f3bal Renato Martinez [&hellip;]<\/p>\n","protected":false},"author":1,"featured_media":0,"comment_status":"closed","ping_status":"open","sticky":false,"template":"","format":"standard","meta":{"_monsterinsights_skip_tracking":false,"_monsterinsights_sitenote_active":false,"_monsterinsights_sitenote_note":"","_monsterinsights_sitenote_category":0},"categories":[17,12],"tags":[495,318,20,795],"_links":{"self":[{"href":"http:\/\/www.portaldelolleria.es\/index.php?rest_route=\/wp\/v2\/posts\/3990"}],"collection":[{"href":"http:\/\/www.portaldelolleria.es\/index.php?rest_route=\/wp\/v2\/posts"}],"about":[{"href":"http:\/\/www.portaldelolleria.es\/index.php?rest_route=\/wp\/v2\/types\/post"}],"author":[{"embeddable":true,"href":"http:\/\/www.portaldelolleria.es\/index.php?rest_route=\/wp\/v2\/users\/1"}],"replies":[{"embeddable":true,"href":"http:\/\/www.portaldelolleria.es\/index.php?rest_route=%2Fwp%2Fv2%2Fcomments&post=3990"}],"version-history":[{"count":3,"href":"http:\/\/www.portaldelolleria.es\/index.php?rest_route=\/wp\/v2\/posts\/3990\/revisions"}],"predecessor-version":[{"id":4020,"href":"http:\/\/www.portaldelolleria.es\/index.php?rest_route=\/wp\/v2\/posts\/3990\/revisions\/4020"}],"wp:attachment":[{"href":"http:\/\/www.portaldelolleria.es\/index.php?rest_route=%2Fwp%2Fv2%2Fmedia&parent=3990"}],"wp:term":[{"taxonomy":"category","embeddable":true,"href":"http:\/\/www.portaldelolleria.es\/index.php?rest_route=%2Fwp%2Fv2%2Fcategories&post=3990"},{"taxonomy":"post_tag","embeddable":true,"href":"http:\/\/www.portaldelolleria.es\/index.php?rest_route=%2Fwp%2Fv2%2Ftags&post=3990"}],"curies":[{"name":"wp","href":"https:\/\/api.w.org\/{rel}","templated":true}]}}