{"id":4022,"date":"2013-09-04T14:42:24","date_gmt":"2013-09-04T12:42:24","guid":{"rendered":"http:\/\/www.portaldelolleria.es\/?p=4022"},"modified":"2013-09-04T14:42:24","modified_gmt":"2013-09-04T12:42:24","slug":"l%e2%80%99olleria-despide-sus-fiestas-con-las-embajadas-y-la-procesion-general","status":"publish","type":"post","link":"http:\/\/www.portaldelolleria.es\/?p=4022","title":{"rendered":"L\u2019Olleria despide sus Fiestas con las Embajadas y la Procesi\u00f3n General"},"content":{"rendered":"<p style=\"text-align: center;\"><a href=\"http:\/\/www.portaldelolleria.es\/wp-content\/uploads\/2013\/09\/brindis.jpg\"><img loading=\"lazy\" class=\"aligncenter size-full wp-image-4023\" title=\"brindis\" src=\"http:\/\/www.portaldelolleria.es\/wp-content\/uploads\/2013\/09\/brindis.jpg\" alt=\"\" width=\"598\" height=\"394\" \/><\/a><\/p>\n<p class=\"MsoNormal\" style=\"text-align: justify;\"><span style=\"font-size: 12.0pt; line-height: 115%;\" lang=\"ES-TRAD\">L\u2019Olleria cerraba sus fiestas Patronales y de Moros y Cristianos el pasado lunes, un d\u00eda intenso en el que las embajadas y la procesi\u00f3n general llenaron las calles del municipio. <\/span><\/p>\n<p class=\"MsoNormal\" style=\"text-align: justify;\"><span style=\"font-size: 12.0pt; line-height: 115%;\" lang=\"ES-TRAD\">El concejal de Fiestas, Juan Ricardo Ruano ha hecho un balance muy positivo de estas fiestas que \u201cuna vez m\u00e1s han dejado el list\u00f3n muy alto\u201d.<\/span><\/p>\n<p class=\"MsoNormal\" style=\"text-align: justify;\"><span style=\"font-size: 12.0pt; line-height: 115%;\" lang=\"ES-TRAD\">Adem\u00e1s, tanto el concejal como el alcalde, Jos\u00e9 Vidal, felicitaban a los embajadores, Antonio Mic\u00f3, por el bando cristiano y la Fil\u00e0 Valencians y a Vicente Albi\u00f1ana, por el bando moro y la Fil\u00e0 Corda Curta \u201cpor unas embajadas llenas de emoci\u00f3n con una interpretaci\u00f3n viva y apasionada\u201d igualmente, han destacado y han dado la enhorabuena \u201ca toda la Fil\u00e0, Valencians<span style=\"mso-spacerun: yes;\">\u00a0 <\/span>y Corda Curta, y especialmente a sus capitanes, Jaime Pla de la Fil\u00e0 Valencians y Emilio Pascual de la Fil\u00e0 Corda Curta, por el gran espect\u00e1culo que ofrecieron en sus Capitan\u00edas\u201d. <\/span><\/p>\n<p class=\"MsoNormal\" style=\"text-align: justify;\"><span style=\"font-size: 12.0pt; line-height: 115%;\" lang=\"ES-TRAD\">Igualmente, el alcalde agradeci\u00f3 la presencia en la Entrada \u201cdel Secretario Auton\u00f3mico de Cultura y Deportes, Rafael Ripoll as\u00ed como de todos los alcaldes y concejales de la Comarca, Capit\u00e1n de la Guardia Civil de X\u00e0tiva, Pedro Vicente Monle\u00f3n y al Sargento Comandante del Puesto de la Guardia Civil de L\u2019Olleria, Carlos Jes\u00fas Godoy que estuvieron en L\u2019Olleria compartiendo con nosotros este d\u00eda tan destacado dentro de nuestras Fiestas\u201d. <\/span><\/p>\n<p class=\"MsoNormal\" style=\"text-align: justify;\"><span style=\"font-size: 12.0pt; line-height: 115%;\" lang=\"ES-TRAD\">Por otra parte, record\u00f3 que el d\u00eda de la Ofrenda, el viernes 30, \u201ccontamos con la presencia de la Consellera de Bienestar Social, Asunci\u00f3n S\u00e1nchez a la que tambi\u00e9n agradecemos el habernos visitado durante estos d\u00edas\u201d. <\/span><\/p>\n<p class=\"MsoNormal\" style=\"text-align: justify;\"><span style=\"font-size: 12.0pt; line-height: 115%;\" lang=\"ES-TRAD\">Tanto alcalde como concejal han tenido tambi\u00e9n unas palabras de agradecimiento y de felicitaci\u00f3n a las Reinas mayor e infantil, Maria Momp\u00f3 y Aitana Terol.<\/span><\/p>\n<p class=\"MsoNormal\" style=\"text-align: justify;\"><span style=\"font-size: 12.0pt; line-height: 115%;\" lang=\"ES-TRAD\">Por \u00faltimo, han destacado que \u201cestas fiestas han transcurrido con total normalidad y s\u00f3lo se tuvo que suspender un acto, el del concurso de paellas, a causa de la lluvia\u201d. <\/span><\/p>\n","protected":false},"excerpt":{"rendered":"<p>L\u2019Olleria cerraba sus fiestas Patronales y de Moros y Cristianos el pasado lunes, un d\u00eda intenso en el que las embajadas y la procesi\u00f3n general llenaron las calles del municipio. El concejal de Fiestas, Juan Ricardo Ruano ha hecho un balance muy positivo de estas fiestas que \u201cuna vez m\u00e1s han dejado el list\u00f3n muy [&hellip;]<\/p>\n","protected":false},"author":1,"featured_media":0,"comment_status":"closed","ping_status":"open","sticky":false,"template":"","format":"standard","meta":{"_monsterinsights_skip_tracking":false,"_monsterinsights_sitenote_active":false,"_monsterinsights_sitenote_note":"","_monsterinsights_sitenote_category":0},"categories":[17,12],"tags":[495,318,565,20,213],"_links":{"self":[{"href":"http:\/\/www.portaldelolleria.es\/index.php?rest_route=\/wp\/v2\/posts\/4022"}],"collection":[{"href":"http:\/\/www.portaldelolleria.es\/index.php?rest_route=\/wp\/v2\/posts"}],"about":[{"href":"http:\/\/www.portaldelolleria.es\/index.php?rest_route=\/wp\/v2\/types\/post"}],"author":[{"embeddable":true,"href":"http:\/\/www.portaldelolleria.es\/index.php?rest_route=\/wp\/v2\/users\/1"}],"replies":[{"embeddable":true,"href":"http:\/\/www.portaldelolleria.es\/index.php?rest_route=%2Fwp%2Fv2%2Fcomments&post=4022"}],"version-history":[{"count":1,"href":"http:\/\/www.portaldelolleria.es\/index.php?rest_route=\/wp\/v2\/posts\/4022\/revisions"}],"predecessor-version":[{"id":4024,"href":"http:\/\/www.portaldelolleria.es\/index.php?rest_route=\/wp\/v2\/posts\/4022\/revisions\/4024"}],"wp:attachment":[{"href":"http:\/\/www.portaldelolleria.es\/index.php?rest_route=%2Fwp%2Fv2%2Fmedia&parent=4022"}],"wp:term":[{"taxonomy":"category","embeddable":true,"href":"http:\/\/www.portaldelolleria.es\/index.php?rest_route=%2Fwp%2Fv2%2Fcategories&post=4022"},{"taxonomy":"post_tag","embeddable":true,"href":"http:\/\/www.portaldelolleria.es\/index.php?rest_route=%2Fwp%2Fv2%2Ftags&post=4022"}],"curies":[{"name":"wp","href":"https:\/\/api.w.org\/{rel}","templated":true}]}}