{"id":4073,"date":"2013-09-20T18:22:38","date_gmt":"2013-09-20T16:22:38","guid":{"rendered":"http:\/\/www.portaldelolleria.es\/?p=4073"},"modified":"2013-09-20T19:44:37","modified_gmt":"2013-09-20T17:44:37","slug":"27-entidades-locales-participan-en-la-v-feria-de-asociaciones-de-l%e2%80%99olleria","status":"publish","type":"post","link":"http:\/\/www.portaldelolleria.es\/?p=4073","title":{"rendered":"27 entidades locales participan en la V Feria de Asociaciones de L\u2019Olleria"},"content":{"rendered":"<p><a href=\"http:\/\/www.portaldelolleria.es\/wp-content\/uploads\/2013\/09\/fira.jpg\"><img loading=\"lazy\" class=\"aligncenter size-full wp-image-4074\" title=\"fira associacions\" src=\"http:\/\/www.portaldelolleria.es\/wp-content\/uploads\/2013\/09\/fira.jpg\" alt=\"\" width=\"598\" height=\"358\" srcset=\"http:\/\/www.portaldelolleria.es\/wp-content\/uploads\/2013\/09\/fira.jpg 598w, http:\/\/www.portaldelolleria.es\/wp-content\/uploads\/2013\/09\/fira-300x179.jpg 300w\" sizes=\"(max-width: 598px) 100vw, 598px\" \/><\/a><\/p>\n<p>&nbsp;<\/p>\n<p>&nbsp;<\/p>\n<p class=\"MsoNormal\" style=\"text-align: justify;\"><span style=\"font-size: 12.0pt; line-height: 115%;\" lang=\"ES-TRAD\">L\u2019Olleria acoge este s\u00e1bado 21 de septiembre la V Feria de Asociaciones, una edici\u00f3n en la que tal y como ha explicado el alcalde y concejal de Participaci\u00f3n Ciudadana, Jos\u00e9 Vidal \u201cvan a participar 27 entidades locales, 4 m\u00e1s que en la edici\u00f3n anterior,<span style=\"mso-spacerun: yes;\">\u00a0 <\/span>por lo que estamos muy contentos y agradecemos a las asociaciones locales participantes su inter\u00e9s y colaboraci\u00f3n un a\u00f1o m\u00e1s\u201d a\u00f1adiendo que \u201cen la Feria est\u00e1n representados todos los \u00e1mbitos, social, econ\u00f3mico, cultural, deportivo, festivo etc\u201d.<\/span><\/p>\n<p class=\"MsoNormal\" style=\"text-align: justify;\"><span style=\"font-size: 12.0pt; line-height: 115%;\" lang=\"ES-TRAD\">Esta feria, organizada por la concejal\u00eda de Participaci\u00f3n Ciudadana se encuentra ubicada en el parque Beat Pare Ferreres estando su apertura prevista a las seis de la tarde y hasta las diez de la noche. <\/span><\/p>\n<p class=\"MsoNormal\" style=\"text-align: justify;\"><span style=\"font-size: 12.0pt; line-height: 115%;\" lang=\"ES-TRAD\">A lo largo de estas cuatro horas, las asociaciones han preparado exhibiciones, talleres, espect\u00e1culos etc, para que los visitantes puedan pasar una tarde divertida y diferente. Adem\u00e1s, el alcalde ha comentado que \u201chabr\u00e1n igualmente hinchables para los m\u00e1s peque\u00f1os que es un complemento m\u00e1s a todo lo que se ha preparado por parte de las entidades participantes\u201d.<\/span><\/p>\n<p class=\"MsoNormal\" style=\"text-align: justify;\"><span style=\"font-size: 12.0pt; line-height: 115%;\" lang=\"ES-TRAD\">La apertura ser\u00e1 a ritmo de batucada a cargo de la Banda de Tambores y Cornetas del Stmo. Cristo de la Palma de L\u2019Olleria, continuando con los bailes de Balls Maria \u00c1ngeles, Ball a la Vall y Balls Sara Monz\u00f3, adem\u00e1s las Escuelas de B\u00e1squet y taekwondo har\u00e1n exhibiciones y el Club de colombicultura har\u00e1 suelta de palomos adem\u00e1s de talleres para los m\u00e1s peque\u00f1os. Por su parte, la asociaci\u00f3n taurina la Riba ha preparado carretones para ni\u00f1os y adultos y la asociaci\u00f3n Amics de la Cord\u00e0 de Gloria clausurar\u00e1 la Feria con chorros y ruedas de fuego y una mini masclet\u00e0 infantil. Adem\u00e1s, la Rondalla Loreto Honoratina ofrecer\u00e1 <span style=\"mso-spacerun: yes;\">\u00a0<\/span>un mini concierto con sus canciones m\u00e1s conocidas.<\/span><\/p>\n<p class=\"MsoNormal\" style=\"text-align: justify;\"><span style=\"font-size: 12.0pt; line-height: 115%;\" lang=\"ES-TRAD\">Por otro lado, a lo largo de toda la tarde, la asociaci\u00f3n Fotogr\u00e1fica de L\u2019Olleria har\u00e1 fotos en un Photocall ubicado para la ocasi\u00f3n, el grup de dol\u00e7ainers i tabaleters La Morralla ha preparado un taller infantil de maracas y recortables, tambi\u00e9n los Scouts han preparado talleres infantiles y una tienda de campa\u00f1a, el Club Ciclista Cap Amunt expondr\u00e1 las bicicletas de \u00faltima generaci\u00f3n y ofrecer\u00e1 talleres de mantenimiento de bicicleta. La asociaci\u00f3n Amics del Cavall expondr\u00e1 material y elementos de h\u00edpica, tambi\u00e9n Protecci\u00f3n Civil mostrar\u00e1 y expondr\u00e1 material de su asociaci\u00f3n y la asociaci\u00f3n de Amigos Pintores har\u00e1 una demostraci\u00f3n de c\u00f3mo se hacen las pinturas. <\/span><\/p>\n<p class=\"MsoNormal\" style=\"text-align: justify;\"><span style=\"font-size: 12.0pt; line-height: 115%;\" lang=\"ES-TRAD\">C\u00e1ritas, la asociaci\u00f3n Espa\u00f1ola contra el C\u00e1ncer y la asociaci\u00f3n Llum tambi\u00e9n tendr\u00e1n presencia en esta feria as\u00ed como la asociaci\u00f3n de Taekwondo, el club de triatl\u00f3 3 Reptes,<span style=\"mso-spacerun: yes;\">\u00a0 <\/span>la asociaci\u00f3n de Comerciantes, el grup de dances el Revol, las dos filaes que tienen cargo en las fiestas de Moros y Cristianos del a\u00f1o que viene, fil\u00e0 Mariners y fil\u00e0 Llevantins y Participaci\u00f3n Ciudadana. <\/span><\/p>\n<p class=\"MsoNormal\" style=\"text-align: justify;\"><span style=\"font-size: 12.0pt; line-height: 115%;\" lang=\"ES-TRAD\">Por \u00faltimo, Jos\u00e9 Vidal ha querido invitar a \u201ctodos los ollerienses y al resto de vecinos de la Comarca a participar en esta Feria llena de actividades para todos los gustos\u201d.<\/span><\/p>\n<p class=\"MsoNormal\" style=\"text-align: justify;\"><a href=\"http:\/\/www.portaldelolleria.es\/pdfs\/fira2013.pdf\">VER PROGRAMA EN PDF<\/a><\/p>\n<p class=\"MsoNormal\" style=\"text-align: justify;\"><a href=\"http:\/\/www.portaldelolleria.es\/wp-content\/uploads\/2013\/09\/fira3.jpg\"><img loading=\"lazy\" class=\"aligncenter size-full wp-image-4075\" title=\"fira3\" src=\"http:\/\/www.portaldelolleria.es\/wp-content\/uploads\/2013\/09\/fira3.jpg\" alt=\"\" width=\"598\" height=\"398\" srcset=\"http:\/\/www.portaldelolleria.es\/wp-content\/uploads\/2013\/09\/fira3.jpg 598w, http:\/\/www.portaldelolleria.es\/wp-content\/uploads\/2013\/09\/fira3-300x199.jpg 300w\" sizes=\"(max-width: 598px) 100vw, 598px\" \/><\/a><\/p>\n","protected":false},"excerpt":{"rendered":"<p>&nbsp; &nbsp; L\u2019Olleria acoge este s\u00e1bado 21 de septiembre la V Feria de Asociaciones, una edici\u00f3n en la que tal y como ha explicado el alcalde y concejal de Participaci\u00f3n Ciudadana, Jos\u00e9 Vidal \u201cvan a participar 27 entidades locales, 4 m\u00e1s que en la edici\u00f3n anterior,\u00a0 por lo que estamos muy contentos y agradecemos a [&hellip;]<\/p>\n","protected":false},"author":1,"featured_media":0,"comment_status":"closed","ping_status":"open","sticky":false,"template":"","format":"standard","meta":{"_monsterinsights_skip_tracking":false,"_monsterinsights_sitenote_active":false,"_monsterinsights_sitenote_note":"","_monsterinsights_sitenote_category":0},"categories":[3,12],"tags":[495,345,344,20],"_links":{"self":[{"href":"http:\/\/www.portaldelolleria.es\/index.php?rest_route=\/wp\/v2\/posts\/4073"}],"collection":[{"href":"http:\/\/www.portaldelolleria.es\/index.php?rest_route=\/wp\/v2\/posts"}],"about":[{"href":"http:\/\/www.portaldelolleria.es\/index.php?rest_route=\/wp\/v2\/types\/post"}],"author":[{"embeddable":true,"href":"http:\/\/www.portaldelolleria.es\/index.php?rest_route=\/wp\/v2\/users\/1"}],"replies":[{"embeddable":true,"href":"http:\/\/www.portaldelolleria.es\/index.php?rest_route=%2Fwp%2Fv2%2Fcomments&post=4073"}],"version-history":[{"count":3,"href":"http:\/\/www.portaldelolleria.es\/index.php?rest_route=\/wp\/v2\/posts\/4073\/revisions"}],"predecessor-version":[{"id":4077,"href":"http:\/\/www.portaldelolleria.es\/index.php?rest_route=\/wp\/v2\/posts\/4073\/revisions\/4077"}],"wp:attachment":[{"href":"http:\/\/www.portaldelolleria.es\/index.php?rest_route=%2Fwp%2Fv2%2Fmedia&parent=4073"}],"wp:term":[{"taxonomy":"category","embeddable":true,"href":"http:\/\/www.portaldelolleria.es\/index.php?rest_route=%2Fwp%2Fv2%2Fcategories&post=4073"},{"taxonomy":"post_tag","embeddable":true,"href":"http:\/\/www.portaldelolleria.es\/index.php?rest_route=%2Fwp%2Fv2%2Ftags&post=4073"}],"curies":[{"name":"wp","href":"https:\/\/api.w.org\/{rel}","templated":true}]}}