{"id":4118,"date":"2013-09-30T17:12:17","date_gmt":"2013-09-30T15:12:17","guid":{"rendered":"http:\/\/www.portaldelolleria.es\/?p=4118"},"modified":"2013-09-30T17:12:17","modified_gmt":"2013-09-30T15:12:17","slug":"presentacion-de-las-edm-de-futbol-y-la-plantilla-de-l%e2%80%99olleria-cf","status":"publish","type":"post","link":"http:\/\/www.portaldelolleria.es\/?p=4118","title":{"rendered":"Presentaci\u00f3n de las EDM de futbol y la plantilla de L\u2019Olleria CF"},"content":{"rendered":"<p>&nbsp;<\/p>\n<p style=\"text-align: center;\"><a href=\"http:\/\/www.portaldelolleria.es\/wp-content\/uploads\/2013\/09\/lolleriacf.jpg\"><img loading=\"lazy\" class=\"size-full wp-image-4119 aligncenter\" title=\"l'olleriacf\" src=\"http:\/\/www.portaldelolleria.es\/wp-content\/uploads\/2013\/09\/lolleriacf.jpg\" alt=\"\" width=\"598\" height=\"318\" srcset=\"http:\/\/www.portaldelolleria.es\/wp-content\/uploads\/2013\/09\/lolleriacf.jpg 1200w, http:\/\/www.portaldelolleria.es\/wp-content\/uploads\/2013\/09\/lolleriacf-300x159.jpg 300w, http:\/\/www.portaldelolleria.es\/wp-content\/uploads\/2013\/09\/lolleriacf-1024x544.jpg 1024w\" sizes=\"(max-width: 598px) 100vw, 598px\" \/><\/a><\/p>\n<p>&nbsp;<\/p>\n<p class=\"MsoNormal\" style=\"text-align: justify;\"><span style=\"font-size: 12.0pt; line-height: 115%;\" lang=\"ES-TRAD\">Las Escuelas Deportivas Municipales de futbol y la nueva plantilla de L\u2019Olleria CF se presentaban este pasado viernes en L\u2019Olleria con la presencia del alcalde, Jos\u00e9 Vidal, el concejal de Deportes, Vicente Oviedo, las Reinas de 2013, Maria Momp\u00f3 y Aitana Terol, sus cortes de honor, el presidente de L\u2019Olleria C.F Joaqu\u00edn \u00dabeda, el Entrenador de L\u2019Olleria CF, Antonio S\u00e1nchez y el Coordinador de las Escuelas, Paco Mic\u00f3 y un numeroso p\u00fablico que llen\u00f3 el nuevo campo de futbol, lugar en el que se realiz\u00f3 la presentaci\u00f3n. <\/span><\/p>\n<p class=\"MsoNormal\" style=\"text-align: justify;\"><span style=\"font-size: 12.0pt; line-height: 115%;\" lang=\"ES-TRAD\">Durante \u00e9sta, el presidente de L\u2019Olleria CF destac\u00f3 que \u201cel 90% de jugadores de la plantilla es de L\u2019Olleria\u201d y aprovech\u00f3 para presentar \u201cla nueva bufanda del club, que lleva los colores fundadores del equipo, colores del Atl\u00e9tico de Bilbao, rojo, negro y blanco\u201d y anim\u00f3 \u201ca todos los ollerienses a hacerse el carnet de socio para dar apoyo a nuestro equipo que estoy seguro lo dar\u00e1 todo por ofrecer una temporada emocionante\u201d.<\/span><\/p>\n<p class=\"MsoNormal\" style=\"text-align: justify;\"><span style=\"font-size: 12.0pt; line-height: 115%;\" lang=\"ES-TRAD\">Por su parte el alcalde, felicit\u00f3 a monitores y entrenadores de las Escuelas Deportivas Municipales por su excelente trabajo a lo largo de todo el a\u00f1o y destac\u00f3 los importantes valores que se transmiten a trav\u00e9s del deporte como el compa\u00f1erismo y el esfuerzo y reiter\u00f3 el apoyo del consistorio al Deporte. Este a\u00f1o son, 150 ni\u00f1os los integrantes de las EDM de futbol en sus diferentes categor\u00edas. <\/span><\/p>\n<p class=\"MsoNormal\" style=\"text-align: justify;\"><span style=\"font-size: 12.0pt; line-height: 115%;\" lang=\"ES-TRAD\">En la presentaci\u00f3n, L\u2019Olleria CF, jugadores y presidente as\u00ed como el alcalde y el concejal de Deportes felicitaron al entrenador de L\u2019Olleria CF, Toni S\u00e1nchez por su reciente paternidad, adem\u00e1s, el Club le hizo entrega de unos regalos para el nuevo miembro de la familia.<\/span><\/p>\n<p class=\"MsoNormal\" style=\"text-align: justify;\"><span style=\"font-size: 12.0pt; line-height: 115%;\" lang=\"ES-TRAD\">Por \u00faltimo, recordamos que el pasado a\u00f1o, el equipo subi\u00f3 de categor\u00eda y este a\u00f1o forma parte de primera regional. A la presentaci\u00f3n le sigui\u00f3 el tercer encuentro de la temporada, contra L\u2019Alc\u00fadia de Crespins CF, partido que ganaron los locales por uno a cero, resultado que le sit\u00faa en el quinto de la clasificaci\u00f3n. <\/span><\/p>\n","protected":false},"excerpt":{"rendered":"<p>&nbsp; &nbsp; Las Escuelas Deportivas Municipales de futbol y la nueva plantilla de L\u2019Olleria CF se presentaban este pasado viernes en L\u2019Olleria con la presencia del alcalde, Jos\u00e9 Vidal, el concejal de Deportes, Vicente Oviedo, las Reinas de 2013, Maria Momp\u00f3 y Aitana Terol, sus cortes de honor, el presidente de L\u2019Olleria C.F Joaqu\u00edn \u00dabeda, [&hellip;]<\/p>\n","protected":false},"author":1,"featured_media":0,"comment_status":"closed","ping_status":"open","sticky":false,"template":"","format":"standard","meta":{"_monsterinsights_skip_tracking":false,"_monsterinsights_sitenote_active":false,"_monsterinsights_sitenote_note":"","_monsterinsights_sitenote_category":0},"categories":[9,12],"tags":[804,583,31,315,42],"_links":{"self":[{"href":"http:\/\/www.portaldelolleria.es\/index.php?rest_route=\/wp\/v2\/posts\/4118"}],"collection":[{"href":"http:\/\/www.portaldelolleria.es\/index.php?rest_route=\/wp\/v2\/posts"}],"about":[{"href":"http:\/\/www.portaldelolleria.es\/index.php?rest_route=\/wp\/v2\/types\/post"}],"author":[{"embeddable":true,"href":"http:\/\/www.portaldelolleria.es\/index.php?rest_route=\/wp\/v2\/users\/1"}],"replies":[{"embeddable":true,"href":"http:\/\/www.portaldelolleria.es\/index.php?rest_route=%2Fwp%2Fv2%2Fcomments&post=4118"}],"version-history":[{"count":1,"href":"http:\/\/www.portaldelolleria.es\/index.php?rest_route=\/wp\/v2\/posts\/4118\/revisions"}],"predecessor-version":[{"id":4120,"href":"http:\/\/www.portaldelolleria.es\/index.php?rest_route=\/wp\/v2\/posts\/4118\/revisions\/4120"}],"wp:attachment":[{"href":"http:\/\/www.portaldelolleria.es\/index.php?rest_route=%2Fwp%2Fv2%2Fmedia&parent=4118"}],"wp:term":[{"taxonomy":"category","embeddable":true,"href":"http:\/\/www.portaldelolleria.es\/index.php?rest_route=%2Fwp%2Fv2%2Fcategories&post=4118"},{"taxonomy":"post_tag","embeddable":true,"href":"http:\/\/www.portaldelolleria.es\/index.php?rest_route=%2Fwp%2Fv2%2Ftags&post=4118"}],"curies":[{"name":"wp","href":"https:\/\/api.w.org\/{rel}","templated":true}]}}