{"id":4130,"date":"2013-10-04T17:06:39","date_gmt":"2013-10-04T15:06:39","guid":{"rendered":"http:\/\/www.portaldelolleria.es\/?p=4130"},"modified":"2013-10-04T17:06:39","modified_gmt":"2013-10-04T15:06:39","slug":"una-semana-llena-de-actividades-para-los-mayores-de-l%e2%80%99olleria","status":"publish","type":"post","link":"http:\/\/www.portaldelolleria.es\/?p=4130","title":{"rendered":"Una semana llena de actividades para los Mayores de L\u2019Olleria"},"content":{"rendered":"<p>&nbsp;<\/p>\n<p style=\"text-align: center;\"><a href=\"http:\/\/www.portaldelolleria.es\/wp-content\/uploads\/2013\/10\/pensionistas.jpg\"><img loading=\"lazy\" class=\"size-full wp-image-4133 aligncenter\" title=\"pensionistas\" src=\"http:\/\/www.portaldelolleria.es\/wp-content\/uploads\/2013\/10\/pensionistas.jpg\" alt=\"\" width=\"598\" height=\"397\" srcset=\"http:\/\/www.portaldelolleria.es\/wp-content\/uploads\/2013\/10\/pensionistas.jpg 598w, http:\/\/www.portaldelolleria.es\/wp-content\/uploads\/2013\/10\/pensionistas-300x199.jpg 300w\" sizes=\"(max-width: 598px) 100vw, 598px\" \/><\/a><\/p>\n<p>&nbsp;<\/p>\n<p class=\"MsoNormal\" style=\"text-align: justify;\"><span style=\"font-size: 12.0pt; line-height: 115%;\" lang=\"ES-TRAD\">Del 7 al 13 de octubre L\u2019Olleria celebra la Semana del Mayor organizada por el Club de Convivencia del Centre Social Municipal de L\u2019Olleria con el patrocinio del Ayuntamiento de L\u2019Olleria. <\/span><\/p>\n<p class=\"MsoNormal\" style=\"text-align: justify;\"><span style=\"font-size: 12.0pt; line-height: 115%;\" lang=\"ES-TRAD\">Las actividades se iniciaran con la inauguraci\u00f3n de la exposici\u00f3n de pintura de los miembros de la Asociaci\u00f3n \u201cAmigos Pintores de L\u2019Olleria\u201d, ser\u00e1 el lunes a las diez menos cuarto de la ma\u00f1ana en el centro Social, la inauguraci\u00f3n y posterior almuerzo contar\u00e1 con la presencia de la concejala de Bienestar Social, Gema Borr\u00e1s.<\/span><\/p>\n<p class=\"MsoNormal\" style=\"text-align: justify;\"><span style=\"font-size: 12.0pt; line-height: 115%;\" lang=\"ES-TRAD\">Ya el martes habr\u00e1 de nuevo almuerzo en el Centro Social a partir de las diez de la ma\u00f1ana y el mi\u00e9rcoles adem\u00e1s del almuerzo habr\u00e1 chocolatada con mona y baile a las 7 de la tarde en el Centro Social. <\/span><\/p>\n<p class=\"MsoNormal\" style=\"text-align: justify;\"><span style=\"font-size: 12.0pt; line-height: 115%;\" lang=\"ES-TRAD\">Para el jueves por la tarde se ha organizado una conferencia a cargo de Javier Esc\u00e1nez Loro, fisioterapeuta con el t\u00edtulo \u201cEducaci\u00f3n de los Sentidos para las Personas Mayores\u201d en el aula taller del Centro Social. Ya el viernes por la tarde, a las siete, habr\u00e1 de nuevo baile y el s\u00e1bado a las ocho y media concierto de la Rondalla \u201cLoreto Honoratina\u201d en el Centro Social. Seguidamente habr\u00e1 cena y baile.<\/span><\/p>\n<p class=\"MsoNormal\" style=\"text-align: justify;\"><span style=\"font-size: 12.0pt; line-height: 115%;\" lang=\"ES-TRAD\">El \u00faltimo d\u00eda, el domingo 13, a las 12 se celebrar\u00e1 la Misa cantada en memoria de los jubilados difuntos con la participaci\u00f3n del coro de la Agrupaci\u00f3 Escola Musical La Nova de L\u2019Olleria y a las dos de la tarde tendr\u00e1 lugar la comida clausura de la Semana del Mayor que contar\u00e1 la presencia del alcalde, Jos\u00e9 Vidal, la concejala de Bienestar Social, Gema Borr\u00e1s y resto de miembros de la Corporaci\u00f3n Municipal. En esta comida, como es tradici\u00f3n se entregaran por parte del Ayuntamiento las placas homenaje a los mayores de 85 a\u00f1os del municipio. <\/span><\/p>\n<p class=\"MsoNormal\" style=\"text-align: center;\"><a href=\"http:\/\/www.portaldelolleria.es\/wp-content\/uploads\/2013\/10\/pensionistas2.jpg\"><img loading=\"lazy\" class=\"size-full wp-image-4131 aligncenter\" title=\"SETMANA JUBILATS 2013\" src=\"http:\/\/www.portaldelolleria.es\/wp-content\/uploads\/2013\/10\/pensionistas2.jpg\" alt=\"\" width=\"598\" height=\"838\" srcset=\"http:\/\/www.portaldelolleria.es\/wp-content\/uploads\/2013\/10\/pensionistas2.jpg 598w, http:\/\/www.portaldelolleria.es\/wp-content\/uploads\/2013\/10\/pensionistas2-214x300.jpg 214w\" sizes=\"(max-width: 598px) 100vw, 598px\" \/><\/a><\/p>\n<div id=\"attachment_4132\" style=\"width: 608px\" class=\"wp-caption aligncenter\"><a href=\"http:\/\/www.portaldelolleria.es\/wp-content\/uploads\/2013\/10\/pensionistas3.jpg\"><img aria-describedby=\"caption-attachment-4132\" loading=\"lazy\" class=\"size-full wp-image-4132 \" title=\"SETMANA JUBILATS 2013\" src=\"http:\/\/www.portaldelolleria.es\/wp-content\/uploads\/2013\/10\/pensionistas3.jpg\" alt=\"\" width=\"598\" height=\"425\" srcset=\"http:\/\/www.portaldelolleria.es\/wp-content\/uploads\/2013\/10\/pensionistas3.jpg 1200w, http:\/\/www.portaldelolleria.es\/wp-content\/uploads\/2013\/10\/pensionistas3-300x213.jpg 300w, http:\/\/www.portaldelolleria.es\/wp-content\/uploads\/2013\/10\/pensionistas3-1024x727.jpg 1024w\" sizes=\"(max-width: 598px) 100vw, 598px\" \/><\/a><p id=\"caption-attachment-4132\" class=\"wp-caption-text\">Pulse sobre la imagen para ampliar<\/p><\/div>\n<p class=\"MsoNormal\" style=\"text-align: justify;\">\n","protected":false},"excerpt":{"rendered":"<p>&nbsp; &nbsp; Del 7 al 13 de octubre L\u2019Olleria celebra la Semana del Mayor organizada por el Club de Convivencia del Centre Social Municipal de L\u2019Olleria con el patrocinio del Ayuntamiento de L\u2019Olleria. Las actividades se iniciaran con la inauguraci\u00f3n de la exposici\u00f3n de pintura de los miembros de la Asociaci\u00f3n \u201cAmigos Pintores de L\u2019Olleria\u201d, [&hellip;]<\/p>\n","protected":false},"author":1,"featured_media":0,"comment_status":"closed","ping_status":"open","sticky":false,"template":"","format":"standard","meta":{"_monsterinsights_skip_tracking":false,"_monsterinsights_sitenote_active":false,"_monsterinsights_sitenote_note":"","_monsterinsights_sitenote_category":0},"categories":[3,12],"tags":[495,806,20,373],"_links":{"self":[{"href":"http:\/\/www.portaldelolleria.es\/index.php?rest_route=\/wp\/v2\/posts\/4130"}],"collection":[{"href":"http:\/\/www.portaldelolleria.es\/index.php?rest_route=\/wp\/v2\/posts"}],"about":[{"href":"http:\/\/www.portaldelolleria.es\/index.php?rest_route=\/wp\/v2\/types\/post"}],"author":[{"embeddable":true,"href":"http:\/\/www.portaldelolleria.es\/index.php?rest_route=\/wp\/v2\/users\/1"}],"replies":[{"embeddable":true,"href":"http:\/\/www.portaldelolleria.es\/index.php?rest_route=%2Fwp%2Fv2%2Fcomments&post=4130"}],"version-history":[{"count":1,"href":"http:\/\/www.portaldelolleria.es\/index.php?rest_route=\/wp\/v2\/posts\/4130\/revisions"}],"predecessor-version":[{"id":4134,"href":"http:\/\/www.portaldelolleria.es\/index.php?rest_route=\/wp\/v2\/posts\/4130\/revisions\/4134"}],"wp:attachment":[{"href":"http:\/\/www.portaldelolleria.es\/index.php?rest_route=%2Fwp%2Fv2%2Fmedia&parent=4130"}],"wp:term":[{"taxonomy":"category","embeddable":true,"href":"http:\/\/www.portaldelolleria.es\/index.php?rest_route=%2Fwp%2Fv2%2Fcategories&post=4130"},{"taxonomy":"post_tag","embeddable":true,"href":"http:\/\/www.portaldelolleria.es\/index.php?rest_route=%2Fwp%2Fv2%2Ftags&post=4130"}],"curies":[{"name":"wp","href":"https:\/\/api.w.org\/{rel}","templated":true}]}}