{"id":4151,"date":"2013-10-12T12:37:18","date_gmt":"2013-10-12T10:37:18","guid":{"rendered":"http:\/\/www.portaldelolleria.es\/?p=4151"},"modified":"2013-10-12T13:42:13","modified_gmt":"2013-10-12T11:42:13","slug":"convocado-el-10%c2%ba-concurso-francecs-cerda","status":"publish","type":"post","link":"http:\/\/www.portaldelolleria.es\/?p=4151","title":{"rendered":"Convocado el 10\u00ba Concurso \u00abFrancecs Cerd\u00e0\u00bb"},"content":{"rendered":"<p><a href=\"http:\/\/www.portaldelolleria.es\/wp-content\/uploads\/2013\/10\/cerda0.jpg\"><img loading=\"lazy\" class=\"aligncenter size-full wp-image-4154\" title=\"cerda0\" src=\"http:\/\/www.portaldelolleria.es\/wp-content\/uploads\/2013\/10\/cerda0.jpg\" alt=\"\" width=\"598\" height=\"397\" srcset=\"http:\/\/www.portaldelolleria.es\/wp-content\/uploads\/2013\/10\/cerda0.jpg 598w, http:\/\/www.portaldelolleria.es\/wp-content\/uploads\/2013\/10\/cerda0-300x199.jpg 300w\" sizes=\"(max-width: 598px) 100vw, 598px\" \/><\/a><\/p>\n<p>El Ayuntamiento de L&#8217;Olleria, La Junta Central de Fiestas de Moros y Cristianos de L&#8217;Olleria y la Sociedad Escuela Musical \u00abSanta Cec\u00edlia de L&#8217;Olleria, convocan el 10\u00ba Concurso de M\u00fasica festera \u00abFrancesc Cerd\u00e0\u00bb\u00a0 Edici\u00f3n Especial X Aniversario\u00a0 \u00abPasodoble\u00bb.<\/p>\n<p>Al igual que a\u00f1os anteriores, se valorar\u00e1 especialmente la originalidad de las obras.\u00a0 El plazo de admisi\u00f3n de estas finalizar\u00e1 el 13 de Diciembre de 2013.\u00a0 Las principales novedades que se presentan en esta \u00abedici\u00f3n especial\u00bb,\u00a0 ser\u00e1n los miembros del jurado,\u00a0 en esta ocasi\u00f3n 9,\u00a0 tres por cada entidad convocante,\u00a0 siendo los del Ayuntamiento, miembros propuestos de solvencia t\u00e9cnica reconocida,\u00a0 los otros 6 ser\u00e1n miembros pertenecientes a sus respectivas agrupaciones.\u00a0\u00a0 Como norma excepcional para este concurso, la obra ganadora ser\u00e1 titulada \u00abFrancesc Cerd\u00e0\u00bb.<\/p>\n<p>Tambi\u00e9n para esta ocasi\u00f3n especial, se dotar\u00e1 un \u00fanico premio de 2.500 euros.\u00a0 (no habr\u00e1 premio del p\u00fablico).\u00a0\u00a0 Las obras finalistas ser\u00e1n interpretadas por la SEM Santa Cec\u00edlia el 22 de febrero en el Teatro Cine Goya.<\/p>\n<div id=\"attachment_4153\" style=\"width: 608px\" class=\"wp-caption aligncenter\"><a href=\"http:\/\/www.portaldelolleria.es\/wp-content\/uploads\/2013\/10\/cerdafrente.jpg\"><img aria-describedby=\"caption-attachment-4153\" loading=\"lazy\" class=\"size-full wp-image-4153 \" title=\"FRANCESC CERDA\u00cc\u0080 2011 BASES EXT\" src=\"http:\/\/www.portaldelolleria.es\/wp-content\/uploads\/2013\/10\/cerdafrente.jpg\" alt=\"\" width=\"598\" height=\"419\" srcset=\"http:\/\/www.portaldelolleria.es\/wp-content\/uploads\/2013\/10\/cerdafrente.jpg 1200w, http:\/\/www.portaldelolleria.es\/wp-content\/uploads\/2013\/10\/cerdafrente-300x210.jpg 300w, http:\/\/www.portaldelolleria.es\/wp-content\/uploads\/2013\/10\/cerdafrente-1024x716.jpg 1024w\" sizes=\"(max-width: 598px) 100vw, 598px\" \/><\/a><p id=\"caption-attachment-4153\" class=\"wp-caption-text\">Pulse sobre la imagen para ampliar<\/p><\/div>\n<div id=\"attachment_4152\" style=\"width: 608px\" class=\"wp-caption aligncenter\"><a href=\"http:\/\/www.portaldelolleria.es\/wp-content\/uploads\/2013\/10\/cerdatrasera.jpg\"><img aria-describedby=\"caption-attachment-4152\" loading=\"lazy\" class=\"size-full wp-image-4152\" title=\"FRANCESC CERDA\u00cc\u0080 2011 BASES INT\" src=\"http:\/\/www.portaldelolleria.es\/wp-content\/uploads\/2013\/10\/cerdatrasera.jpg\" alt=\"\" width=\"598\" height=\"419\" srcset=\"http:\/\/www.portaldelolleria.es\/wp-content\/uploads\/2013\/10\/cerdatrasera.jpg 1500w, http:\/\/www.portaldelolleria.es\/wp-content\/uploads\/2013\/10\/cerdatrasera-300x210.jpg 300w, http:\/\/www.portaldelolleria.es\/wp-content\/uploads\/2013\/10\/cerdatrasera-1024x716.jpg 1024w\" sizes=\"(max-width: 598px) 100vw, 598px\" \/><\/a><p id=\"caption-attachment-4152\" class=\"wp-caption-text\">Pulse sobre la imagen para ampliar<\/p><\/div>\n<p style=\"text-align: center;\">\n","protected":false},"excerpt":{"rendered":"<p>El Ayuntamiento de L&#8217;Olleria, La Junta Central de Fiestas de Moros y Cristianos de L&#8217;Olleria y la Sociedad Escuela Musical \u00abSanta Cec\u00edlia de L&#8217;Olleria, convocan el 10\u00ba Concurso de M\u00fasica festera \u00abFrancesc Cerd\u00e0\u00bb\u00a0 Edici\u00f3n Especial X Aniversario\u00a0 \u00abPasodoble\u00bb. Al igual que a\u00f1os anteriores, se valorar\u00e1 especialmente la originalidad de las obras.\u00a0 El plazo de admisi\u00f3n [&hellip;]<\/p>\n","protected":false},"author":1,"featured_media":0,"comment_status":"closed","ping_status":"open","sticky":false,"template":"","format":"standard","meta":{"_monsterinsights_skip_tracking":false,"_monsterinsights_sitenote_active":false,"_monsterinsights_sitenote_note":"","_monsterinsights_sitenote_category":0},"categories":[3,12],"tags":[810,298,358,20],"_links":{"self":[{"href":"http:\/\/www.portaldelolleria.es\/index.php?rest_route=\/wp\/v2\/posts\/4151"}],"collection":[{"href":"http:\/\/www.portaldelolleria.es\/index.php?rest_route=\/wp\/v2\/posts"}],"about":[{"href":"http:\/\/www.portaldelolleria.es\/index.php?rest_route=\/wp\/v2\/types\/post"}],"author":[{"embeddable":true,"href":"http:\/\/www.portaldelolleria.es\/index.php?rest_route=\/wp\/v2\/users\/1"}],"replies":[{"embeddable":true,"href":"http:\/\/www.portaldelolleria.es\/index.php?rest_route=%2Fwp%2Fv2%2Fcomments&post=4151"}],"version-history":[{"count":2,"href":"http:\/\/www.portaldelolleria.es\/index.php?rest_route=\/wp\/v2\/posts\/4151\/revisions"}],"predecessor-version":[{"id":4160,"href":"http:\/\/www.portaldelolleria.es\/index.php?rest_route=\/wp\/v2\/posts\/4151\/revisions\/4160"}],"wp:attachment":[{"href":"http:\/\/www.portaldelolleria.es\/index.php?rest_route=%2Fwp%2Fv2%2Fmedia&parent=4151"}],"wp:term":[{"taxonomy":"category","embeddable":true,"href":"http:\/\/www.portaldelolleria.es\/index.php?rest_route=%2Fwp%2Fv2%2Fcategories&post=4151"},{"taxonomy":"post_tag","embeddable":true,"href":"http:\/\/www.portaldelolleria.es\/index.php?rest_route=%2Fwp%2Fv2%2Ftags&post=4151"}],"curies":[{"name":"wp","href":"https:\/\/api.w.org\/{rel}","templated":true}]}}