{"id":416,"date":"2012-05-05T21:12:20","date_gmt":"2012-05-05T20:12:20","guid":{"rendered":"http:\/\/www.portaldelolleria.es\/?p=416"},"modified":"2012-05-08T21:16:37","modified_gmt":"2012-05-08T20:16:37","slug":"david-tolsa-de-la-em-de-taekwondo-de-l%e2%80%99olleria-bronce-en-el-open-internacional-de-benicassim","status":"publish","type":"post","link":"http:\/\/www.portaldelolleria.es\/?p=416","title":{"rendered":"David Tols\u00e0 de la EM de Taekwondo de L\u2019Olleria bronce en el Open Internacional de Benic\u00e0ssim"},"content":{"rendered":"<p><a href=\"http:\/\/www.portaldelolleria.es\/wp-content\/uploads\/2012\/05\/taekwondo3.jpg\"><img loading=\"lazy\" class=\"aligncenter size-full wp-image-417\" title=\"taekwondo3\" src=\"http:\/\/www.portaldelolleria.es\/wp-content\/uploads\/2012\/05\/taekwondo3.jpg\" alt=\"\" width=\"598\" height=\"398\" srcset=\"http:\/\/www.portaldelolleria.es\/wp-content\/uploads\/2012\/05\/taekwondo3.jpg 598w, http:\/\/www.portaldelolleria.es\/wp-content\/uploads\/2012\/05\/taekwondo3-300x199.jpg 300w\" sizes=\"(max-width: 598px) 100vw, 598px\" \/><\/a><\/p>\n<p>Este s\u00e1bado, la Selecci\u00f3n de Taekwondo de la CV participaba en el XII Open Internacional Ciudad de Benic\u00e0ssim y dos de sus miembros son alumnos de la Escuela Municipal de Taekwondo de L\u2019Olleria. En esta competici\u00f3n, que se celebr\u00f3 en el Pabell\u00f3n Municipal de Benic\u00e0ssim el olleriense, David Tols\u00e0 consigui\u00f3 la medalla de bronce, el otro alumnos fue,\u00a0 Iris Armero que a pesar de hacer una muy buena actuaci\u00f3n cay\u00f3 en cuartos de final.<\/p>\n<p><a href=\"http:\/\/www.portaldelolleria.es\/wp-content\/uploads\/2012\/05\/taekwondo2.jpg\"><img loading=\"lazy\" class=\"aligncenter size-full wp-image-418\" title=\"taekwondo2\" src=\"http:\/\/www.portaldelolleria.es\/wp-content\/uploads\/2012\/05\/taekwondo2.jpg\" alt=\"\" width=\"598\" height=\"398\" srcset=\"http:\/\/www.portaldelolleria.es\/wp-content\/uploads\/2012\/05\/taekwondo2.jpg 598w, http:\/\/www.portaldelolleria.es\/wp-content\/uploads\/2012\/05\/taekwondo2-300x199.jpg 300w\" sizes=\"(max-width: 598px) 100vw, 598px\" \/><\/a><\/p>\n<p>En la foto los ollerienses David Tols\u00e0 con la medalla de bronce e Iris Armero que cay\u00f3 en cuartos de final ambos miembros de la Selecci\u00f3n de Taekwondo de la CV.<\/p>\n","protected":false},"excerpt":{"rendered":"<p>Este s\u00e1bado, la Selecci\u00f3n de Taekwondo de la CV participaba en el XII Open Internacional Ciudad de Benic\u00e0ssim y dos de sus miembros son alumnos de la Escuela Municipal de Taekwondo de L\u2019Olleria. En esta competici\u00f3n, que se celebr\u00f3 en el Pabell\u00f3n Municipal de Benic\u00e0ssim el olleriense, David Tols\u00e0 consigui\u00f3 la medalla de bronce, el [&hellip;]<\/p>\n","protected":false},"author":1,"featured_media":0,"comment_status":"closed","ping_status":"open","sticky":false,"template":"","format":"standard","meta":{"_monsterinsights_skip_tracking":false,"_monsterinsights_sitenote_active":false,"_monsterinsights_sitenote_note":"","_monsterinsights_sitenote_category":0},"categories":[9,12],"tags":[49,20,48,19,47],"_links":{"self":[{"href":"http:\/\/www.portaldelolleria.es\/index.php?rest_route=\/wp\/v2\/posts\/416"}],"collection":[{"href":"http:\/\/www.portaldelolleria.es\/index.php?rest_route=\/wp\/v2\/posts"}],"about":[{"href":"http:\/\/www.portaldelolleria.es\/index.php?rest_route=\/wp\/v2\/types\/post"}],"author":[{"embeddable":true,"href":"http:\/\/www.portaldelolleria.es\/index.php?rest_route=\/wp\/v2\/users\/1"}],"replies":[{"embeddable":true,"href":"http:\/\/www.portaldelolleria.es\/index.php?rest_route=%2Fwp%2Fv2%2Fcomments&post=416"}],"version-history":[{"count":5,"href":"http:\/\/www.portaldelolleria.es\/index.php?rest_route=\/wp\/v2\/posts\/416\/revisions"}],"predecessor-version":[{"id":423,"href":"http:\/\/www.portaldelolleria.es\/index.php?rest_route=\/wp\/v2\/posts\/416\/revisions\/423"}],"wp:attachment":[{"href":"http:\/\/www.portaldelolleria.es\/index.php?rest_route=%2Fwp%2Fv2%2Fmedia&parent=416"}],"wp:term":[{"taxonomy":"category","embeddable":true,"href":"http:\/\/www.portaldelolleria.es\/index.php?rest_route=%2Fwp%2Fv2%2Fcategories&post=416"},{"taxonomy":"post_tag","embeddable":true,"href":"http:\/\/www.portaldelolleria.es\/index.php?rest_route=%2Fwp%2Fv2%2Ftags&post=416"}],"curies":[{"name":"wp","href":"https:\/\/api.w.org\/{rel}","templated":true}]}}