{"id":4218,"date":"2013-10-16T21:09:56","date_gmt":"2013-10-16T19:09:56","guid":{"rendered":"http:\/\/www.portaldelolleria.es\/?p=4218"},"modified":"2013-10-16T21:09:56","modified_gmt":"2013-10-16T19:09:56","slug":"el-x-concurso-de-musica-festera-francesc-cerda-sera-especial-al-cumplirse-su-decimo-aniversario","status":"publish","type":"post","link":"http:\/\/www.portaldelolleria.es\/?p=4218","title":{"rendered":"El X Concurso de M\u00fasica Festera Francesc Cerd\u00e0 ser\u00e1 especial al cumplirse su d\u00e9cimo aniversario"},"content":{"rendered":"<p>&nbsp;<\/p>\n<p><a href=\"http:\/\/www.portaldelolleria.es\/wp-content\/uploads\/2013\/10\/francescerda.jpg\"><img loading=\"lazy\" class=\"aligncenter size-full wp-image-4219\" title=\"francescerda\" src=\"http:\/\/www.portaldelolleria.es\/wp-content\/uploads\/2013\/10\/francescerda.jpg\" alt=\"\" width=\"598\" height=\"397\" srcset=\"http:\/\/www.portaldelolleria.es\/wp-content\/uploads\/2013\/10\/francescerda.jpg 598w, http:\/\/www.portaldelolleria.es\/wp-content\/uploads\/2013\/10\/francescerda-300x199.jpg 300w\" sizes=\"(max-width: 598px) 100vw, 598px\" \/><\/a><\/p>\n<p>&nbsp;<\/p>\n<p class=\"MsoNormal\" style=\"text-align: justify;\"><span style=\"font-size: 12.0pt; line-height: 115%;\" lang=\"ES-TRAD\">La d\u00e9cima edici\u00f3n del Concurso de M\u00fasica Festera Francesc Cerd\u00e0 ser\u00e1 especial tal y como destacaban en su presentaci\u00f3n, el concejal de Cultura del Ayuntamiento de L\u2019Olleria, Jes\u00fas Engo, la Presidenta de la Junta Central de Moros y Cristianos, Maria Dolores Gil y el director de la SEM Sta. Cecilia, Enrique Alborch. <\/span><\/p>\n<p class=\"MsoNormal\" style=\"text-align: justify;\"><span style=\"font-size: 12.0pt; line-height: 115%;\" lang=\"ES-TRAD\">El concejal de Cultura, Jes\u00fas Engo aseguraba que \u201ceste a\u00f1o es especial y hemos querido que el concurso sea 100% Francesc Cerd\u00e0, por este motivo las obras que se presenten no llevar\u00e1n nombre porque gane la pieza que gane recibir\u00e1 el nombre del nuestro querido Francesc Cerd\u00e0\u201d. Engo explicaba igualmente que \u201cser\u00e1n 4 las obras finalistas que se podr\u00e1n escuchar en la gala del concurso el 22 de febrero de 2014, gala que acoger\u00e1 el Teatro Goya del municipio\u201d.<\/span><\/p>\n<p class=\"MsoNormal\" style=\"text-align: justify;\"><span style=\"font-size: 12.0pt; line-height: 115%;\" lang=\"ES-TRAD\">Tambi\u00e9n Enrique Alborch comentaba otro cambio para esta d\u00e9cima edici\u00f3n \u201ceste a\u00f1o hemos querido hacer algo especial con motivo del d\u00e9cimo aniversario del concurso y la modalidad del concurso volver\u00e1 a ser el pasodoble, esta alteraci\u00f3n se producir\u00e1 s\u00f3lo esta edici\u00f3n ya que deber\u00eda haber sido marcha mora pero desde la organizaci\u00f3n pensamos que en un a\u00f1o como este el pasodoble<span style=\"mso-spacerun: yes;\">\u00a0 <\/span>era mejor opci\u00f3n ya que las piezas en esta modalidad son m\u00e1s pr\u00e1cticas a la hora de tocarlas en la calle para los diferentes festejos con banda y por lo tanto una pieza que va a llevar el nombre del gran maestro Francesc Cerd\u00e0 nos gustar\u00eda que sonora lo m\u00e1s posible y en el mayor n\u00famero posible de actos\u201d.<\/span><\/p>\n<p class=\"MsoNormal\" style=\"text-align: justify;\"><span style=\"font-size: 12.0pt; line-height: 115%;\" lang=\"ES-TRAD\">Otra de las novedades las encontramos en el jurado que \u201cpor primera vez contar\u00e1 con tres miembros de la SEM Sta. Cecilia, 3 miembros de la Junta Central de Moros y Cristianos de L\u2019Olleria adem\u00e1s de las tres personas que conformaran el jurado t\u00e9cnico y que ser\u00e1n como todos los a\u00f1os, expertos del mundo de la m\u00fasica y la composici\u00f3n\u201d. <\/span><\/p>\n<p class=\"MsoNormal\" style=\"text-align: justify; tab-stops: 35.4pt 70.8pt 106.2pt 141.6pt 177.0pt 212.4pt 247.8pt 283.2pt 318.6pt 354.0pt 389.4pt 424.8pt 460.2pt 495.6pt; mso-layout-grid-align: none; text-autospace: none;\"><span style=\"font-size: 12.0pt; line-height: 115%;\" lang=\"ES-TRAD\">Maria Dolores Gil por su parte subrayaba la importancia que \u201cpara el mundo festero tiene Francesc Cerd\u00e0, un gran maestro que compuso piezas para pr\u00e1cticamente todas las filaes de L\u2019Olleria por lo que este concurso tiene un gran valor no s\u00f3lo compositivo y cultural sino sentimental para todos nosotros\u201d.<\/span><\/p>\n<p class=\"MsoNormal\" style=\"text-align: justify;\"><span style=\"font-size: 12.0pt; line-height: 115%;\" lang=\"ES-TRAD\">El concejal de Cultura apuntaba que \u201cel premio est\u00e1 valorado en 2.500 euros pudi\u00e9ndose presentar las obras hasta el pr\u00f3ximo 20 de diciembre, por otro lado, adem\u00e1s del concurso se ha preparado para esa semana una exposici\u00f3n fotogr\u00e1fica sobre Francesc Cerd\u00e0\u201d.<\/span><\/p>\n<p class=\"MsoNormal\" style=\"text-align: justify;\"><span style=\"font-size: 12.0pt; line-height: 115%;\" lang=\"ES-TRAD\">Por \u00faltimo, Engo comentaba que \u201cen la p\u00e1gina web del Ayuntamiento habr\u00e1 una biograf\u00eda de Francesc Cerd\u00e0 para que la gente pueda conocer mejor a nuestro gran maestro e incluso poder servir de inspiraci\u00f3n a<span style=\"mso-spacerun: yes;\">\u00a0 <\/span>los participantes en el concurso a la hora de componer sus piezas\u201d.<\/span><\/p>\n","protected":false},"excerpt":{"rendered":"<p>&nbsp; &nbsp; La d\u00e9cima edici\u00f3n del Concurso de M\u00fasica Festera Francesc Cerd\u00e0 ser\u00e1 especial tal y como destacaban en su presentaci\u00f3n, el concejal de Cultura del Ayuntamiento de L\u2019Olleria, Jes\u00fas Engo, la Presidenta de la Junta Central de Moros y Cristianos, Maria Dolores Gil y el director de la SEM Sta. Cecilia, Enrique Alborch. El [&hellip;]<\/p>\n","protected":false},"author":1,"featured_media":0,"comment_status":"closed","ping_status":"open","sticky":false,"template":"","format":"standard","meta":{"_monsterinsights_skip_tracking":false,"_monsterinsights_sitenote_active":false,"_monsterinsights_sitenote_note":"","_monsterinsights_sitenote_category":0},"categories":[16,12],"tags":[810,358,20,818],"_links":{"self":[{"href":"http:\/\/www.portaldelolleria.es\/index.php?rest_route=\/wp\/v2\/posts\/4218"}],"collection":[{"href":"http:\/\/www.portaldelolleria.es\/index.php?rest_route=\/wp\/v2\/posts"}],"about":[{"href":"http:\/\/www.portaldelolleria.es\/index.php?rest_route=\/wp\/v2\/types\/post"}],"author":[{"embeddable":true,"href":"http:\/\/www.portaldelolleria.es\/index.php?rest_route=\/wp\/v2\/users\/1"}],"replies":[{"embeddable":true,"href":"http:\/\/www.portaldelolleria.es\/index.php?rest_route=%2Fwp%2Fv2%2Fcomments&post=4218"}],"version-history":[{"count":1,"href":"http:\/\/www.portaldelolleria.es\/index.php?rest_route=\/wp\/v2\/posts\/4218\/revisions"}],"predecessor-version":[{"id":4220,"href":"http:\/\/www.portaldelolleria.es\/index.php?rest_route=\/wp\/v2\/posts\/4218\/revisions\/4220"}],"wp:attachment":[{"href":"http:\/\/www.portaldelolleria.es\/index.php?rest_route=%2Fwp%2Fv2%2Fmedia&parent=4218"}],"wp:term":[{"taxonomy":"category","embeddable":true,"href":"http:\/\/www.portaldelolleria.es\/index.php?rest_route=%2Fwp%2Fv2%2Fcategories&post=4218"},{"taxonomy":"post_tag","embeddable":true,"href":"http:\/\/www.portaldelolleria.es\/index.php?rest_route=%2Fwp%2Fv2%2Ftags&post=4218"}],"curies":[{"name":"wp","href":"https:\/\/api.w.org\/{rel}","templated":true}]}}