{"id":4224,"date":"2013-10-20T01:19:11","date_gmt":"2013-10-19T23:19:11","guid":{"rendered":"http:\/\/www.portaldelolleria.es\/?p=4224"},"modified":"2013-10-22T10:44:49","modified_gmt":"2013-10-22T08:44:49","slug":"mon-doc-programacion-para-el-domingo-y-el-lunes","status":"publish","type":"post","link":"http:\/\/www.portaldelolleria.es\/?p=4224","title":{"rendered":"MON-DOC, Programaci\u00f3n para domingo, lunes y martes"},"content":{"rendered":"<p><a href=\"http:\/\/www.portaldelolleria.es\/wp-content\/uploads\/2013\/10\/mondoc20131.jpg\"><img loading=\"lazy\" class=\"aligncenter size-full wp-image-4225\" title=\"mondoc2013\" src=\"http:\/\/www.portaldelolleria.es\/wp-content\/uploads\/2013\/10\/mondoc20131.jpg\" alt=\"\" width=\"598\" height=\"397\" srcset=\"http:\/\/www.portaldelolleria.es\/wp-content\/uploads\/2013\/10\/mondoc20131.jpg 598w, http:\/\/www.portaldelolleria.es\/wp-content\/uploads\/2013\/10\/mondoc20131-300x199.jpg 300w\" sizes=\"(max-width: 598px) 100vw, 598px\" \/><\/a><\/p>\n<p>&nbsp;<\/p>\n<p class=\"MsoNormal\" style=\"text-align: center; mso-layout-grid-align: none; text-autospace: none;\" align=\"center\"><strong><span style=\"font-size: 14.0pt; font-family: 'Calibri','sans-serif'; mso-bidi-language: KS-IN;\" lang=\"CA\">MON\u00b7DOC presenta dues hist\u00f2ries de superaci\u00f3, esperan\u00e7a i vida.\u00a0 Diumenge 20 d&#8217;octubre<br \/>\n<\/span><\/strong><\/p>\n<p class=\"MsoNormal\" style=\"text-align: center; mso-layout-grid-align: none; text-autospace: none;\" align=\"center\"><strong><span style=\"font-size: 14.0pt; font-family: 'Calibri','sans-serif'; mso-bidi-language: KS-IN;\" lang=\"CA\">\u00a0<\/span><\/strong><\/p>\n<p class=\"MsoNormal\" style=\"mso-layout-grid-align: none; text-autospace: none;\"><em><span style=\"font-size: 12.0pt; font-family: 'Calibri','sans-serif'; mso-bidi-language: KS-IN;\" lang=\"CA\">\u2018Cromosoma Cinco\u2019<\/span><\/em><span style=\"font-size: 12.0pt; font-family: 'Calibri','sans-serif'; mso-bidi-language: KS-IN;\" lang=\"CA\"> i <em>\u2018Inocente\u2019<\/em>, projeccions de hui a la Mostra de Documentals de Montaverner<\/span><\/p>\n<p class=\"MsoNormal\" style=\"text-align: justify; text-indent: 35.4pt; mso-layout-grid-align: none; text-autospace: none;\"><span style=\"font-size: 12.0pt; font-family: 'Calibri','sans-serif'; mso-bidi-language: KS-IN;\" lang=\"CA\">\u00a0<\/span><span style=\"font-size: 12.0pt; font-family: 'Calibri','sans-serif'; mso-bidi-language: KS-IN;\" lang=\"CA\">\u00a0<\/span><\/p>\n<p class=\"MsoNormal\" style=\"text-align: justify; text-indent: 14.2pt; mso-layout-grid-align: none; text-autospace: none;\"><span style=\"font-size: 12.0pt; font-family: 'Calibri','sans-serif'; mso-bidi-language: KS-IN;\" lang=\"CA\">Esta vesprada a partir de les 18.30h es projecta a Montaverner, dins de la programaci\u00f3 de la 5a edici\u00f3 de MON\u00b7DOC, el documental <em>\u2018Cromosoma Cinco\u2019<\/em>. El documental est\u00e0 basat en el <em>Little Black Book<\/em>, un diari que Lisa Pram, codirectora de la pel\u00b7l\u00edcula, escriu per a la seua filla Andrea, a la qual li han diagnosticat el s\u00edndrome 5p- o <em>Cri du Chat<\/em>. Arran del diagn\u00f2stic i la malaltia d\u2019Andrea, Lisa trobar\u00e0 una nova manera d\u2019entendre la vida.<\/span><span style=\"font-size: 12.0pt; font-family: 'Calibri','sans-serif'; mso-bidi-language: KS-IN;\" lang=\"CA\">\u00a0<\/span><\/p>\n<p class=\"MsoNormal\" style=\"text-align: justify; text-indent: 14.2pt; mso-layout-grid-align: none; text-autospace: none;\"><span style=\"font-size: 12.0pt; font-family: 'Calibri','sans-serif'; mso-bidi-language: KS-IN;\" lang=\"CA\">Despr\u00e9s, a les 20.30h, ser\u00e0 <em>\u2018Inocente\u2019<\/em> qui acoste els espectadors la seua hist\u00f2ria. La dura vida d\u2019una adolescent sense llar, immigrant il\u00b7legal, que lluita per obrir-se pas com a artista als Estats Units. Una hist\u00f2ria molt dura, fosca i angoixosa, per\u00f2 alhora, i gr\u00e0cies a les pintures d\u2019Inocente, lluminosa i plena de colors i esperan\u00e7a. Un documental que va ser guardonat amb l\u2019\u00d2scar 2013 a millor curt documental i que per primera vegada pot vore\u2019s a Espanya amb subt\u00edtols. Una oportunitat \u00fanica de vore un magn\u00edfic documental.<\/span><\/p>\n<p class=\"MsoNormal\" style=\"text-align: center; mso-layout-grid-align: none; text-autospace: none;\" align=\"center\"><strong><span style=\"font-size: 14.0pt; font-family: 'Calibri','sans-serif'; mso-bidi-language: KS-IN;\" lang=\"CA\">M\u00fasica i tradici\u00f3 valenciana obrin les projeccions del Premi MON\u00b7DOC. Dilluns 20 d&#8217;octubre<br \/>\n<\/span><\/strong><\/p>\n<p class=\"MsoNormal\" style=\"text-align: justify; mso-layout-grid-align: none; text-autospace: none;\"><strong><span style=\"font-size: 14.0pt; font-family: 'Calibri','sans-serif'; mso-bidi-language: KS-IN;\" lang=\"CA\">\u00a0<\/span><\/strong><\/p>\n<p class=\"MsoNormal\" style=\"text-align: justify; mso-layout-grid-align: none; text-autospace: none;\"><em><span style=\"font-size: 12.0pt; font-family: 'Calibri','sans-serif'; mso-bidi-language: KS-IN;\" lang=\"CA\">\u2018Teologia. Perdimos un imperio por esto\u2019<\/span><\/em><span style=\"font-size: 12.0pt; font-family: 'Calibri','sans-serif'; mso-bidi-language: KS-IN;\" lang=\"CA\"> i <em>\u2018El centre de l\u2019Horta\u2019<\/em>, primers treballs participants al premi que es projecten.<\/span><\/p>\n<p class=\"MsoNormal\" style=\"text-align: justify; text-indent: 35.4pt; mso-layout-grid-align: none; text-autospace: none;\"><span style=\"font-size: 12.0pt; font-family: 'Calibri','sans-serif'; mso-bidi-language: KS-IN;\" lang=\"CA\">\u00a0<\/span><\/p>\n<p class=\"MsoNormal\" style=\"text-align: justify; text-indent: 35.4pt; mso-layout-grid-align: none; text-autospace: none;\"><span style=\"font-size: 12.0pt; font-family: 'Calibri','sans-serif'; mso-bidi-language: KS-IN;\" lang=\"CA\">\u00a0<\/span><\/p>\n<p class=\"MsoNormal\" style=\"text-align: justify; mso-layout-grid-align: none; text-autospace: none;\"><span style=\"font-size: 12.0pt; font-family: 'Calibri','sans-serif'; mso-bidi-language: KS-IN;\" lang=\"CA\"><span style=\"mso-tab-count: 1;\">\u00a0\u00a0\u00a0\u00a0\u00a0\u00a0\u00a0\u00a0\u00a0\u00a0\u00a0 <\/span>A les 18.30h el periodista Carlos Aimeur, director de <em>\u2018Teologia\u2019<\/em>, presenta dins de la 5a edici\u00f3 de MON\u00b7DOC, el seu documental a l\u2019Auditori Luis Peir\u00f3 de Montaverner. Aquest treball mostra el proc\u00e9s de gravaci\u00f3 dels dos \u00faltims \u00e0lbums del grup valenci\u00e0 <em>La Mu\u00f1eca de Sal<\/em>. El documental parla tamb\u00e9 de la m\u00fasica indie en general, de les seues motivacions art\u00edstiques i el seu funcionament al marge de la \u201cind\u00fastria\u201d musical majorit\u00e0ria.<\/span><\/p>\n<p class=\"MsoNormal\" style=\"text-align: justify; mso-layout-grid-align: none; text-autospace: none;\"><span style=\"font-size: 12.0pt; font-family: 'Calibri','sans-serif'; mso-bidi-language: KS-IN;\" lang=\"CA\">\u00a0<\/span><\/p>\n<p class=\"MsoNormal\" style=\"text-align: justify; mso-layout-grid-align: none; text-autospace: none;\"><span style=\"font-size: 12.0pt; font-family: 'Calibri','sans-serif'; mso-bidi-language: KS-IN;\" lang=\"CA\"><span style=\"mso-tab-count: 1;\">\u00a0\u00a0\u00a0\u00a0\u00a0\u00a0\u00a0\u00a0\u00a0\u00a0\u00a0 <\/span>A partir de les 20.30h ser\u00e0 el torn del documental <em>\u2018El centre de l\u2019Horta\u2019<\/em>, el qual, a partir de testimonis i records, ens explicar\u00e0 com era el funcionament d\u2019un mol\u00ed d\u2019aigua (el \u201cMol\u00ed d\u2019Animeta\u201d) enclavat al bell mig de l\u2019horta valenciana i com era la vida d\u2019aquells qui l\u2019habitaven. Presentar\u00e0 el documental el seu director, Javier Gonz\u00e1lez. <\/span><\/p>\n<p class=\"MsoNormal\" style=\"text-align: justify; mso-layout-grid-align: none; text-autospace: none;\"><span style=\"font-size: 12.0pt; font-family: 'Calibri','sans-serif'; mso-bidi-language: KS-IN;\" lang=\"CA\">\u00a0<\/span><\/p>\n<p class=\"MsoNormal\" style=\"text-align: justify; text-indent: 35.4pt; mso-layout-grid-align: none; text-autospace: none;\"><span style=\"font-size: 12.0pt; font-family: 'Calibri','sans-serif'; mso-bidi-language: KS-IN;\" lang=\"CA\">Com sempre, el p\u00fablic ser\u00e0 protagonista a MON\u00b7DOC i en acabar cada documental s\u2019obrir\u00e0 un torn de preguntes en que els espectadors podran preguntar els directors i convidats sobre els seus treballs. A m\u00e9s, podran puntuar cada treball per al Premi del P\u00fablic, guard\u00f3 que s\u2019entregar\u00e0 el dissabte 26 junt als Premis MON\u00b7DOC.<\/span><\/p>\n<p><span id=\"result_box\" lang=\"es\"><span title=\"El dimarts continuen les projeccions de la 5a Mostra de Cine Documental de Montaverner amb els documentals Las Fallas de Valencia i l'Antic Teatret del Casino.\">El martes contin\u00faan las proyecciones de la 5 \u00aa Muestra de Cine Documental de Montaverner con los documentales Las Fallas de Valencia y el Antiguo Teatret del Casino .<\/p>\n<p><\/span><span title=\"La primera projecci\u00f3 ser\u00e0 a les 18.30 i comptar\u00e0 amb la pres\u00e8ncia de part de l'equip del documental, entre ells el director Jos\u00e9 Manuel de Matos, qui presentar\u00e0 el seu treball al p\u00fablic assistent.\">La primera proyecci\u00f3n ser\u00e1 a las 18.30 y contar\u00e1 con la presencia de parte del equipo del documental , entre ellos el director Jos\u00e9 Manuel de Matos , quien presentar\u00e1 su trabajo al p\u00fablico asistente . <\/span><span title=\"Las Fallas de Valencia fa un recorregut complet per la hist\u00f2ria de la festa valenciana per excel\u00b7l\u00e8ncia.\">Las Fallas de Valencia hace un recorrido completo por la historia de la fiesta valenciana por excelencia . <\/span><span title=\"Des dels or\u00edgens de la festa fins les falles actuals, es fa un rep\u00e0s per tots els aspectes m\u00e9s importants: el monument, els actes de la setmana fallera, els protagonistes de la festa, etc.\">Desde los or\u00edgenes de la fiesta hasta las fallas actuales , se hace un repaso por todos los aspectos m\u00e1s importantes: el monumento , los actos de la semana fallera , los protagonistas de la fiesta , etc .<\/p>\n<p><\/span><span title=\"A les 20.30 ser\u00e0 el torn del documental l'Antic Teatret del Casino.\">A las 20.30 ser\u00e1 el turno del documental del Antiguo Teatret del Casino . <\/span><span title=\"Documental que repassa els 100 anys d'hist\u00f2ria del Teatre del Casino de Quart de Poblet a trav\u00e9s dels ulls, records i experi\u00e8ncies dels actors i directors, tant professionals com amateurs, que han passat per este emblem\u00e0tic auditori.\">Documental que repasa los 100 a\u00f1os de historia del Teatro del Casino de Quart de Poblet a trav\u00e9s de los ojos , recuerdos y experiencias de los actores y directores , tanto profesionales como amateurs , que han pasado por este emblem\u00e1tico auditorio. <\/span><span title=\"El treball ser\u00e0 presentat pel director del documental Juan Carlos Fita.\">El trabajo ser\u00e1 presentado por el director del documental Juan Carlos Fita.<\/span><\/span><\/p>\n","protected":false},"excerpt":{"rendered":"<p>&nbsp; MON\u00b7DOC presenta dues hist\u00f2ries de superaci\u00f3, esperan\u00e7a i vida.\u00a0 Diumenge 20 d&#8217;octubre \u00a0 \u2018Cromosoma Cinco\u2019 i \u2018Inocente\u2019, projeccions de hui a la Mostra de Documentals de Montaverner \u00a0\u00a0 Esta vesprada a partir de les 18.30h es projecta a Montaverner, dins de la programaci\u00f3 de la 5a edici\u00f3 de MON\u00b7DOC, el documental \u2018Cromosoma Cinco\u2019. El [&hellip;]<\/p>\n","protected":false},"author":1,"featured_media":0,"comment_status":"closed","ping_status":"open","sticky":false,"template":"","format":"standard","meta":{"_monsterinsights_skip_tracking":false,"_monsterinsights_sitenote_active":false,"_monsterinsights_sitenote_note":"","_monsterinsights_sitenote_category":0},"categories":[15,789,12],"tags":[],"_links":{"self":[{"href":"http:\/\/www.portaldelolleria.es\/index.php?rest_route=\/wp\/v2\/posts\/4224"}],"collection":[{"href":"http:\/\/www.portaldelolleria.es\/index.php?rest_route=\/wp\/v2\/posts"}],"about":[{"href":"http:\/\/www.portaldelolleria.es\/index.php?rest_route=\/wp\/v2\/types\/post"}],"author":[{"embeddable":true,"href":"http:\/\/www.portaldelolleria.es\/index.php?rest_route=\/wp\/v2\/users\/1"}],"replies":[{"embeddable":true,"href":"http:\/\/www.portaldelolleria.es\/index.php?rest_route=%2Fwp%2Fv2%2Fcomments&post=4224"}],"version-history":[{"count":4,"href":"http:\/\/www.portaldelolleria.es\/index.php?rest_route=\/wp\/v2\/posts\/4224\/revisions"}],"predecessor-version":[{"id":4244,"href":"http:\/\/www.portaldelolleria.es\/index.php?rest_route=\/wp\/v2\/posts\/4224\/revisions\/4244"}],"wp:attachment":[{"href":"http:\/\/www.portaldelolleria.es\/index.php?rest_route=%2Fwp%2Fv2%2Fmedia&parent=4224"}],"wp:term":[{"taxonomy":"category","embeddable":true,"href":"http:\/\/www.portaldelolleria.es\/index.php?rest_route=%2Fwp%2Fv2%2Fcategories&post=4224"},{"taxonomy":"post_tag","embeddable":true,"href":"http:\/\/www.portaldelolleria.es\/index.php?rest_route=%2Fwp%2Fv2%2Ftags&post=4224"}],"curies":[{"name":"wp","href":"https:\/\/api.w.org\/{rel}","templated":true}]}}