{"id":424,"date":"2012-05-07T09:00:24","date_gmt":"2012-05-07T08:00:24","guid":{"rendered":"http:\/\/www.portaldelolleria.es\/?p=424"},"modified":"2012-05-15T11:24:08","modified_gmt":"2012-05-15T10:24:08","slug":"150-personas-participan-en-la-ruta-de-l%e2%80%99olleria-dentro-del-programa-obrim-les-portes-de-la-vall","status":"publish","type":"post","link":"http:\/\/www.portaldelolleria.es\/?p=424","title":{"rendered":"150 personas participan en la ruta de L\u2019Olleria dentro del programa Obrim les Portes de la Vall"},"content":{"rendered":"<p><em>El concejal de turismo hace un balance muy positivo de la jornada<\/em><\/p>\n<p><a href=\"http:\/\/www.portaldelolleria.es\/wp-content\/uploads\/2012\/05\/lamurta1.jpg\"><img loading=\"lazy\" class=\"aligncenter size-full wp-image-425\" title=\"lamurta1\" src=\"http:\/\/www.portaldelolleria.es\/wp-content\/uploads\/2012\/05\/lamurta1.jpg\" alt=\"\" width=\"598\" height=\"398\" srcset=\"http:\/\/www.portaldelolleria.es\/wp-content\/uploads\/2012\/05\/lamurta1.jpg 598w, http:\/\/www.portaldelolleria.es\/wp-content\/uploads\/2012\/05\/lamurta1-300x199.jpg 300w\" sizes=\"(max-width: 598px) 100vw, 598px\" \/><\/a><\/p>\n<p>&nbsp;<\/p>\n<p>L\u2019Olleria reuni\u00f3 cerca de 150 personas el pasado domingo 6 de mayo en el programa tur\u00edstico de la Mancomunitat <em>Obrim les Portes de la Vall<\/em>. El concejal de turismo, Juan Ruano ha valorado muy positivamente la participaci\u00f3n ya que \u201ces un d\u00eda un poco complicado ya que hay que tener en cuenta que es el d\u00eda de la Madre y mucha gente aprovecha para reunirse en comidas familiares y es el primer domingo de comuniones por eso es una gran satisfacci\u00f3n la respuesta que ha recibido la ruta de tur\u00edstica de L\u2019Olleria, un d\u00eda que nos permite dar a conocer y promocionar parte de nuestra riqueza tur\u00edstica\u201d.<\/p>\n<p><a href=\"http:\/\/www.portaldelolleria.es\/wp-content\/uploads\/2012\/05\/lamurta2.jpg\"><img loading=\"lazy\" class=\"aligncenter size-full wp-image-427\" title=\"lamurta2\" src=\"http:\/\/www.portaldelolleria.es\/wp-content\/uploads\/2012\/05\/lamurta2.jpg\" alt=\"\" width=\"598\" height=\"398\" srcset=\"http:\/\/www.portaldelolleria.es\/wp-content\/uploads\/2012\/05\/lamurta2.jpg 598w, http:\/\/www.portaldelolleria.es\/wp-content\/uploads\/2012\/05\/lamurta2-300x199.jpg 300w\" sizes=\"(max-width: 598px) 100vw, 598px\" \/><\/a><\/p>\n<p>La jornada que cont\u00f3 con la int\u00e9rprete de lenguaje de signos del ayuntamiento gracias al convenio de colaboraci\u00f3n del consistorio con FESORD, se inici\u00f3 con una visita a la Iglesia de la localidad en la que el cura-p\u00e1rroco, D. Emilio Esteve, les explic\u00f3 sus caracter\u00edsticas arquitectonicas e hist\u00f3ricas de este edificio BIC, despu\u00e9s, debido a la grandaria del grupo este se parti\u00f3 en dos para que las explicaciones pudieran se escuchadas mejor, uno acompa\u00f1ado por la t\u00e9cnica de turismo en pr\u00e1cticas del ayuntamiento, Ver\u00f3nica Momp\u00f3 y el otro por el historiador local Jos\u00e9 Vidal, visitaron el Monasterio de las Agustinas donde pudieron ver tanto la capilla como varias dependencias del convento entre ellas el comedor y el patio donde se encuentra el busto del beato Juan Pablo II adem\u00e1s, los participantes pudieron conversar con una de las monjas de la orden religiosa que est\u00e1 en estos momentos en el Convento, la orden del <em>Verbo Encarnado<\/em>, la cual explic\u00f3 los murales de la Iglesia del Convento de San Jos\u00e9 y Santa Ana.<\/p>\n<p>&nbsp;<\/p>\n<p>Por otro lado, se visit\u00f3 la Casa Santonja-Palau dels Marau, donde adem\u00e1s de ver la sala de las alegor\u00edas pudieron admirar una exposici\u00f3n sobre las Fiestas de Moros y Cristianos del municipio \u201cuna exposici\u00f3n magn\u00edfica que refleja una peque\u00f1a muestra de la tradici\u00f3n e historia de esta fiesta en L\u2019Olleria y agradezco profundamente el inter\u00e9s y el trabajo realizado desde la Junta Central de Moros y Cristianos de L\u2019Olleria para que esta exposici\u00f3n fuera posible\u201d ha comentado Ruano.<\/p>\n<p>&nbsp;<\/p>\n<p>Despu\u00e9s llegar\u00eda el momento de visitar el Convento de Capuchinos, aqu\u00ed pudieron admirar su museo as\u00ed como la exposici\u00f3n de pintura a cargo de \u00d3scar Marciali, que permaneci\u00f3 en L\u2019Olleria durante los a\u00f1os 1948 y 1949, en ese tiempo pint\u00f3 medio centenar de cuadros, 32 de los cuales se exponen en una sala del Convento dedicada exclusivamente al pintor italiano, que pretendi\u00f3 recrear el ambiente franciscano y su simbiosis con la naturaleza mediante su peculiar forma de pintar a esp\u00e1tula a los capuchinos del momento en medio de una atm\u00f3sfera luminosa de vivo colorido. Y para finalizar la ruta los participantes disfrutaron del patio del Convento, donde se encuentra <em>La Murta<\/em>, un mirto arbusto que ha alcanzado el tama\u00f1o de un gigantesco \u00e1rbol, \u00fanico en Europa de estas caracter\u00edsticas, al que le calculan de 400 a 600 a\u00f1os, tal y como explic\u00f3 el Padre Efr\u00e9n, miembro de la Comunidad.<\/p>\n<p>&nbsp;<\/p>\n<p><a href=\"http:\/\/www.portaldelolleria.es\/wp-content\/uploads\/2012\/05\/lamurta3.jpg\"><img loading=\"lazy\" class=\"aligncenter size-full wp-image-426\" title=\"lamurta3\" src=\"http:\/\/www.portaldelolleria.es\/wp-content\/uploads\/2012\/05\/lamurta3.jpg\" alt=\"\" width=\"598\" height=\"398\" srcset=\"http:\/\/www.portaldelolleria.es\/wp-content\/uploads\/2012\/05\/lamurta3.jpg 598w, http:\/\/www.portaldelolleria.es\/wp-content\/uploads\/2012\/05\/lamurta3-300x199.jpg 300w\" sizes=\"(max-width: 598px) 100vw, 598px\" \/><\/a><\/p>\n<p>&nbsp;<\/p>\n<p>&nbsp;<\/p>\n<p>Por \u00faltimo apuntar que la ruta, cont\u00f3 tambi\u00e9n con la presencia del concejal de cultura, Jes\u00fas Engo y el Presidente de la Junta Central de Moros y Cristianos, Jose Ram\u00f3n Esteve.<\/p>\n","protected":false},"excerpt":{"rendered":"<p>El concejal de turismo hace un balance muy positivo de la jornada &nbsp; L\u2019Olleria reuni\u00f3 cerca de 150 personas el pasado domingo 6 de mayo en el programa tur\u00edstico de la Mancomunitat Obrim les Portes de la Vall. El concejal de turismo, Juan Ruano ha valorado muy positivamente la participaci\u00f3n ya que \u201ces un d\u00eda [&hellip;]<\/p>\n","protected":false},"author":1,"featured_media":0,"comment_status":"closed","ping_status":"open","sticky":false,"template":"","format":"standard","meta":{"_monsterinsights_skip_tracking":false,"_monsterinsights_sitenote_active":false,"_monsterinsights_sitenote_note":"","_monsterinsights_sitenote_category":0},"categories":[16],"tags":[20,36,52,51,50],"_links":{"self":[{"href":"http:\/\/www.portaldelolleria.es\/index.php?rest_route=\/wp\/v2\/posts\/424"}],"collection":[{"href":"http:\/\/www.portaldelolleria.es\/index.php?rest_route=\/wp\/v2\/posts"}],"about":[{"href":"http:\/\/www.portaldelolleria.es\/index.php?rest_route=\/wp\/v2\/types\/post"}],"author":[{"embeddable":true,"href":"http:\/\/www.portaldelolleria.es\/index.php?rest_route=\/wp\/v2\/users\/1"}],"replies":[{"embeddable":true,"href":"http:\/\/www.portaldelolleria.es\/index.php?rest_route=%2Fwp%2Fv2%2Fcomments&post=424"}],"version-history":[{"count":5,"href":"http:\/\/www.portaldelolleria.es\/index.php?rest_route=\/wp\/v2\/posts\/424\/revisions"}],"predecessor-version":[{"id":452,"href":"http:\/\/www.portaldelolleria.es\/index.php?rest_route=\/wp\/v2\/posts\/424\/revisions\/452"}],"wp:attachment":[{"href":"http:\/\/www.portaldelolleria.es\/index.php?rest_route=%2Fwp%2Fv2%2Fmedia&parent=424"}],"wp:term":[{"taxonomy":"category","embeddable":true,"href":"http:\/\/www.portaldelolleria.es\/index.php?rest_route=%2Fwp%2Fv2%2Fcategories&post=424"},{"taxonomy":"post_tag","embeddable":true,"href":"http:\/\/www.portaldelolleria.es\/index.php?rest_route=%2Fwp%2Fv2%2Ftags&post=424"}],"curies":[{"name":"wp","href":"https:\/\/api.w.org\/{rel}","templated":true}]}}