{"id":4246,"date":"2013-10-22T18:25:21","date_gmt":"2013-10-22T16:25:21","guid":{"rendered":"http:\/\/www.portaldelolleria.es\/?p=4246"},"modified":"2013-10-23T10:35:53","modified_gmt":"2013-10-23T08:35:53","slug":"comienza-la-temporada-en-las-escuelas-deportivas-municipales-de-taekwondo","status":"publish","type":"post","link":"http:\/\/www.portaldelolleria.es\/?p=4246","title":{"rendered":"Comienza la temporada en las escuelas deportivas municipales de Taekwondo"},"content":{"rendered":"<p><a href=\"http:\/\/www.portaldelolleria.es\/wp-content\/uploads\/2013\/10\/taekwondo2014.jpg\"><img loading=\"lazy\" class=\"aligncenter size-full wp-image-4247\" title=\"taekwondo2014\" src=\"http:\/\/www.portaldelolleria.es\/wp-content\/uploads\/2013\/10\/taekwondo2014.jpg\" alt=\"\" width=\"598\" height=\"397\" srcset=\"http:\/\/www.portaldelolleria.es\/wp-content\/uploads\/2013\/10\/taekwondo2014.jpg 598w, http:\/\/www.portaldelolleria.es\/wp-content\/uploads\/2013\/10\/taekwondo2014-300x199.jpg 300w\" sizes=\"(max-width: 598px) 100vw, 598px\" \/><\/a><\/p>\n<p><span id=\"result_box\" lang=\"es\"><span title=\"Aquest cap de setmana 19-20 d'octubre ia la ciutat d'Alacant,va arrancar la temporada de les nostres escoles de Taekwondo, va ser la I Lligueta 2013-2014, com sempre va ser tot un \u00e8xit de resultats.\">Este fin de semana 19-20 de octubre y en la ciudad de Alicante , arranc\u00f3 la temporada de nuestras escuelas de Taekwondo , fue la I Liguilla 2013-2014, como siempre fue todo un \u00e9xito de resultados .<\/span><\/span><\/p>\n<p><span title=\"El dissabte 19 de vespr\u00e0van competir els cadets, Mireya Giner, en -47 kg.\">El s\u00e1bado 19 van competir los cadetes, Mireya Giner , en -47 kg . <\/span><span title=\"i Marcel Mart\u00ed, en -60kg.\">y Marcel Mart\u00ed , en &#8211; 60kg . <\/span><span title=\"Mireya va perdre en semifinals , al igual que Marcel que debutava en esta categoria, quedant tercers en els seus respectius pesos.\">Mireya perdi\u00f3 en semifinales, al igual que Marcel que debutaba en esta categor\u00eda , quedando terceros en sus respectivos pesos .<\/span><\/p>\n<p><span title=\"Diumenge va ser el torn per al gros del equip, les categories de junior i absolut.\">El domingo fue el turno para el grueso del equipo , las categor\u00edas de junior y absoluto . <\/span><span title=\"En junior competien Iris Armero -49kg.\">En junior compet\u00edan Iris Armero &#8211; 49kg . <\/span><span title=\", Sergio Mart\u00ed -60kg., Mohamed Eddamghi -48kg.i David Tols\u00e0 -48kg..\">, Sergio Mart\u00edn &#8211; 60kg . , Mohamed Eddamghi &#8211; 48kg.i David Tols\u00e0 &#8211; 48kg .. <\/span><span title=\"Iris estava directament en la final, va competir contra B\u00e0rbara Plaza del Olimpo (Sedav\u00ed),va perdre Iris i va ser subcampiona.\">Iris estaba directamente en la final , compiti\u00f3 contra B\u00e1rbara Plaza del Olimpo ( Sedav\u00ed ) , perdi\u00f3 Iris y fue subcampeona . <\/span><span title=\"Per part dels xics, el debutant Sergio Mart\u00ed estava tamb\u00e9 en semifinals,encara que va perdre Sergio va fer molt bon combat i va deixar molt bones sensacions, quedant tercer del seu pes.\">Por parte de los chicos, el debutante Sergio Mart\u00edn estaba tambi\u00e9n en semifinales , aunque perdi\u00f3 Sergio hizo muy buen combate y dej\u00f3 muy buenas sensaciones , quedando tercero de su peso . <\/span><span title=\"Per l'altra banda Mohamed i David, que estan al mateix pes, es van trobar en la final, quedant com a guanyador David Tols\u00e0, aix\u00ed que en aquest pes van quedar campi\u00f3 i subcampi\u00f3 els nostres xiquets.\">Por el otro lado Mohamed y David , que est\u00e1n al mismo peso , se encontraron en la final , quedando como ganador David Tols\u00e0 , as\u00ed que en ese peso quedaron campe\u00f3n y subcampe\u00f3n nuestros ni\u00f1os .<\/span><\/p>\n<p><span title=\"En la categoria reina, absolut, competien Oscar Salamanca -80kg., Priscila Medina -53kg.\">En la categor\u00eda reina , absoluto , compet\u00edan Oscar Salamanca- 80kg . , Priscila Medina- 53kg . <\/span><span title=\"i Andrea Oltra -57kg..\">y Andrea Oltra &#8211; 57kg .. <\/span><span title=\"Oscar tenia tres combats fins arribar a la final, en quarts de final contra Jos\u00e9 Angel Quiles i en semifinals Sergio Gallego, va guanyar els dos combats, en la final li tocava el competidor de Gandia i amic de Oscar Andre De Eso, Andre no va\">Oscar ten\u00eda tres combates hasta llegar a la final , en cuartos de final contra Jos\u00e9 Angel Quiles y en semifinales Sergio Gallego, gan\u00f3 los dos combates , en la final le tocaba el competidor de Gandia y amigo de Oscar Andre De Eso, Andre no <\/span><span title=\"poder fer la final per una lesi\u00f3 provocada en semifinals aix\u00ed que Oscar es proclamava campi\u00f3.\">poder hacer la final por una lesi\u00f3n provocada en semifinales as\u00ed que Oscar se proclamaba campe\u00f3n . <\/span><span title=\"En la part femenina Priscila,que debutava en la categoria i tornava a competir despr\u00e9s de molts anys, tenia tres combats fins la final, Pris va caure en quarts de final contra la experimentada Cristina Arguedas del gimnas Zafrilla de Tur\u00eds, va perdre per un marcador\">En la parte femenina Priscila , que debutaba en la categor\u00eda y volv\u00eda a competir despu\u00e9s de muchos a\u00f1os , ten\u00eda tres combates hasta la final , Pris cay\u00f3 en cuartos de final contra la experimentada Cristina Arguedas del gimnasio Zafrilla de Tur\u00eds , perdi\u00f3 por un marcador <\/span><span title=\"de 1-5,va fer molt bon combat i va acabar en bones sensacions i amb ganes de tornar, Priscila va quedar quarta.\">de 1-5 , hizo muy buen combate y termin\u00f3 en buenas sensaciones y con ganas de volver , Priscila qued\u00f3 cuarta . <\/span><span title=\"Tot anava molt be fins el combat de Andrea, Andrea tenia tamb\u00e9tres combats fins la final,en quarts de final esperava Carmen Llacer del KTK de Valencia, tot anava molt be i Andrea guanyava per 11-0 a falta de un minut i mig per a\">Todo iba muy bien hasta el combate de Andrea , Andrea ten\u00eda tamb\u00e9tres combates hasta la final , en cuartos de final esperaba Carmen Llacer del KTK de Valencia , todo iba muy bien y Andrea ganaba por 11-0 a falta de un minuto y medio para <\/span><span title=\"la fi del combat, per\u00f2 altra vagada la mala sort li va arribar a Andrea ia falta de 12 segons per acabar una baixa de tensi\u00f3,degut al par\u00e8ixer a la forta calor que feia al pavell\u00f3 va fer que es tinguera que retirar va quedar quarta per\u00f2\">el fin del combate , pero otra vagado la mala suerte le lleg\u00f3 a Andrea ya falta de 12 segundos para terminar una baja de tensi\u00f3n , debido al parecer al fuerte calor que hac\u00eda en el pabell\u00f3n hizo que se tuviera que retirar qued\u00f3 cuarta pero <\/span><span title=\"en la r\u00e0bia per lo que li va passar.\">en la rabia por lo que le pas\u00f3 . <\/span><span title=\"Desde el cos t\u00e8cnic, del equip i de tota la gent, donar-li \u00e0nims a Andrea i de segur que a l'altre campionat mos podr\u00e0 mostrar de que pasta esta feta,i no precisament de mantega i ens mostrara de lo que es capa\u00e7\">Desde el cuerpo t\u00e9cnico , del equipo y de toda la gente , darle \u00e1nimos a Andrea y de seguro que al otro campeonato bocado podr\u00e1 mostrar de que pasta esta hecha , y no precisamente de mantequilla y nos mostrara de lo que es capaz <\/span><span title=\"de fer en aquest esport que tant li agrada i ens done i es dona l'alegria que se mereix, de segur que molt prompte ho contar\u00e9 per ac\u00ed.\">que hacer en este deporte que tanto le gusta y nos d\u00e9 y se da la alegr\u00eda que se merece , seguro que muy pronto lo contar\u00e9 por aqu\u00ed .<\/span><\/p>\n<p><span title=\"Enhorabona a tots els participants aix\u00ed com al equip t\u00e8cnic, resta del equip i com no als pares, que tanta paci\u00e8ncia tenen i suport ens donen.\">Enhorabuena a todos los participantes as\u00ed como al equipo t\u00e9cnico , resto del equipo y como no a los padres , que tanta paciencia tienen y apoyo nos dan .<\/span><\/p>\n<p><span title=\"Ara a esperar al pr\u00f2xim campionat que ser\u00e0 ja aquest dissabte 26, el dia la fira, a Benic\u00e0ssim (Castell\u00f3), el Open Nacional de Castell\u00f3 on participaran els juniors, Iris Armero i David Tols\u00e0 i per part del Absolut Oscar Salamanca i Andrea Oltra.\">Ahora a esperar el pr\u00f3ximo campeonato que ser\u00e1 ya este s\u00e1bado 26 , el d\u00eda la feria , en Benic\u00e0ssim ( Castell\u00f3n ) , el Open Nacional de Castell\u00f3n donde participar\u00e1n los juniors , Iris Armero y David Tols\u00e0 y por parte del Absoluto Oscar Salamanca y Andrea Oltra . <\/span><span title=\"Esperem contar a la setmana que ve els que segur seran bon resultats.\">Esperamos contar en la pr\u00f3xima semana los que seguro ser\u00e1n buenos resultados .<\/span><\/p>\n","protected":false},"excerpt":{"rendered":"<p>Este fin de semana 19-20 de octubre y en la ciudad de Alicante , arranc\u00f3 la temporada de nuestras escuelas de Taekwondo , fue la I Liguilla 2013-2014, como siempre fue todo un \u00e9xito de resultados . El s\u00e1bado 19 van competir los cadetes, Mireya Giner , en -47 kg . y Marcel Mart\u00ed , [&hellip;]<\/p>\n","protected":false},"author":1,"featured_media":0,"comment_status":"closed","ping_status":"open","sticky":false,"template":"","format":"standard","meta":{"_monsterinsights_skip_tracking":false,"_monsterinsights_sitenote_active":false,"_monsterinsights_sitenote_note":"","_monsterinsights_sitenote_category":0},"categories":[9,12],"tags":[822,314,20,19,821],"_links":{"self":[{"href":"http:\/\/www.portaldelolleria.es\/index.php?rest_route=\/wp\/v2\/posts\/4246"}],"collection":[{"href":"http:\/\/www.portaldelolleria.es\/index.php?rest_route=\/wp\/v2\/posts"}],"about":[{"href":"http:\/\/www.portaldelolleria.es\/index.php?rest_route=\/wp\/v2\/types\/post"}],"author":[{"embeddable":true,"href":"http:\/\/www.portaldelolleria.es\/index.php?rest_route=\/wp\/v2\/users\/1"}],"replies":[{"embeddable":true,"href":"http:\/\/www.portaldelolleria.es\/index.php?rest_route=%2Fwp%2Fv2%2Fcomments&post=4246"}],"version-history":[{"count":1,"href":"http:\/\/www.portaldelolleria.es\/index.php?rest_route=\/wp\/v2\/posts\/4246\/revisions"}],"predecessor-version":[{"id":4248,"href":"http:\/\/www.portaldelolleria.es\/index.php?rest_route=\/wp\/v2\/posts\/4246\/revisions\/4248"}],"wp:attachment":[{"href":"http:\/\/www.portaldelolleria.es\/index.php?rest_route=%2Fwp%2Fv2%2Fmedia&parent=4246"}],"wp:term":[{"taxonomy":"category","embeddable":true,"href":"http:\/\/www.portaldelolleria.es\/index.php?rest_route=%2Fwp%2Fv2%2Fcategories&post=4246"},{"taxonomy":"post_tag","embeddable":true,"href":"http:\/\/www.portaldelolleria.es\/index.php?rest_route=%2Fwp%2Fv2%2Ftags&post=4246"}],"curies":[{"name":"wp","href":"https:\/\/api.w.org\/{rel}","templated":true}]}}