{"id":4249,"date":"2013-10-23T13:00:48","date_gmt":"2013-10-23T11:00:48","guid":{"rendered":"http:\/\/www.portaldelolleria.es\/?p=4249"},"modified":"2013-10-24T21:22:28","modified_gmt":"2013-10-24T19:22:28","slug":"la-fira-de-lolleria-el-proximo-fin-de-semana","status":"publish","type":"post","link":"http:\/\/www.portaldelolleria.es\/?p=4249","title":{"rendered":"La Fira de L&#8217;Olleria, el pr\u00f3ximo fin de semana"},"content":{"rendered":"<p><a href=\"http:\/\/www.portaldelolleria.es\/wp-content\/uploads\/2013\/10\/fira2013.jpg\"><img loading=\"lazy\" class=\"aligncenter size-full wp-image-4254\" title=\"fira2013\" src=\"http:\/\/www.portaldelolleria.es\/wp-content\/uploads\/2013\/10\/fira2013.jpg\" alt=\"\" width=\"598\" height=\"397\" srcset=\"http:\/\/www.portaldelolleria.es\/wp-content\/uploads\/2013\/10\/fira2013.jpg 598w, http:\/\/www.portaldelolleria.es\/wp-content\/uploads\/2013\/10\/fira2013-300x199.jpg 300w\" sizes=\"(max-width: 598px) 100vw, 598px\" \/><\/a><\/p>\n<p>El pr\u00f3ximo viernes arranca una nueva edici\u00f3n de la \u00abFira de L&#8217;Olleria\u00bb.\u00a0\u00a0 El acto de inauguraci\u00f3n como viene siendo costumbre ser\u00e1 el viernes\u00a0 25 a las 20:30h, desde la plaza de Loreto.\u00a0 La Comitiva Municipal ser\u00e1 acompa\u00f1ada hasta el final del recinto ferial por la AEM La Nova de L&#8217;Olleria. La Morralla y el\u00a0 grupo de danzas el Revol amenizar\u00e1n el trayecto con sus actuaciones.\u00a0 Los \u00abfocs d&#8217;artifici\u00bb, pondr\u00e1n punto final al acto de inauguraci\u00f3n en el parque Ferreres. Otro cl\u00e1sico de la Fira, \u00abla casa del Terror\u00bb, abrir\u00e1 sus puertas a las 22:00h<\/p>\n<p>El s\u00e1bado 26\u00a0 ser\u00e1 el momento para el ciclismo con la XIV Volta Cicloturista a la Vall d&#8217;Albaida que saldr\u00e1 sobre las 9 de la ma\u00f1ana desde el parque.\u00a0 El f\u00fatbol tendr\u00e1 su momento por la tarde\u00a0 con tres encuentros, el equipo femenino que viene de ganarse el respeto en el estadio \u00abClariano\u00bb, jugar\u00e1 a las 16:00 h contra el PD Ayorense.\u00a0 A las 18:00 h\u00a0 el L&#8217;Olleria CF Juvenil\u00a0 recibir\u00e1\u00a0 a La Font de la Figurea CF.\u00a0\u00a0 A la misma hora los aficionados al Futbol sala podr\u00e1n disfrutar de un L&#8217;Olleria FS- C Maristas FS, en el pabell\u00f3n de \u00abLa Solana\u00bb.\u00a0\u00a0\u00a0 La Casa del Terror seguir\u00e1 con sus \u00abactividades\u00bb\u00a0 tambi\u00e9n a las 18:00 h.\u00a0\u00a0 A las 12 de la noche, la orqueta Ying Yang amenizar\u00e1 la velada en el parque Ferreres.<\/p>\n<p>La jornada dominical, comenzar\u00e1 con el cl\u00e1sico de cl\u00e1sicos,\u00a0 la XVIII Volta de Motos Cl\u00e1ssiques\u00bb,\u00a0 donde a partir de las 9 de la ma\u00f1ana podremos deleitarnos con estas \u00abjoyas\u00bb del motor. A las 10 comenzar\u00e1n su recorrido por los pueblos vecinos para\u00a0 volver a L&#8217;Olleria cerca de las 2 de la tarde.\u00a0\u00a0 A las 11 de la ma\u00f1ana\u00a0\u00a0 tendr\u00e1 lugar otro gran espect\u00e1culo: \u00abCercavila i Exhibici\u00f3 de Cavalls\u00bb , a las 12 en el solar que hace esquina entre Juan XXIII y Caputxinos, dar\u00e1 lugar la exhibici\u00f3n de monta y doma.\u00a0 La Casa de Terror seguir\u00e1 \u00abasustando\u00bb a la gente a partir de las 17:00h.<\/p>\n<p>La Fira se prolongar\u00e1 al lunes con el \u00abd\u00eda del Xiquet\u00bb, y una nueva sesi\u00f3n de la Casa del Terror a partir de las 17:00h.<\/p>\n<p>Las casetas de feria, que este a\u00f1o superar\u00e1n los 100 puestos, se ubicar\u00e1n en el mismo recorrido que el a\u00f1o anterior,\u00a0 Plaza de Loreto, Av. Jaume I, y Parque Ferreres.<\/p>\n<p>&nbsp;<\/p>\n<p>&nbsp;<\/p>\n<div id=\"attachment_4251\" style=\"width: 608px\" class=\"wp-caption aligncenter\"><a href=\"http:\/\/www.portaldelolleria.es\/wp-content\/uploads\/2013\/10\/dipticofrontalpb3.jpg\"><img aria-describedby=\"caption-attachment-4251\" loading=\"lazy\" class=\"size-full wp-image-4251\" title=\"dipticofrontalpb3\" src=\"http:\/\/www.portaldelolleria.es\/wp-content\/uploads\/2013\/10\/dipticofrontalpb3.jpg\" alt=\"\" width=\"598\" height=\"433\" srcset=\"http:\/\/www.portaldelolleria.es\/wp-content\/uploads\/2013\/10\/dipticofrontalpb3.jpg 1142w, http:\/\/www.portaldelolleria.es\/wp-content\/uploads\/2013\/10\/dipticofrontalpb3-300x217.jpg 300w, http:\/\/www.portaldelolleria.es\/wp-content\/uploads\/2013\/10\/dipticofrontalpb3-1024x741.jpg 1024w\" sizes=\"(max-width: 598px) 100vw, 598px\" \/><\/a><p id=\"caption-attachment-4251\" class=\"wp-caption-text\">pulse sobre la imagen para ampliar<\/p><\/div>\n<div id=\"attachment_4252\" style=\"width: 608px\" class=\"wp-caption aligncenter\"><a href=\"http:\/\/www.portaldelolleria.es\/wp-content\/uploads\/2013\/10\/dipticotraserapb3.jpg\"><img aria-describedby=\"caption-attachment-4252\" loading=\"lazy\" class=\"size-full wp-image-4252 \" title=\"dipticotraserapb3\" src=\"http:\/\/www.portaldelolleria.es\/wp-content\/uploads\/2013\/10\/dipticotraserapb3.jpg\" alt=\"\" width=\"598\" height=\"433\" srcset=\"http:\/\/www.portaldelolleria.es\/wp-content\/uploads\/2013\/10\/dipticotraserapb3.jpg 1142w, http:\/\/www.portaldelolleria.es\/wp-content\/uploads\/2013\/10\/dipticotraserapb3-300x217.jpg 300w, http:\/\/www.portaldelolleria.es\/wp-content\/uploads\/2013\/10\/dipticotraserapb3-1024x741.jpg 1024w\" sizes=\"(max-width: 598px) 100vw, 598px\" \/><\/a><p id=\"caption-attachment-4252\" class=\"wp-caption-text\">Pulse sobre la imagen para ampliar<\/p><\/div>\n<div id=\"attachment_4250\" style=\"width: 608px\" class=\"wp-caption aligncenter\"><a href=\"http:\/\/www.portaldelolleria.es\/wp-content\/uploads\/2013\/10\/cartelpb3.jpg\"><img aria-describedby=\"caption-attachment-4250\" loading=\"lazy\" class=\"size-full wp-image-4250\" title=\"cartelpb3\" src=\"http:\/\/www.portaldelolleria.es\/wp-content\/uploads\/2013\/10\/cartelpb3.jpg\" alt=\"\" width=\"598\" height=\"866\" srcset=\"http:\/\/www.portaldelolleria.es\/wp-content\/uploads\/2013\/10\/cartelpb3.jpg 1000w, http:\/\/www.portaldelolleria.es\/wp-content\/uploads\/2013\/10\/cartelpb3-207x300.jpg 207w, http:\/\/www.portaldelolleria.es\/wp-content\/uploads\/2013\/10\/cartelpb3-707x1024.jpg 707w\" sizes=\"(max-width: 598px) 100vw, 598px\" \/><\/a><p id=\"caption-attachment-4250\" class=\"wp-caption-text\">pulse sobre la imagen para ampliar<\/p><\/div>\n","protected":false},"excerpt":{"rendered":"<p>El pr\u00f3ximo viernes arranca una nueva edici\u00f3n de la \u00abFira de L&#8217;Olleria\u00bb.\u00a0\u00a0 El acto de inauguraci\u00f3n como viene siendo costumbre ser\u00e1 el viernes\u00a0 25 a las 20:30h, desde la plaza de Loreto.\u00a0 La Comitiva Municipal ser\u00e1 acompa\u00f1ada hasta el final del recinto ferial por la AEM La Nova de L&#8217;Olleria. La Morralla y el\u00a0 grupo [&hellip;]<\/p>\n","protected":false},"author":1,"featured_media":0,"comment_status":"closed","ping_status":"open","sticky":false,"template":"","format":"standard","meta":{"_monsterinsights_skip_tracking":false,"_monsterinsights_sitenote_active":false,"_monsterinsights_sitenote_note":"","_monsterinsights_sitenote_category":0},"categories":[16,12],"tags":[495,344,20],"_links":{"self":[{"href":"http:\/\/www.portaldelolleria.es\/index.php?rest_route=\/wp\/v2\/posts\/4249"}],"collection":[{"href":"http:\/\/www.portaldelolleria.es\/index.php?rest_route=\/wp\/v2\/posts"}],"about":[{"href":"http:\/\/www.portaldelolleria.es\/index.php?rest_route=\/wp\/v2\/types\/post"}],"author":[{"embeddable":true,"href":"http:\/\/www.portaldelolleria.es\/index.php?rest_route=\/wp\/v2\/users\/1"}],"replies":[{"embeddable":true,"href":"http:\/\/www.portaldelolleria.es\/index.php?rest_route=%2Fwp%2Fv2%2Fcomments&post=4249"}],"version-history":[{"count":6,"href":"http:\/\/www.portaldelolleria.es\/index.php?rest_route=\/wp\/v2\/posts\/4249\/revisions"}],"predecessor-version":[{"id":4264,"href":"http:\/\/www.portaldelolleria.es\/index.php?rest_route=\/wp\/v2\/posts\/4249\/revisions\/4264"}],"wp:attachment":[{"href":"http:\/\/www.portaldelolleria.es\/index.php?rest_route=%2Fwp%2Fv2%2Fmedia&parent=4249"}],"wp:term":[{"taxonomy":"category","embeddable":true,"href":"http:\/\/www.portaldelolleria.es\/index.php?rest_route=%2Fwp%2Fv2%2Fcategories&post=4249"},{"taxonomy":"post_tag","embeddable":true,"href":"http:\/\/www.portaldelolleria.es\/index.php?rest_route=%2Fwp%2Fv2%2Ftags&post=4249"}],"curies":[{"name":"wp","href":"https:\/\/api.w.org\/{rel}","templated":true}]}}