{"id":4266,"date":"2013-10-28T19:46:25","date_gmt":"2013-10-28T17:46:25","guid":{"rendered":"http:\/\/www.portaldelolleria.es\/?p=4266"},"modified":"2013-10-28T22:32:13","modified_gmt":"2013-10-28T20:32:13","slug":"la-feria-de-lolleria-2013-se-despide-como-una-de-las-mas-populosas","status":"publish","type":"post","link":"http:\/\/www.portaldelolleria.es\/?p=4266","title":{"rendered":"La Feria de L&#8217;Olleria 2013, se despide como una de las m\u00e1s populosas"},"content":{"rendered":"<p><a href=\"http:\/\/www.portaldelolleria.es\/wp-content\/uploads\/2013\/10\/IMG_3023.jpg\"><img loading=\"lazy\" class=\"aligncenter size-full wp-image-4314\" title=\"IMG_3023\" src=\"http:\/\/www.portaldelolleria.es\/wp-content\/uploads\/2013\/10\/IMG_3023.jpg\" alt=\"\" width=\"598\" height=\"399\" srcset=\"http:\/\/www.portaldelolleria.es\/wp-content\/uploads\/2013\/10\/IMG_3023.jpg 598w, http:\/\/www.portaldelolleria.es\/wp-content\/uploads\/2013\/10\/IMG_3023-300x200.jpg 300w\" sizes=\"(max-width: 598px) 100vw, 598px\" \/><\/a><!--[if gte mso 9]><xml>\n<o:OfficeDocumentSettings>\n<o:TargetScreenSize>800x600<\/o:TargetScreenSize>\n<\/o:OfficeDocumentSettings>\n<\/xml><![endif]--><\/p>\n<p class=\"MsoNormal\"><em style=\"mso-bidi-font-style: normal;\"><span style=\"font-size: 12.0pt; line-height: 115%;\" lang=\"ES-TRAD\">400 personas participan en la Vuelta de Motos Cl\u00e1sicas y 160 en la Volta Ciclotur\u00edstica<\/span><\/em><\/p>\n<p class=\"MsoNormal\"><em style=\"mso-bidi-font-style: normal;\"><span style=\"font-size: 12.0pt; line-height: 115%;\" lang=\"ES-TRAD\">\u00a0<\/span><\/em><\/p>\n<p class=\"MsoNormal\" style=\"text-align: justify;\"><span style=\"font-size: 12.0pt; line-height: 115%;\" lang=\"ES-TRAD\">Las calles de L\u2019Olleria se llenaron de miles de personas a lo largo de este pasado fin de semana con la celebraci\u00f3n de la Feria del municipio. <\/span><\/p>\n<p class=\"MsoNormal\" style=\"text-align: justify;\"><span style=\"font-size: 12.0pt; line-height: 115%;\" lang=\"ES-TRAD\">Este a\u00f1o, tal y como explicaba el concejal de Feria, Juan Ricardo Ruano \u201cnuestra Feria ha contado con m\u00e1s stands, 110, as\u00ed como m\u00e1s atracciones tanto para adultos como para ni\u00f1os\u201d.<\/span><\/p>\n<p class=\"MsoNormal\" style=\"text-align: justify;\"><span style=\"font-size: 12.0pt; line-height: 115%;\" lang=\"ES-TRAD\">El balance que desde el Ayuntamiento se hace es muy positivo ya que \u201cel tiempo nos ha acompa\u00f1ado a lo largo de todos los d\u00edas de Feria y la gente ha participado masivamente en las actividades organizadas como la Volta Ciclo Tur\u00edstica el s\u00e1bado por la ma\u00f1ana en la que 160 personas recorrieron los 45 kil\u00f3metros de la Volta o la Volta de motos cl\u00e1sicas en la que participaron<span style=\"mso-spacerun: yes;\">\u00a0 <\/span>230 veh\u00edculos y 400 personas\u201d.<\/span><\/p>\n<p class=\"MsoNormal\" style=\"text-align: justify;\">\n<p class=\"MsoNormal\" style=\"text-align: justify;\"><a href=\"http:\/\/www.portaldelolleria.es\/wp-content\/uploads\/2013\/10\/inauguracion2013.jpg\"><img loading=\"lazy\" class=\"aligncenter size-full wp-image-4317\" title=\"inauguracion2013\" src=\"http:\/\/www.portaldelolleria.es\/wp-content\/uploads\/2013\/10\/inauguracion2013.jpg\" alt=\"\" width=\"598\" height=\"398\" srcset=\"http:\/\/www.portaldelolleria.es\/wp-content\/uploads\/2013\/10\/inauguracion2013.jpg 598w, http:\/\/www.portaldelolleria.es\/wp-content\/uploads\/2013\/10\/inauguracion2013-300x199.jpg 300w\" sizes=\"(max-width: 598px) 100vw, 598px\" \/><\/a><\/p>\n<p class=\"MsoNormal\" style=\"text-align: justify;\"><span style=\"font-size: 12.0pt; line-height: 115%;\" lang=\"ES-TRAD\">La inauguraci\u00f3n tuvo lugar el viernes 25 a las ocho y media de la tarde con la presencia del alcalde, Jos\u00e9 Vidal, el concejal de Feria, Juan Ricardo Ruano, resto de la Corporaci\u00f3n Municipal, Festeros y Corte de Honor y las Reinas, mayor, Mar\u00eda Momp\u00f3 Borr\u00e1s e infantil, Aitana Terol Mic\u00f3, que fueron las encargadas de cortar la cinta d\u00e1ndose en ese momento por inaugurada la Feria. La comitiva, que recorri\u00f3 todo el recinto ferial, estuvo acompa\u00f1ada por la <em style=\"mso-bidi-font-style: normal;\">grup de dances el Revol<\/em> y <em style=\"mso-bidi-font-style: normal;\">el grup de xirimiters i tabaleters la Morralla<\/em> as\u00ed como por la Agrupaci\u00f3 Escola Musical La Nova. La inauguraci\u00f3n finaliz\u00f3 con un castillo de fuegos artificiales a cargo de la pirotecnia local Nadal Mart\u00ed.<\/span><\/p>\n<p class=\"MsoNormal\" style=\"text-align: justify;\"><span style=\"font-size: 12.0pt; line-height: 115%;\" lang=\"ES-TRAD\">Este lunes es el d\u00eda del Ni\u00f1o y todas las atracciones son a 1\u20195 euros.<\/span><\/p>\n<p style=\"text-align: center;\">\u00a0Amplio reportaje fotogr\u00e1fico pulsando este <a href=\"https:\/\/plus.google.com\/photos\/108202360972759529500\/albums\/5939843318517689249?authkey=CNir_ubU75HiTg\" target=\"_blank\">enlace<\/a><a href=\"https:\/\/plus.google.com\/photos\/108202360972759529500\/albums\/5939843318517689249?authkey=CNir_ubU75HiTg\" target=\"_blank\"><img loading=\"lazy\" class=\"aligncenter size-full wp-image-4313\" title=\"galeriafira\" src=\"http:\/\/www.portaldelolleria.es\/wp-content\/uploads\/2013\/10\/galeriafira.jpg\" alt=\"\" width=\"598\" height=\"391\" srcset=\"http:\/\/www.portaldelolleria.es\/wp-content\/uploads\/2013\/10\/galeriafira.jpg 1144w, http:\/\/www.portaldelolleria.es\/wp-content\/uploads\/2013\/10\/galeriafira-300x196.jpg 300w, http:\/\/www.portaldelolleria.es\/wp-content\/uploads\/2013\/10\/galeriafira-1024x669.jpg 1024w\" sizes=\"(max-width: 598px) 100vw, 598px\" \/><\/a><\/p>\n<p>&nbsp;<\/p>\n<p>&nbsp;<\/p>\n<p>&nbsp;<\/p>\n<p>&nbsp;<\/p>\n<p>&nbsp;<\/p>\n<p>&nbsp;<\/p>\n<p>&nbsp;<\/p>\n<p>&nbsp;<\/p>\n<p>&nbsp;<\/p>\n<p>&nbsp;<\/p>\n<p>&nbsp;<\/p>\n<p>&nbsp;<\/p>\n<p>&nbsp;<\/p>\n<p>&nbsp;<\/p>\n<p>&nbsp;<\/p>\n","protected":false},"excerpt":{"rendered":"<p>400 personas participan en la Vuelta de Motos Cl\u00e1sicas y 160 en la Volta Ciclotur\u00edstica \u00a0 Las calles de L\u2019Olleria se llenaron de miles de personas a lo largo de este pasado fin de semana con la celebraci\u00f3n de la Feria del municipio. Este a\u00f1o, tal y como explicaba el concejal de Feria, Juan Ricardo [&hellip;]<\/p>\n","protected":false},"author":1,"featured_media":0,"comment_status":"closed","ping_status":"open","sticky":false,"template":"","format":"standard","meta":{"_monsterinsights_skip_tracking":false,"_monsterinsights_sitenote_active":false,"_monsterinsights_sitenote_note":"","_monsterinsights_sitenote_category":0},"categories":[16,12],"tags":[495,826],"_links":{"self":[{"href":"http:\/\/www.portaldelolleria.es\/index.php?rest_route=\/wp\/v2\/posts\/4266"}],"collection":[{"href":"http:\/\/www.portaldelolleria.es\/index.php?rest_route=\/wp\/v2\/posts"}],"about":[{"href":"http:\/\/www.portaldelolleria.es\/index.php?rest_route=\/wp\/v2\/types\/post"}],"author":[{"embeddable":true,"href":"http:\/\/www.portaldelolleria.es\/index.php?rest_route=\/wp\/v2\/users\/1"}],"replies":[{"embeddable":true,"href":"http:\/\/www.portaldelolleria.es\/index.php?rest_route=%2Fwp%2Fv2%2Fcomments&post=4266"}],"version-history":[{"count":5,"href":"http:\/\/www.portaldelolleria.es\/index.php?rest_route=\/wp\/v2\/posts\/4266\/revisions"}],"predecessor-version":[{"id":4319,"href":"http:\/\/www.portaldelolleria.es\/index.php?rest_route=\/wp\/v2\/posts\/4266\/revisions\/4319"}],"wp:attachment":[{"href":"http:\/\/www.portaldelolleria.es\/index.php?rest_route=%2Fwp%2Fv2%2Fmedia&parent=4266"}],"wp:term":[{"taxonomy":"category","embeddable":true,"href":"http:\/\/www.portaldelolleria.es\/index.php?rest_route=%2Fwp%2Fv2%2Fcategories&post=4266"},{"taxonomy":"post_tag","embeddable":true,"href":"http:\/\/www.portaldelolleria.es\/index.php?rest_route=%2Fwp%2Fv2%2Ftags&post=4266"}],"curies":[{"name":"wp","href":"https:\/\/api.w.org\/{rel}","templated":true}]}}