{"id":4304,"date":"2013-10-28T01:51:23","date_gmt":"2013-10-27T23:51:23","guid":{"rendered":"http:\/\/www.portaldelolleria.es\/?p=4304"},"modified":"2013-10-28T01:51:23","modified_gmt":"2013-10-27T23:51:23","slug":"volta-cicloturista-fira-de-l%e2%80%99olleria-memorial-rafael-ferri-mauro","status":"publish","type":"post","link":"http:\/\/www.portaldelolleria.es\/?p=4304","title":{"rendered":"Volta Cicloturista Fira de l\u2019Olleria memorial Rafael Ferri (Mauro)."},"content":{"rendered":"<div id=\"attachment_4310\" style=\"width: 608px\" class=\"wp-caption aligncenter\"><a href=\"http:\/\/www.portaldelolleria.es\/wp-content\/uploads\/2013\/10\/volta-cloturista-2013-156.jpg\"><img aria-describedby=\"caption-attachment-4310\" loading=\"lazy\" class=\"size-full wp-image-4310\" title=\"volta cloturista 2013 (156)\" src=\"http:\/\/www.portaldelolleria.es\/wp-content\/uploads\/2013\/10\/volta-cloturista-2013-156.jpg\" alt=\"\" width=\"598\" height=\"407\" srcset=\"http:\/\/www.portaldelolleria.es\/wp-content\/uploads\/2013\/10\/volta-cloturista-2013-156.jpg 1200w, http:\/\/www.portaldelolleria.es\/wp-content\/uploads\/2013\/10\/volta-cloturista-2013-156-300x204.jpg 300w, http:\/\/www.portaldelolleria.es\/wp-content\/uploads\/2013\/10\/volta-cloturista-2013-156-1024x696.jpg 1024w\" sizes=\"(max-width: 598px) 100vw, 598px\" \/><\/a><p id=\"caption-attachment-4310\" class=\"wp-caption-text\">pulse sobre la imagen para ampliar<\/p><\/div>\n<p style=\"text-align: center;\">\n<p>&nbsp;<\/p>\n<p class=\"MsoNormal\"><span style=\"mso-ansi-language: ES;\">El s\u00e1bado d\u00eda 26 de octubre celebremos nuestra vuelta a la Vall d\u2019Albaida, memorial Rafael Ferri (Mauro). Esta vuelta es para que todos los amantes de las bicis no juntemos y celebrar nuestra feria en familia. Que mejor ver gente de carreteras, de monta\u00f1a, arrastrando a su hijo, mujeres que se animan a practicar este deporte, a un que no estemos en un pueblo id\u00f3neo, por su orograf\u00eda. <\/span><\/p>\n<p class=\"MsoNormal\"><span style=\"mso-ansi-language: ES;\">A las 8:00 de la ma\u00f1ana, ya est\u00e1bamos en el parque mirando el cielo a ver si el cielo nos respetaba. Se puso las mesas para la gente se apuntaran y la gente respond\u00eda bien, a las 9:05 ya se dio por concluida la mesa y empezamos a hacer los preparativos, ver si estaba la ambulancia, la furgona de apoyo que este a\u00f1o la llevaba Ernesto, si nuestros grandes amigos Dos Rodes Clasiques, estaban preparados, la Autoescuela Ugarci y la Guardia Civil.<\/span><\/p>\n<p class=\"MsoNormal\"><span style=\"mso-ansi-language: ES;\"><a href=\"http:\/\/www.portaldelolleria.es\/wp-content\/uploads\/2013\/10\/volta-cloturista-2013-189.jpg\"><img loading=\"lazy\" class=\"aligncenter size-full wp-image-4308\" title=\"volta cloturista 2013 (189)\" src=\"http:\/\/www.portaldelolleria.es\/wp-content\/uploads\/2013\/10\/volta-cloturista-2013-189.jpg\" alt=\"\" width=\"598\" height=\"449\" srcset=\"http:\/\/www.portaldelolleria.es\/wp-content\/uploads\/2013\/10\/volta-cloturista-2013-189.jpg 598w, http:\/\/www.portaldelolleria.es\/wp-content\/uploads\/2013\/10\/volta-cloturista-2013-189-300x225.jpg 300w\" sizes=\"(max-width: 598px) 100vw, 598px\" \/><\/a><\/span><span style=\"mso-ansi-language: ES;\">Ya todo preparado y con permiso de la Polic\u00eda Local, damos la salida. En primer lugar el coche de la autoescuela, seguido por un guardia civil, al lado las motos cl\u00e1sicas, que controlan los cruces para que no pase nada, despu\u00e9s yo (Presi) que marco la velocidad, seguido de todo el mundo con sus bicis, cerrando la vuelta con otro guardia civil, la ambulancia y la furgona e apoyo.<\/span><\/p>\n<p class=\"MsoNormal\"><span style=\"mso-ansi-language: ES;\">Salimos de Oller\u00eda, direcci\u00f3n Alfarrasi, despu\u00e9s Benisuera, Sempere, Guadass\u00e9quies y Beniganim. En el trayecto, intentamos que se vaya en grupo, ya que es una vuelta controlada. Que decir al girar la cabeza y ver esa serpiente multicolor que forman los 130 participantes de este a\u00f1o, superando otras ediciones, y ver el buen comportamiento de ellos, ver gente de diferentes edades, algunos incluso con carros tirando de sus hijos. Llegamos a Beniganim donde nos recoge el polic\u00eda Local de esta poblaci\u00f3n y nos acompa\u00f1a por dentro de ella y hacer m\u00e1s espectacular esta vuelta. Llegamos al bar La Ortisa, donde est\u00e1 preparado el almuerzo, aparcamos las bicis y nos sentamos para degustar el bocadillo en buena compa\u00f1\u00eda. Es una pasada ver tantos ciclistas con sus diferentes trajes, es una pasada. Con permiso de todo el mundo tengo unas palabras en recuerdo de nuestro compa\u00f1ero \u201cMauro\u201d donde doy a conocer que el dinero recaudado es para el almuerzo y para hacerle un centro, que a la tarde lo llevaremos al cementerio, en recuerdo de todos los amantes de la bici, ya que este dia fue el uno de los organizadores. Despu\u00e9s la foto de rigor y vuelta al pueblo pasando por Alfarrasi. A la llegada esta la polic\u00eda local de Olleria esper\u00e1ndonos y entr\u00e1ndonos al Pueblo y a sin hacer m\u00e1s bella la vuelta a casa.<\/span><\/p>\n<p class=\"MsoNormal\">\n<p class=\"MsoNormal\"><a href=\"http:\/\/www.portaldelolleria.es\/wp-content\/uploads\/2013\/10\/volta-cloturista-2013-30.jpg\"><img loading=\"lazy\" class=\"aligncenter size-full wp-image-4309\" title=\"volta cloturista 2013 (30)\" src=\"http:\/\/www.portaldelolleria.es\/wp-content\/uploads\/2013\/10\/volta-cloturista-2013-30.jpg\" alt=\"\" width=\"598\" height=\"449\" srcset=\"http:\/\/www.portaldelolleria.es\/wp-content\/uploads\/2013\/10\/volta-cloturista-2013-30.jpg 598w, http:\/\/www.portaldelolleria.es\/wp-content\/uploads\/2013\/10\/volta-cloturista-2013-30-300x225.jpg 300w\" sizes=\"(max-width: 598px) 100vw, 598px\" \/><\/a><\/p>\n<p class=\"MsoNormal\"><span style=\"mso-ansi-language: ES;\">Yo como presidente y como representarte del club, quiero dar las gracias a las personas que desinteresadamente nos apoyan para poder celebrar esta vuelta; Ayuntamiento, Polic\u00eda Local de Olleria y Beniganim, Protecci\u00f3n Civil, nuestros grandes amigos Dos Rodes Clasiques, la Autoescuela Ugarci, Joan (Centre Juvenil), y como no el m\u00e9dico (Miguel Corbellas) que nos hizo un gran favor viniendo a \u00faltima hora, ya que se nos puso malo el que ten\u00eda que venir y como no,\u00a0 a todos los participantes, que hacen que este d\u00eda sea un gran d\u00eda para el club.<span style=\"mso-spacerun: yes;\">\u00a0\u00a0<\/span><span style=\"mso-ansi-language: ES;\">\u00a0 <\/span>Las fotos las podr\u00e9is ver en este <a title=\"Pulse aqui para ver fotos en la web de cap amunt\" href=\"http:\/\/www.cccapamunt.com\/fotos\/thumbnails.php?album=277\" target=\"_blank\"><strong>enlace<\/strong><\/a> , y si alguien quiere que se la envi\u00e9 no dud\u00e9is en ped\u00edrmelo. Solo dar las gracias a todo el mundo y esperar que haya sido de vuestro agrado y os esperamos al a\u00f1o que viene. \u201c AMUNT\u201d<\/span><\/p>\n","protected":false},"excerpt":{"rendered":"<p>&nbsp; El s\u00e1bado d\u00eda 26 de octubre celebremos nuestra vuelta a la Vall d\u2019Albaida, memorial Rafael Ferri (Mauro). Esta vuelta es para que todos los amantes de las bicis no juntemos y celebrar nuestra feria en familia. Que mejor ver gente de carreteras, de monta\u00f1a, arrastrando a su hijo, mujeres que se animan a practicar [&hellip;]<\/p>\n","protected":false},"author":1,"featured_media":0,"comment_status":"closed","ping_status":"open","sticky":false,"template":"","format":"standard","meta":{"_monsterinsights_skip_tracking":false,"_monsterinsights_sitenote_active":false,"_monsterinsights_sitenote_note":"","_monsterinsights_sitenote_category":0},"categories":[9,12],"tags":[219,826,825,823,824],"_links":{"self":[{"href":"http:\/\/www.portaldelolleria.es\/index.php?rest_route=\/wp\/v2\/posts\/4304"}],"collection":[{"href":"http:\/\/www.portaldelolleria.es\/index.php?rest_route=\/wp\/v2\/posts"}],"about":[{"href":"http:\/\/www.portaldelolleria.es\/index.php?rest_route=\/wp\/v2\/types\/post"}],"author":[{"embeddable":true,"href":"http:\/\/www.portaldelolleria.es\/index.php?rest_route=\/wp\/v2\/users\/1"}],"replies":[{"embeddable":true,"href":"http:\/\/www.portaldelolleria.es\/index.php?rest_route=%2Fwp%2Fv2%2Fcomments&post=4304"}],"version-history":[{"count":4,"href":"http:\/\/www.portaldelolleria.es\/index.php?rest_route=\/wp\/v2\/posts\/4304\/revisions"}],"predecessor-version":[{"id":4312,"href":"http:\/\/www.portaldelolleria.es\/index.php?rest_route=\/wp\/v2\/posts\/4304\/revisions\/4312"}],"wp:attachment":[{"href":"http:\/\/www.portaldelolleria.es\/index.php?rest_route=%2Fwp%2Fv2%2Fmedia&parent=4304"}],"wp:term":[{"taxonomy":"category","embeddable":true,"href":"http:\/\/www.portaldelolleria.es\/index.php?rest_route=%2Fwp%2Fv2%2Fcategories&post=4304"},{"taxonomy":"post_tag","embeddable":true,"href":"http:\/\/www.portaldelolleria.es\/index.php?rest_route=%2Fwp%2Fv2%2Ftags&post=4304"}],"curies":[{"name":"wp","href":"https:\/\/api.w.org\/{rel}","templated":true}]}}