{"id":4326,"date":"2013-10-29T14:59:28","date_gmt":"2013-10-29T12:59:28","guid":{"rendered":"http:\/\/www.portaldelolleria.es\/?p=4326"},"modified":"2013-10-29T14:59:28","modified_gmt":"2013-10-29T12:59:28","slug":"l%e2%80%99olleria-amplia-el-servicio-especial-de-transporte-para-el-31-y-1-de-noviembre","status":"publish","type":"post","link":"http:\/\/www.portaldelolleria.es\/?p=4326","title":{"rendered":"L\u2019Olleria ampl\u00eda el servicio especial de transporte para  el 31 y 1 de noviembre"},"content":{"rendered":"<p><a href=\"http:\/\/www.portaldelolleria.es\/wp-content\/uploads\/2013\/10\/cementerio.jpg\"><img loading=\"lazy\" class=\"aligncenter size-full wp-image-4327\" title=\"cementerio\" src=\"http:\/\/www.portaldelolleria.es\/wp-content\/uploads\/2013\/10\/cementerio.jpg\" alt=\"\" width=\"598\" height=\"398\" srcset=\"http:\/\/www.portaldelolleria.es\/wp-content\/uploads\/2013\/10\/cementerio.jpg 598w, http:\/\/www.portaldelolleria.es\/wp-content\/uploads\/2013\/10\/cementerio-300x199.jpg 300w\" sizes=\"(max-width: 598px) 100vw, 598px\" \/><\/a><\/p>\n<p>&nbsp;<\/p>\n<p>&nbsp;<\/p>\n<p class=\"MsoNormal\" style=\"text-align: justify;\"><span style=\"font-size: 12.0pt; line-height: 115%;\" lang=\"ES-TRAD\">El Ayuntamiento de L\u2019Olleria a trav\u00e9s de la concejal\u00eda de Seguridad Ciudadana volver\u00e1 a poner en marcha el servicio especial de transporte con motivo de la Festividad de Todos los Santos. <\/span><\/p>\n<p class=\"MsoNormal\" style=\"text-align: justify;\"><span style=\"font-size: 12.0pt; line-height: 115%;\" lang=\"ES-TRAD\">As\u00ed lo ha explicado el alcalde y concejal del \u00e1rea, Jos\u00e9 Vidal quien ha subrayado que \u201ceste a\u00f1o hemos querido ampliar este servicio por lo que tambi\u00e9n se realizar\u00e1 el jueves por la tarde, d\u00eda previo a la festividad\u201d. <\/span><\/p>\n<p class=\"MsoNormal\" style=\"text-align: justify;\"><span style=\"font-size: 12.0pt; line-height: 115%;\" lang=\"ES-TRAD\">Recordemos que este es el segundo a\u00f1o que se pone en funcionamiento este servicio de transporte que cuenta con la colaboraci\u00f3n de los miembros de Protecci\u00f3n Civil de L\u2019Olleria ya que son ellos los que, previa solicitud del servicio, llevar\u00e1n a los vecinos que lo solicitan al cementerio. De tal manera que \u201clos voluntarios de Protecci\u00f3n Civil estar\u00e1n el jueves por la tarde y el viernes durante todo el d\u00eda realizando el servicio de transporte especial que ir\u00e1 dirigido exclusivamente a las personas mayores y a las personas con movilidad reducida\u201d a\u00f1adiendo que \u201c\u00e9stas podr\u00e1n solicitar este servicio llamando a la Polic\u00eda Local, 962200411, bien previamente o el mismo viernes 1 de noviembre\u201d.<\/span><\/p>\n<p class=\"MsoNormal\" style=\"text-align: justify;\"><span style=\"font-size: 12.0pt; line-height: 115%;\" lang=\"ES-TRAD\">En cuanto a los horarios de apertura del Cementerio para la Festividad de Todos los Santos ser\u00e1 desde las nueve de la ma\u00f1ana hasta las seis de la tarde ininterrumpidamente.<\/span><\/p>\n<p class=\"MsoNormal\" style=\"text-align: justify;\"><span style=\"font-size: 12.0pt; line-height: 115%;\" lang=\"ES-TRAD\">Por \u00faltimo, el alcalde ha comentado que \u201cse han acondicionado los accesos peatonales al Cementerio para facilitar el tr\u00e1nsito por ellos a todas aquellas personas que decidan ir andando\u201d. <\/span><\/p>\n","protected":false},"excerpt":{"rendered":"<p>&nbsp; &nbsp; El Ayuntamiento de L\u2019Olleria a trav\u00e9s de la concejal\u00eda de Seguridad Ciudadana volver\u00e1 a poner en marcha el servicio especial de transporte con motivo de la Festividad de Todos los Santos. As\u00ed lo ha explicado el alcalde y concejal del \u00e1rea, Jos\u00e9 Vidal quien ha subrayado que \u201ceste a\u00f1o hemos querido ampliar este [&hellip;]<\/p>\n","protected":false},"author":1,"featured_media":0,"comment_status":"closed","ping_status":"open","sticky":false,"template":"","format":"standard","meta":{"_monsterinsights_skip_tracking":false,"_monsterinsights_sitenote_active":false,"_monsterinsights_sitenote_note":"","_monsterinsights_sitenote_category":0},"categories":[3,12],"tags":[458,20,830,829],"_links":{"self":[{"href":"http:\/\/www.portaldelolleria.es\/index.php?rest_route=\/wp\/v2\/posts\/4326"}],"collection":[{"href":"http:\/\/www.portaldelolleria.es\/index.php?rest_route=\/wp\/v2\/posts"}],"about":[{"href":"http:\/\/www.portaldelolleria.es\/index.php?rest_route=\/wp\/v2\/types\/post"}],"author":[{"embeddable":true,"href":"http:\/\/www.portaldelolleria.es\/index.php?rest_route=\/wp\/v2\/users\/1"}],"replies":[{"embeddable":true,"href":"http:\/\/www.portaldelolleria.es\/index.php?rest_route=%2Fwp%2Fv2%2Fcomments&post=4326"}],"version-history":[{"count":1,"href":"http:\/\/www.portaldelolleria.es\/index.php?rest_route=\/wp\/v2\/posts\/4326\/revisions"}],"predecessor-version":[{"id":4328,"href":"http:\/\/www.portaldelolleria.es\/index.php?rest_route=\/wp\/v2\/posts\/4326\/revisions\/4328"}],"wp:attachment":[{"href":"http:\/\/www.portaldelolleria.es\/index.php?rest_route=%2Fwp%2Fv2%2Fmedia&parent=4326"}],"wp:term":[{"taxonomy":"category","embeddable":true,"href":"http:\/\/www.portaldelolleria.es\/index.php?rest_route=%2Fwp%2Fv2%2Fcategories&post=4326"},{"taxonomy":"post_tag","embeddable":true,"href":"http:\/\/www.portaldelolleria.es\/index.php?rest_route=%2Fwp%2Fv2%2Ftags&post=4326"}],"curies":[{"name":"wp","href":"https:\/\/api.w.org\/{rel}","templated":true}]}}