{"id":4356,"date":"2013-11-04T16:04:44","date_gmt":"2013-11-04T14:04:44","guid":{"rendered":"http:\/\/www.portaldelolleria.es\/?p=4356"},"modified":"2013-11-04T19:09:49","modified_gmt":"2013-11-04T17:09:49","slug":"el-alcalde-felicita-a-los-dos-agentes-que-actuaron-en-el-rescate-de-una-mujer-este-fin-de-semana","status":"publish","type":"post","link":"http:\/\/www.portaldelolleria.es\/?p=4356","title":{"rendered":"El alcalde felicita a los dos agentes que actuaron en el rescate de una mujer este fin de semana"},"content":{"rendered":"<p><a href=\"http:\/\/www.portaldelolleria.es\/wp-content\/uploads\/2013\/11\/policia.jpg\"><img loading=\"lazy\" class=\"aligncenter size-full wp-image-4357\" title=\"policia\" src=\"http:\/\/www.portaldelolleria.es\/wp-content\/uploads\/2013\/11\/policia.jpg\" alt=\"\" width=\"598\" height=\"398\" srcset=\"http:\/\/www.portaldelolleria.es\/wp-content\/uploads\/2013\/11\/policia.jpg 598w, http:\/\/www.portaldelolleria.es\/wp-content\/uploads\/2013\/11\/policia-300x199.jpg 300w\" sizes=\"(max-width: 598px) 100vw, 598px\" \/><\/a><\/p>\n<p>&nbsp;<\/p>\n<p>&nbsp;<\/p>\n<p class=\"MsoNormal\" style=\"text-align: justify; tab-stops: 35.4pt 70.8pt 106.2pt 141.6pt 177.0pt 212.4pt 247.8pt 283.2pt 318.6pt 354.0pt 389.4pt 424.8pt 460.2pt 495.6pt; mso-layout-grid-align: none; text-autospace: none;\"><span style=\"font-size: 12.0pt; line-height: 115%; mso-bidi-font-family: Calibri; mso-ansi-language: ES; mso-fareast-language: ES;\">El alcalde de L\u2019Olleria y concejal de Seguridad Ciudadana, Jos\u00e9 Vidal Oltra, ha recibido esta misma ma\u00f1ana a los dos agentes de la Polic\u00eda Local que el pasado domingo, 03 de noviembre, actuaron en el rescate de una mujer que sufri\u00f3 un accidente en el paraje de la Cova de San Nicolau. <\/span><\/p>\n<p class=\"MsoNormal\" style=\"text-align: justify; tab-stops: 35.4pt 70.8pt 106.2pt 141.6pt 177.0pt 212.4pt 247.8pt 283.2pt 318.6pt 354.0pt 389.4pt 424.8pt 460.2pt 495.6pt; mso-layout-grid-align: none; text-autospace: none;\"><span style=\"font-size: 12.0pt; line-height: 115%; mso-bidi-font-family: Calibri; mso-ansi-language: ES; mso-fareast-language: ES;\">Los agentes, Eliseo Calatayud Pla y Juan Manuel Serrano Romero, se encontraban de servicio cuando recibieron, sobre las 12:30 del mediod\u00eda, la llamada de un vecino que comunicaba que una mujer hab\u00eda sufrido una ca\u00edda<span style=\"mso-spacerun: yes;\">\u00a0 <\/span>mientras realizaba senderismo por el paraje de la Cova San Nicolau.<\/span><\/p>\n<p class=\"MsoNormal\" style=\"text-align: justify; tab-stops: 35.4pt 70.8pt 106.2pt 141.6pt 177.0pt 212.4pt 247.8pt 283.2pt 318.6pt 354.0pt 389.4pt 424.8pt 460.2pt 495.6pt; mso-layout-grid-align: none; text-autospace: none;\"><span style=\"font-size: 12.0pt; line-height: 115%; mso-bidi-font-family: Calibri; mso-ansi-language: ES; mso-fareast-language: ES;\">Tal y como han relatado los agentes, cuando llegaron al lugar, la mujer, vecina de L\u2019Olleria, se encontraba herida tras la ca\u00edda y ante la imposibilidad de ser rescatada por los agentes de la Polic\u00eda Local, debido a lo escarpado del terreno, solicitaron al 112 un equipo de rescate del parque de bomberos de Ontinyent. Adem\u00e1s de los bomberos, \u201ctambi\u00e9n fue necesaria la colaboraci\u00f3n de una brigada forestal de emergencias de Castell\u00f3 de Rugat junto con un SAMU y una patrulla de la Guardia Civil\u201d. Adem\u00e1s, los agentes han confirmado que \u201csi bien en un principio se pens\u00f3 en llamar a un helic\u00f3ptero de rescate, finalmente no fue necesario\u201d. <\/span><\/p>\n<p class=\"MsoNormal\" style=\"text-align: justify; tab-stops: 35.4pt 70.8pt 106.2pt 141.6pt 177.0pt 212.4pt 247.8pt 283.2pt 318.6pt 354.0pt 389.4pt 424.8pt 460.2pt 495.6pt; mso-layout-grid-align: none; text-autospace: none;\"><span style=\"font-size: 12.0pt; line-height: 115%; mso-bidi-font-family: Calibri; mso-ansi-language: ES; mso-fareast-language: ES;\">Tras su rescate, la mujer fue trasladada en ambulancia, sobre las tres de la tarde, al Hospital Llu\u00eds Alca\u00f1iz de X\u00e0tiva con \u201ccontusiones y si bien en un principio, sobre el terreno, se pens\u00f3 que podr\u00eda tratarse de una fractura de costillas, finalmente se confirmaba que la paciente presenta fisura de pelvis y coxis\u201d. <\/span><\/p>\n<p class=\"MsoNormal\" style=\"text-align: justify; tab-stops: 35.4pt 70.8pt 106.2pt 141.6pt 177.0pt 212.4pt 247.8pt 283.2pt 318.6pt 354.0pt 389.4pt 424.8pt 460.2pt 495.6pt; mso-layout-grid-align: none; text-autospace: none;\"><span style=\"font-size: 12.0pt; line-height: 115%; mso-bidi-font-family: Calibri; mso-ansi-language: ES; mso-fareast-language: ES;\">Jos\u00e9 Vidal ha felicitado a los dos agentes locales \u201cpor su r\u00e1pida actuaci\u00f3n y su buen trabajo en la coordinaci\u00f3n del resto de servicios de emergencias, bomberos, brigada forestal de emergencia, Guardia Civil y SAMU, <span style=\"mso-spacerun: yes;\">\u00a0<\/span>a los que les felicito y les agradezco, igualmente, su excelente labor en este suceso\u201d. <\/span><\/p>\n","protected":false},"excerpt":{"rendered":"<p>&nbsp; &nbsp; El alcalde de L\u2019Olleria y concejal de Seguridad Ciudadana, Jos\u00e9 Vidal Oltra, ha recibido esta misma ma\u00f1ana a los dos agentes de la Polic\u00eda Local que el pasado domingo, 03 de noviembre, actuaron en el rescate de una mujer que sufri\u00f3 un accidente en el paraje de la Cova de San Nicolau. Los [&hellip;]<\/p>\n","protected":false},"author":1,"featured_media":0,"comment_status":"closed","ping_status":"open","sticky":false,"template":"","format":"standard","meta":{"_monsterinsights_skip_tracking":false,"_monsterinsights_sitenote_active":false,"_monsterinsights_sitenote_note":"","_monsterinsights_sitenote_category":0},"categories":[3,12],"tags":[838,20,446,837],"_links":{"self":[{"href":"http:\/\/www.portaldelolleria.es\/index.php?rest_route=\/wp\/v2\/posts\/4356"}],"collection":[{"href":"http:\/\/www.portaldelolleria.es\/index.php?rest_route=\/wp\/v2\/posts"}],"about":[{"href":"http:\/\/www.portaldelolleria.es\/index.php?rest_route=\/wp\/v2\/types\/post"}],"author":[{"embeddable":true,"href":"http:\/\/www.portaldelolleria.es\/index.php?rest_route=\/wp\/v2\/users\/1"}],"replies":[{"embeddable":true,"href":"http:\/\/www.portaldelolleria.es\/index.php?rest_route=%2Fwp%2Fv2%2Fcomments&post=4356"}],"version-history":[{"count":2,"href":"http:\/\/www.portaldelolleria.es\/index.php?rest_route=\/wp\/v2\/posts\/4356\/revisions"}],"predecessor-version":[{"id":4359,"href":"http:\/\/www.portaldelolleria.es\/index.php?rest_route=\/wp\/v2\/posts\/4356\/revisions\/4359"}],"wp:attachment":[{"href":"http:\/\/www.portaldelolleria.es\/index.php?rest_route=%2Fwp%2Fv2%2Fmedia&parent=4356"}],"wp:term":[{"taxonomy":"category","embeddable":true,"href":"http:\/\/www.portaldelolleria.es\/index.php?rest_route=%2Fwp%2Fv2%2Fcategories&post=4356"},{"taxonomy":"post_tag","embeddable":true,"href":"http:\/\/www.portaldelolleria.es\/index.php?rest_route=%2Fwp%2Fv2%2Ftags&post=4356"}],"curies":[{"name":"wp","href":"https:\/\/api.w.org\/{rel}","templated":true}]}}