{"id":4413,"date":"2013-11-12T02:29:46","date_gmt":"2013-11-12T00:29:46","guid":{"rendered":"http:\/\/www.portaldelolleria.es\/?p=4413"},"modified":"2013-11-12T02:29:46","modified_gmt":"2013-11-12T00:29:46","slug":"campeonato-de-taekwondo-senior","status":"publish","type":"post","link":"http:\/\/www.portaldelolleria.es\/?p=4413","title":{"rendered":"CAMPEONATO DE TAEKWONDO SENIOR"},"content":{"rendered":"<p>&nbsp;<\/p>\n<p>&nbsp;<\/p>\n<p><a href=\"http:\/\/www.portaldelolleria.es\/wp-content\/uploads\/2013\/11\/AUTONOMIC-SENIOR2.jpg\"><img loading=\"lazy\" class=\"aligncenter size-full wp-image-4416\" title=\"AUTONOMIC SENIOR2\" src=\"http:\/\/www.portaldelolleria.es\/wp-content\/uploads\/2013\/11\/AUTONOMIC-SENIOR2.jpg\" alt=\"\" width=\"598\" height=\"382\" srcset=\"http:\/\/www.portaldelolleria.es\/wp-content\/uploads\/2013\/11\/AUTONOMIC-SENIOR2.jpg 598w, http:\/\/www.portaldelolleria.es\/wp-content\/uploads\/2013\/11\/AUTONOMIC-SENIOR2-300x191.jpg 300w\" sizes=\"(max-width: 598px) 100vw, 598px\" \/><\/a><\/p>\n<p>&nbsp;<\/p>\n<p class=\"MsoNormal\"><span style=\"font-size: 12.0pt; line-height: 115%; mso-bidi-font-weight: bold;\">Este s\u00e1bado 9 de noviembre y en la poblaci\u00f3n de Alberic, se realiz\u00f3 el Campeonato Auton\u00f3mico S\u00e9nior, la categor\u00eda reina de este deporte. De nuestras escuelas participaron dos componentes, el competidor Oscar Salamanca en -80kg y el maestro y tambi\u00e9n competidor David Ure\u00f1a en -54kg. y uno por el Club Deportivo Fernando de L&#8217;Olleria, el competidor Luis Montero de Ontinyent en -87kg. Decir tambi\u00e9n que los tres y todo el equipo de las escuelas de Taekwondo, compiten en nombre del Club Deportivo Fernando de nuestro pueblo.<\/span><\/p>\n<p class=\"MsoNormal\"><span style=\"font-size: 12.0pt; line-height: 115%; mso-bidi-font-weight: bold;\">Esta competici\u00f3n es clasificatoria para el Campeonato de Espa\u00f1a. Los resultados de nuestros competidores fueran los siguientes: <\/span><\/p>\n<p class=\"MsoNormal\"><span style=\"font-size: 12.0pt; line-height: 115%; mso-bidi-font-weight: bold;\">Luis Montero estaba clasificado directamente para la final, por incomparecencia de su rival en semifinales, en la final compiti\u00f3 con Eugenio Ma\u00f1ez del gimnasio Al-Moo-Kwan de Sueca, en un buen y complicado combate Luis consigui\u00f3 ganar por 8-6 y as\u00ed se proclamo Campe\u00f3n Auton\u00f3mico.<\/span><\/p>\n<p class=\"MsoNormal\"><span style=\"font-size: 12.0pt; line-height: 115%; mso-bidi-font-weight: bold;\">David Ure\u00f1a tambi\u00e9n estaba clasificado para la final donde esperaba el competidor del siempre dif\u00edcil gimnasio Olimpo de Sedav\u00ed Javier Chicote, David estaba haciendo muy buen combate y aguantando muy bien las embestidas del rival pero una desafortunada patada de Javier retir\u00f3 a David por lesi\u00f3n quedando subcampe\u00f3n y con muchas posibilidades de poder clasificarse para el campeonato de Espa\u00f1a.<\/span><\/p>\n<p class=\"MsoNormal\"><span style=\"font-size: 12.0pt; line-height: 115%; mso-bidi-font-weight: bold;\">Para acabar lleg\u00f3 el turno de Oscar Salamanca que ten\u00eda una liguilla m\u00e1s complicada, el primer combate fue Ram\u00f3n Manzanares del ILL de Valencia, tercero de Espa\u00f1a 2013 en categor\u00eda J\u00fanior, gana Oscar por un contundente 10-3, en semifinales se encontrar\u00eda con el competidor del Taekwondo Paterna Rub\u00e9n Navarrete, Oscar en un gran combate, le gan\u00f3 por un amplio 8-1, llegando a la final donde esperaba el experimentado y reconocido competidor del gimnasio Jayan de Alicante Carlos Moreno, como era de esperar, fue un combate muy igualado, hasta el final del tercero y \u00faltimo asalto, donde llegaban en un marcador de 0-0, a falta de 10 segundos para acabar Oscar iba perdiendo por 0-1, Oscar en una gran acci\u00f3n final a la cabeza que consigui\u00f3 impactar y as\u00ed subir los tres puntos que le dar\u00eda la final y proclamarse Campe\u00f3n Auton\u00f3mico y es serio aspirante al campeonato de Espa\u00f1a.<\/span><\/p>\n<p class=\"MsoNormal\"><span style=\"font-size: 12.0pt; line-height: 115%; mso-bidi-font-weight: bold;\">Ahora a esperar la copa que da las plazas definitivas para el Campeonato de Espa\u00f1a. <\/span><\/p>\n<p class=\"MsoNormal\"><span style=\"font-size: 12.0pt; line-height: 115%; mso-bidi-font-weight: bold;\">Tambi\u00e9n y gracias a estos grandes resultados y del trabajo del equipo durante todo el a\u00f1o, el equipo masculino, qued\u00f3 Subcampe\u00f3n Auton\u00f3mico por Equipos. <\/span><\/p>\n<p class=\"MsoNormal\"><span style=\"font-size: 12.0pt; line-height: 115%; mso-bidi-font-weight: bold;\">En esta competici\u00f3n tambi\u00e9n ten\u00eda que competir Andrea Oltra, pero los estudios no se lo permitieron, esperamos volver a vera esta gran campeona muy pronto por los tatamis. <\/span><\/p>\n<p class=\"MsoNormal\"><span style=\"font-size: 12.0pt; line-height: 115%; mso-bidi-font-weight: bold;\">Ahora ya queda el \u00faltimo campeonato de este 2013 que ser\u00e1 el fin de semana 21-22 de diciembre a Marine d&#8217;Or, Oropesa del Mar (Castell\u00f3n) , ser\u00e1n la Copa del Rey y el Campeonato de Espa\u00f1a por Clubes, a este \u00faltimo seguro que participaremos con un gran equipo.<\/span><\/p>\n<p class=\"MsoNormal\"><span style=\"font-size: 12.0pt; line-height: 115%; mso-bidi-font-weight: bold;\">Enhorabuena a los tres y a el equipo por ese merecido segundo lugar.<\/span><\/p>\n<p class=\"MsoNormal\">\n<p class=\"MsoNormal\"><a href=\"http:\/\/www.portaldelolleria.es\/wp-content\/uploads\/2013\/11\/AUTONOMIC-SENIOR.jpg\"><img loading=\"lazy\" class=\"aligncenter size-full wp-image-4415\" title=\"AUTONOMIC SENIOR\" src=\"http:\/\/www.portaldelolleria.es\/wp-content\/uploads\/2013\/11\/AUTONOMIC-SENIOR.jpg\" alt=\"\" width=\"598\" height=\"287\" srcset=\"http:\/\/www.portaldelolleria.es\/wp-content\/uploads\/2013\/11\/AUTONOMIC-SENIOR.jpg 598w, http:\/\/www.portaldelolleria.es\/wp-content\/uploads\/2013\/11\/AUTONOMIC-SENIOR-300x143.jpg 300w\" sizes=\"(max-width: 598px) 100vw, 598px\" \/><\/a><\/p>\n<p class=\"MsoNormal\">\n<p class=\"MsoNormal\"><span style=\"color: #000000;\">LA ESCUELA MUNICIPAL DE TAEKWONDO DE L&#8217;OLLERIA PARTICIP\u00d3 CON <\/span><br \/>\n<span style=\"color: #000000;\">4 COMPETIDORES CON MUCHA EXPERIENCIA EN ESTE TIPO DE CAMPEONATOS<\/span><br \/>\n<span style=\"color: #000000;\">Y CON UN CORRICULUM A NIVEL AUTON\u00d3MICO Y NACIONAL MUY BUENO:<\/span><\/p>\n<p><span style=\"color: #000000;\">ANDREA OLTRA: MENOS DE 57 K<\/span><br \/>\n<span style=\"color: #000000;\">4 VECES CAMPEONA AUTON\u00d3MICA<\/span><br \/>\n<span style=\"color: #000000;\">MEDALLA DE BRONCE EN EL CAMPEONATO DE ESPA\u00d1A JUNIOR<\/span><\/p>\n<p><span style=\"color: #000000;\">OSCAR SALAMANCA: MENOS DE 80 K<\/span><br \/>\n<span style=\"color: #000000;\">6 VECES CAMPE\u00d3N AUTON\u00d3MICO<\/span><br \/>\n<span style=\"color: #000000;\">CAMPE\u00d3N DE ESPA\u00d1A POR CLUBES<\/span><br \/>\n<span style=\"color: #000000;\">SUBCAMPE\u00d3N DE ESPA\u00d1A SUB21<\/span><br \/>\n<span style=\"color: #000000;\">MEDALLA DE BRONCE EN EL CAMPEONATO DE ESPA\u00d1A JUNIOR<\/span><\/p>\n<p><span style=\"color: #000000;\">DAVID URE\u00d1A: MENOS DE 54 K<\/span><br \/>\n<span style=\"color: #000000;\">2 VECES CAMPE\u00d3N AUTON\u00d3MICO<\/span><\/p>\n<p><span style=\"color: #000000;\">LUIS MONTERO: MENOS DE 87 K<\/span><br \/>\n<span style=\"color: #000000;\">2 VECES CAMPE\u00d3N AUTON\u00d3MICO<\/span><\/p>\n","protected":false},"excerpt":{"rendered":"<p>&nbsp; &nbsp; &nbsp; Este s\u00e1bado 9 de noviembre y en la poblaci\u00f3n de Alberic, se realiz\u00f3 el Campeonato Auton\u00f3mico S\u00e9nior, la categor\u00eda reina de este deporte. De nuestras escuelas participaron dos componentes, el competidor Oscar Salamanca en -80kg y el maestro y tambi\u00e9n competidor David Ure\u00f1a en -54kg. y uno por el Club Deportivo Fernando [&hellip;]<\/p>\n","protected":false},"author":1,"featured_media":0,"comment_status":"closed","ping_status":"open","sticky":false,"template":"","format":"standard","meta":{"_monsterinsights_skip_tracking":false,"_monsterinsights_sitenote_active":false,"_monsterinsights_sitenote_note":"","_monsterinsights_sitenote_category":0},"categories":[9,12],"tags":[208,111,844,20,146,19],"_links":{"self":[{"href":"http:\/\/www.portaldelolleria.es\/index.php?rest_route=\/wp\/v2\/posts\/4413"}],"collection":[{"href":"http:\/\/www.portaldelolleria.es\/index.php?rest_route=\/wp\/v2\/posts"}],"about":[{"href":"http:\/\/www.portaldelolleria.es\/index.php?rest_route=\/wp\/v2\/types\/post"}],"author":[{"embeddable":true,"href":"http:\/\/www.portaldelolleria.es\/index.php?rest_route=\/wp\/v2\/users\/1"}],"replies":[{"embeddable":true,"href":"http:\/\/www.portaldelolleria.es\/index.php?rest_route=%2Fwp%2Fv2%2Fcomments&post=4413"}],"version-history":[{"count":2,"href":"http:\/\/www.portaldelolleria.es\/index.php?rest_route=\/wp\/v2\/posts\/4413\/revisions"}],"predecessor-version":[{"id":4418,"href":"http:\/\/www.portaldelolleria.es\/index.php?rest_route=\/wp\/v2\/posts\/4413\/revisions\/4418"}],"wp:attachment":[{"href":"http:\/\/www.portaldelolleria.es\/index.php?rest_route=%2Fwp%2Fv2%2Fmedia&parent=4413"}],"wp:term":[{"taxonomy":"category","embeddable":true,"href":"http:\/\/www.portaldelolleria.es\/index.php?rest_route=%2Fwp%2Fv2%2Fcategories&post=4413"},{"taxonomy":"post_tag","embeddable":true,"href":"http:\/\/www.portaldelolleria.es\/index.php?rest_route=%2Fwp%2Fv2%2Ftags&post=4413"}],"curies":[{"name":"wp","href":"https:\/\/api.w.org\/{rel}","templated":true}]}}