{"id":4424,"date":"2013-11-13T03:41:56","date_gmt":"2013-11-13T01:41:56","guid":{"rendered":"http:\/\/www.portaldelolleria.es\/?p=4424"},"modified":"2013-11-13T03:41:56","modified_gmt":"2013-11-13T01:41:56","slug":"carlos-albinana-brillante-porvenir","status":"publish","type":"post","link":"http:\/\/www.portaldelolleria.es\/?p=4424","title":{"rendered":"Carlos Albi\u00f1ana, brillante porvenir"},"content":{"rendered":"<p>&nbsp;<\/p>\n<p><a href=\"http:\/\/www.portaldelolleria.es\/wp-content\/uploads\/2013\/11\/carlos.jpg\"><img loading=\"lazy\" class=\"aligncenter size-full wp-image-4425\" title=\"carlos\" src=\"http:\/\/www.portaldelolleria.es\/wp-content\/uploads\/2013\/11\/carlos.jpg\" alt=\"\" width=\"598\" height=\"398\" srcset=\"http:\/\/www.portaldelolleria.es\/wp-content\/uploads\/2013\/11\/carlos.jpg 598w, http:\/\/www.portaldelolleria.es\/wp-content\/uploads\/2013\/11\/carlos-300x199.jpg 300w\" sizes=\"(max-width: 598px) 100vw, 598px\" \/><\/a><\/p>\n<div dir=\"ltr\">\n<p>El pasado 9-11-2013 se celebro la 7\u00aa jornada de \u00a0liga de la tercera regional \u00a0juvenil en su grupo 9\u00ba, donde milita nuestro juvenil de la Escuela de Futbol Base de L&#8217;Olleria.<\/p>\n<div>Por incomparecencia del portero titular del equipo, le toc\u00f3 la dif\u00edcil papeleta de suplir a su compa\u00f1ero de escuela al cadete, de 1\u00ba a\u00f1o, Carlos Albi\u00f1ana Such con tan solo 14 a\u00f1os,\u00a0 tuvo una actuacion memorable, demostrando madurez y un total control de los nervios , con su actuaci\u00f3n, contagi\u00f3 a sus compa\u00f1eros que tras empezar perdiendo en el marcador por 0-1 , fueron capaces de remontar y ponerse por delante por 2-1 . El momento cumbre vino cuando a falta de 5 minutos para el final del partido, el equipo local fue castigado con una penalty que paro Carlos en un alarde de reflejos y rapidez.<\/div>\n<div>LEAL con su pueblo que lo vio nacer y mas all\u00e1 de tentaciones externas para jugar en categorias superiores en otros pueblos de la comarca, este chaval defiende el escudo de su PUEBLO \u00a0con orgullo y tes\u00f3n,\u00a0 gracias Carlos y ENHORABUENA por todo, pero no te \u00a0olvides que hay mucho camino a\u00fan por andar y no va a ser f\u00e1cil.<\/div>\n<div>Cr\u00f3nica de F. Salamanca<\/div>\n<\/div>\n","protected":false},"excerpt":{"rendered":"<p>&nbsp; El pasado 9-11-2013 se celebro la 7\u00aa jornada de \u00a0liga de la tercera regional \u00a0juvenil en su grupo 9\u00ba, donde milita nuestro juvenil de la Escuela de Futbol Base de L&#8217;Olleria. Por incomparecencia del portero titular del equipo, le toc\u00f3 la dif\u00edcil papeleta de suplir a su compa\u00f1ero de escuela al cadete, de 1\u00ba [&hellip;]<\/p>\n","protected":false},"author":1,"featured_media":0,"comment_status":"closed","ping_status":"open","sticky":false,"template":"","format":"standard","meta":{"_monsterinsights_skip_tracking":false,"_monsterinsights_sitenote_active":false,"_monsterinsights_sitenote_note":"","_monsterinsights_sitenote_category":0},"categories":[9,12],"tags":[848,847,31,20,849],"_links":{"self":[{"href":"http:\/\/www.portaldelolleria.es\/index.php?rest_route=\/wp\/v2\/posts\/4424"}],"collection":[{"href":"http:\/\/www.portaldelolleria.es\/index.php?rest_route=\/wp\/v2\/posts"}],"about":[{"href":"http:\/\/www.portaldelolleria.es\/index.php?rest_route=\/wp\/v2\/types\/post"}],"author":[{"embeddable":true,"href":"http:\/\/www.portaldelolleria.es\/index.php?rest_route=\/wp\/v2\/users\/1"}],"replies":[{"embeddable":true,"href":"http:\/\/www.portaldelolleria.es\/index.php?rest_route=%2Fwp%2Fv2%2Fcomments&post=4424"}],"version-history":[{"count":2,"href":"http:\/\/www.portaldelolleria.es\/index.php?rest_route=\/wp\/v2\/posts\/4424\/revisions"}],"predecessor-version":[{"id":4427,"href":"http:\/\/www.portaldelolleria.es\/index.php?rest_route=\/wp\/v2\/posts\/4424\/revisions\/4427"}],"wp:attachment":[{"href":"http:\/\/www.portaldelolleria.es\/index.php?rest_route=%2Fwp%2Fv2%2Fmedia&parent=4424"}],"wp:term":[{"taxonomy":"category","embeddable":true,"href":"http:\/\/www.portaldelolleria.es\/index.php?rest_route=%2Fwp%2Fv2%2Fcategories&post=4424"},{"taxonomy":"post_tag","embeddable":true,"href":"http:\/\/www.portaldelolleria.es\/index.php?rest_route=%2Fwp%2Fv2%2Ftags&post=4424"}],"curies":[{"name":"wp","href":"https:\/\/api.w.org\/{rel}","templated":true}]}}