{"id":4450,"date":"2013-11-23T11:08:10","date_gmt":"2013-11-23T09:08:10","guid":{"rendered":"http:\/\/www.portaldelolleria.es\/?p=4450"},"modified":"2013-11-23T13:06:46","modified_gmt":"2013-11-23T11:06:46","slug":"10-km-l%e2%80%99olleria-el-domingo-24-de-noviembre","status":"publish","type":"post","link":"http:\/\/www.portaldelolleria.es\/?p=4450","title":{"rendered":"10 km L\u2019Olleria reglamento y horarios"},"content":{"rendered":"<p><a href=\"http:\/\/www.portaldelolleria.es\/wp-content\/uploads\/2013\/11\/10k.jpg\"><img loading=\"lazy\" class=\"aligncenter size-full wp-image-4453\" title=\"10k\" src=\"http:\/\/www.portaldelolleria.es\/wp-content\/uploads\/2013\/11\/10k.jpg\" alt=\"\" width=\"598\" height=\"398\" srcset=\"http:\/\/www.portaldelolleria.es\/wp-content\/uploads\/2013\/11\/10k.jpg 598w, http:\/\/www.portaldelolleria.es\/wp-content\/uploads\/2013\/11\/10k-300x199.jpg 300w\" sizes=\"(max-width: 598px) 100vw, 598px\" \/><\/a><\/p>\n<p>&nbsp;<\/p>\n<p>&nbsp;<\/p>\n<p class=\"MsoNormal\" style=\"margin-top: 0cm; margin-right: 0cm; margin-bottom: .0001pt; margin-left: 14.15pt; text-align: justify; line-height: normal; mso-layout-grid-align: none; text-autospace: none;\"><span style=\"font-size: 12.0pt; mso-ansi-language: ES; mso-fareast-language: ES;\">El pr\u00f3ximo domingo 24 de noviembre se celebra la primera 10 k de L\u2019Olleria, una carrera organizada por el Ayuntamiento de L\u2019Olleria y el Club de Atletismo del municipio contando con numerosos colaboradores.<\/span><\/p>\n<p class=\"MsoNormal\" style=\"margin-top: 0cm; margin-right: 0cm; margin-bottom: .0001pt; margin-left: 14.15pt; text-align: justify; line-height: normal; mso-layout-grid-align: none; text-autospace: none;\"><span style=\"font-size: 12.0pt; mso-ansi-language: ES; mso-fareast-language: ES;\">\u00a0<\/span><\/p>\n<p class=\"MsoNormal\" style=\"margin-top: 0cm; margin-right: 0cm; margin-bottom: .0001pt; margin-left: 14.15pt; text-align: justify; line-height: normal; mso-layout-grid-align: none; text-autospace: none;\"><span style=\"font-size: 12.0pt; mso-ansi-language: ES; mso-fareast-language: ES;\">El concejal de Deportes, Vicente Oviedo ha animado a participar a todos en esta cita deportiva \u201cdividida en dos carreras, la infantil que se iniciar\u00e1 a las 10 de la ma\u00f1ana con las categor\u00edas pre-benjam\u00edn, benjam\u00edn, alev\u00edn e infantil y la absoluta que se iniciar\u00e1 a las 11 de la ma\u00f1ana y se divide en cadetes, juveniles, veteranos A, B y C y locales. Habr\u00e1 trofeos para cada una de las categor\u00edas y material deportivo para los primeros clasificados locales tanto masculino como femenino, adem\u00e1s, se sortear\u00e1 un jam\u00f3n entre todos los participantes que acaben la carrera\u201d. <\/span><\/p>\n<p class=\"MsoNormal\" style=\"margin-top: 0cm; margin-right: 0cm; margin-bottom: .0001pt; margin-left: 14.15pt; text-align: justify; line-height: normal; mso-layout-grid-align: none; text-autospace: none;\"><span style=\"font-size: 12.0pt; mso-ansi-language: ES; mso-fareast-language: ES;\">\u00a0<\/span><\/p>\n<p class=\"MsoNormal\" style=\"margin-top: 0cm; margin-right: 0cm; margin-bottom: .0001pt; margin-left: 14.15pt; text-align: justify; line-height: normal; mso-layout-grid-align: none; text-autospace: none;\"><span style=\"font-size: 12.0pt; mso-ansi-language: ES; mso-fareast-language: ES;\">Las inscripciones se pueden realizar hasta el pr\u00f3ximo martes 19 de noviembre teniendo una camiseta t\u00e9cnica o el mismo d\u00eda de la prueba sin camiseta, las inscripciones tienen un precio de 3 euros por persona. <\/span><\/p>\n<p class=\"MsoNormal\" style=\"margin-top: 0cm; margin-right: 0cm; margin-bottom: .0001pt; margin-left: 14.15pt; text-align: justify; line-height: normal; mso-layout-grid-align: none; text-autospace: none;\"><span style=\"font-size: 12.0pt; mso-ansi-language: ES; mso-fareast-language: ES;\">\u00a0<\/span><\/p>\n<p class=\"MsoNormal\" style=\"margin-top: 0cm; margin-right: 0cm; margin-bottom: .0001pt; margin-left: 14.15pt; text-align: justify; line-height: normal; mso-layout-grid-align: none; text-autospace: none;\"><span style=\"font-size: 12.0pt; mso-ansi-language: ES; mso-fareast-language: ES;\">Tal y como han explicado desde la organizaci\u00f3n \u201cpara los pagos realizados en una cuenta bancaria habr\u00e1 que enviar el justificante a la direcci\u00f3n de email que se especifica en la web www.tueventodeportivo.com, donde adem\u00e1s, se encuentra<span style=\"mso-spacerun: yes;\">\u00a0 <\/span>toda la informaci\u00f3n de la carrera e ingreso de inscripci\u00f3n\u201d.<\/span><\/p>\n<p class=\"MsoNormal\" style=\"margin-top: 0cm; margin-right: 0cm; margin-bottom: .0001pt; margin-left: 14.15pt; text-align: justify; line-height: normal; mso-layout-grid-align: none; text-autospace: none;\"><span style=\"font-size: 12.0pt; mso-ansi-language: ES; mso-fareast-language: ES;\">\u00a0<\/span><\/p>\n<p class=\"MsoNormal\" style=\"margin-top: 0cm; margin-right: 0cm; margin-bottom: .0001pt; margin-left: 14.15pt; text-align: justify; line-height: normal; mso-layout-grid-align: none; text-autospace: none;\"><span style=\"font-size: 12.0pt; mso-ansi-language: ES; mso-fareast-language: ES;\">Punto de inscripciones el mismo d\u00eda de la carrera, y de salida y llegada, se situar\u00e1 en la pista de atletismo del polideportivo.<\/span><\/p>\n<p class=\"MsoNormal\" style=\"margin-top: 0cm; margin-right: 0cm; margin-bottom: .0001pt; margin-left: 14.15pt; text-align: justify; line-height: normal; mso-layout-grid-align: none; text-autospace: none;\">\n<p class=\"MsoNormal\" style=\"margin-top: 0cm; margin-right: 0cm; margin-bottom: .0001pt; margin-left: 14.15pt; text-align: justify; line-height: normal; mso-layout-grid-align: none; text-autospace: none;\">\n<p class=\"MsoNormal\" style=\"text-align: justify;\"><span style=\"color: #800080;\"><strong><span style=\"text-decoration: underline;\"><span style=\"font-size: 12pt;\">HORARIS DE COMPETICI\u00d3:<\/span><\/span><\/strong><\/span><\/p>\n<p class=\"MsoNormal\" style=\"text-align: justify;\"><span style=\"color: #ff0000;\"><strong><span style=\"text-decoration: underline;\"><span style=\"font-size: 12pt;\"><span style=\"text-decoration: none;\">\u00a0<\/span><\/span><\/span><\/strong><\/span><\/p>\n<p class=\"MsoNormal\" style=\"text-align: justify;\"><span style=\"color: #ff0000;\"><strong><span style=\"font-size: 12pt;\">Carreres infantils (pista d\u2019atletisme del poliesportiu):<\/span><\/strong><\/span><\/p>\n<p class=\"MsoNormal\" style=\"text-align: justify;\"><span style=\"color: #ff0000;\"><strong><span style=\"text-decoration: underline;\"><span style=\"font-size: 6pt;\"><span style=\"text-decoration: none;\">\u00a0<\/span><\/span><\/span><\/strong><\/span><\/p>\n<p class=\"MsoNormal\" style=\"text-align: justify;\"><span style=\"color: #ff0000; font-size: 12pt;\">10:00 h.: Pre-Benjamins- nascuts al 2006 i posteriors &#8211; (80m.) No competitiva<\/span><\/p>\n<p class=\"MsoNormal\" style=\"text-align: justify;\"><span style=\"color: #ff0000; font-size: 12pt;\">10:05 h: Benjamins- nascuts al 2004 i posteriors &#8211; (400m.) No competitiva<\/span><\/p>\n<p class=\"MsoNormal\" style=\"text-align: justify;\"><span style=\"color: #ff0000; font-size: 12pt;\">10:10 h.: Alevins- nascuts al 2002 i 2003 \u2013 (800m.) <\/span><\/p>\n<p class=\"MsoNormal\" style=\"text-align: justify;\"><span style=\"color: #ff0000; font-size: 12pt;\">10:20 h.: Infantils &#8211; nascuts al 2000 i 2001 \u2013 (2000m.) <\/span><\/p>\n<p class=\"MsoNormal\" style=\"text-align: justify;\"><span style=\"color: #ff0000; font-size: 12pt;\">\u00a0<\/span><\/p>\n<p class=\"MsoNormal\" style=\"text-align: justify;\"><span style=\"color: #ff0000;\"><strong><span style=\"font-size: 12pt;\">Carrera absoluta (eixida i meta a la pista d\u2019atletisme):<\/span><\/strong><\/span><\/p>\n<p class=\"MsoNormal\" style=\"text-align: justify;\"><span style=\"color: #ff0000;\"><strong><span style=\"text-decoration: underline;\"><span style=\"font-size: 6pt;\"><span style=\"text-decoration: none;\">\u00a0<\/span><\/span><\/span><\/strong><\/span><\/p>\n<p class=\"MsoNormal\" style=\"text-align: justify;\"><span style=\"color: #ff0000; font-size: 12pt;\">11:00 h.: Cadets,\u00a0 Juvenils, S\u00e8niors, Veterans A, Veterans B, Veterans C, Veterans D i Locals &#8211; (10.000m.)<\/span><\/p>\n<p class=\"MsoNormal\" style=\"text-align: center;\" align=\"center\"><span style=\"color: #ff0000; font-size: 12pt;\">\u00a0<\/span><\/p>\n<p class=\"MsoNormal\"><span style=\"color: #ff0000; font-size: 12pt;\">Per a les carreres dels xiquets es podr\u00e0 realitzar les inscripcions fins a 15 minuts abans de cada carrera en la mateixa zona de meta (pista d\u2019atletisme del poliesportiu). <\/span><\/p>\n<p class=\"MsoNormal\"><span style=\"color: #ff0000; font-size: 12pt;\">Per a la carrera absoluta es podr\u00e0 realitzar la inscripci\u00f3 el mateix dia de la prova fins a les 10:30h, el preu per a la carrera absoluta ser\u00e0 de 3\u20ac per participant.<\/span><\/p>\n<p class=\"MsoNormal\" style=\"margin-top: 0cm; margin-right: 0cm; margin-bottom: .0001pt; margin-left: 14.15pt; text-align: justify; line-height: normal; mso-layout-grid-align: none; text-autospace: none;\">\n<p class=\"MsoNormal\" style=\"margin-top: 0cm; margin-right: 0cm; margin-bottom: .0001pt; margin-left: 14.15pt; text-align: justify; line-height: normal; mso-layout-grid-align: none; text-autospace: none;\">\n<p class=\"MsoNormal\" style=\"margin-top: 0cm; margin-right: 0cm; margin-bottom: .0001pt; margin-left: 14.15pt; text-align: justify; line-height: normal; mso-layout-grid-align: none; text-autospace: none;\">\n<p class=\"MsoNormal\" style=\"margin-top: 0cm; margin-right: 0cm; margin-bottom: .0001pt; margin-left: 14.15pt; text-align: justify; line-height: normal; mso-layout-grid-align: none; text-autospace: none;\"><a href=\"http:\/\/www.portaldelolleria.es\/pdfs\/reglamento.pdf\" target=\"_blank\">CONSULTAR REGLAMENTO<\/a><\/p>\n<p class=\"MsoNormal\" style=\"margin-top: 0cm; margin-right: 0cm; margin-bottom: .0001pt; margin-left: 14.15pt; text-align: justify; line-height: normal; mso-layout-grid-align: none; text-autospace: none;\"><a href=\"http:\/\/www.portaldelolleria.es\/wp-content\/uploads\/2013\/11\/10kcartel.jpg\"><img loading=\"lazy\" class=\"aligncenter size-full wp-image-4451\" title=\"10kcartel\" src=\"http:\/\/www.portaldelolleria.es\/wp-content\/uploads\/2013\/11\/10kcartel.jpg\" alt=\"\" width=\"598\" height=\"845\" srcset=\"http:\/\/www.portaldelolleria.es\/wp-content\/uploads\/2013\/11\/10kcartel.jpg 598w, http:\/\/www.portaldelolleria.es\/wp-content\/uploads\/2013\/11\/10kcartel-212x300.jpg 212w\" sizes=\"(max-width: 598px) 100vw, 598px\" \/><\/a><\/p>\n<p class=\"MsoNormal\" style=\"margin-top: 0cm; margin-right: 0cm; margin-bottom: .0001pt; margin-left: 14.15pt; text-align: justify; line-height: normal; mso-layout-grid-align: none; text-autospace: none;\"><a href=\"https:\/\/www.facebook.com\/olleria.netpg\"><img loading=\"lazy\" class=\"aligncenter size-full wp-image-4452\" title=\"1facebook\" src=\"http:\/\/www.portaldelolleria.es\/wp-content\/uploads\/2013\/11\/1facebook6.jpg\" alt=\"\" width=\"598\" height=\"115\" srcset=\"http:\/\/www.portaldelolleria.es\/wp-content\/uploads\/2013\/11\/1facebook6.jpg 598w, http:\/\/www.portaldelolleria.es\/wp-content\/uploads\/2013\/11\/1facebook6-300x57.jpg 300w\" sizes=\"(max-width: 598px) 100vw, 598px\" \/><\/a><\/p>\n","protected":false},"excerpt":{"rendered":"<p>&nbsp; &nbsp; El pr\u00f3ximo domingo 24 de noviembre se celebra la primera 10 k de L\u2019Olleria, una carrera organizada por el Ayuntamiento de L\u2019Olleria y el Club de Atletismo del municipio contando con numerosos colaboradores. \u00a0 El concejal de Deportes, Vicente Oviedo ha animado a participar a todos en esta cita deportiva \u201cdividida en dos [&hellip;]<\/p>\n","protected":false},"author":1,"featured_media":0,"comment_status":"closed","ping_status":"open","sticky":false,"template":"","format":"standard","meta":{"_monsterinsights_skip_tracking":false,"_monsterinsights_sitenote_active":false,"_monsterinsights_sitenote_note":"","_monsterinsights_sitenote_category":0},"categories":[9,12],"tags":[856,495,804,857,20],"_links":{"self":[{"href":"http:\/\/www.portaldelolleria.es\/index.php?rest_route=\/wp\/v2\/posts\/4450"}],"collection":[{"href":"http:\/\/www.portaldelolleria.es\/index.php?rest_route=\/wp\/v2\/posts"}],"about":[{"href":"http:\/\/www.portaldelolleria.es\/index.php?rest_route=\/wp\/v2\/types\/post"}],"author":[{"embeddable":true,"href":"http:\/\/www.portaldelolleria.es\/index.php?rest_route=\/wp\/v2\/users\/1"}],"replies":[{"embeddable":true,"href":"http:\/\/www.portaldelolleria.es\/index.php?rest_route=%2Fwp%2Fv2%2Fcomments&post=4450"}],"version-history":[{"count":3,"href":"http:\/\/www.portaldelolleria.es\/index.php?rest_route=\/wp\/v2\/posts\/4450\/revisions"}],"predecessor-version":[{"id":4471,"href":"http:\/\/www.portaldelolleria.es\/index.php?rest_route=\/wp\/v2\/posts\/4450\/revisions\/4471"}],"wp:attachment":[{"href":"http:\/\/www.portaldelolleria.es\/index.php?rest_route=%2Fwp%2Fv2%2Fmedia&parent=4450"}],"wp:term":[{"taxonomy":"category","embeddable":true,"href":"http:\/\/www.portaldelolleria.es\/index.php?rest_route=%2Fwp%2Fv2%2Fcategories&post=4450"},{"taxonomy":"post_tag","embeddable":true,"href":"http:\/\/www.portaldelolleria.es\/index.php?rest_route=%2Fwp%2Fv2%2Ftags&post=4450"}],"curies":[{"name":"wp","href":"https:\/\/api.w.org\/{rel}","templated":true}]}}