{"id":4475,"date":"2013-11-17T12:24:36","date_gmt":"2013-11-17T10:24:36","guid":{"rendered":"http:\/\/www.portaldelolleria.es\/?p=4475"},"modified":"2013-11-17T12:24:36","modified_gmt":"2013-11-17T10:24:36","slug":"sem-sta-cecilia-preparada-para-la-nueva-temporada-2013-14","status":"publish","type":"post","link":"http:\/\/www.portaldelolleria.es\/?p=4475","title":{"rendered":"SEM Sta. Cecilia preparada para la nueva temporada 2013-14"},"content":{"rendered":"<p>&nbsp;<\/p>\n<p><a href=\"http:\/\/www.portaldelolleria.es\/wp-content\/uploads\/2013\/11\/tarraso.jpg\"><img loading=\"lazy\" class=\"aligncenter size-full wp-image-4478\" title=\"tarraso\" src=\"http:\/\/www.portaldelolleria.es\/wp-content\/uploads\/2013\/11\/tarraso.jpg\" alt=\"\" width=\"598\" height=\"397\" srcset=\"http:\/\/www.portaldelolleria.es\/wp-content\/uploads\/2013\/11\/tarraso.jpg 598w, http:\/\/www.portaldelolleria.es\/wp-content\/uploads\/2013\/11\/tarraso-300x199.jpg 300w\" sizes=\"(max-width: 598px) 100vw, 598px\" \/><\/a><\/p>\n<p>&nbsp;<\/p>\n<p><span id=\"result_box\" lang=\"es\"><span title=\"La Societat Escola Musical Santa Cec\u00edlia de L'Olleria, comen\u00e7ar\u00e0 en el Concert de Santa Cecilia, la temporada 2013-14.\">La Sociedad Escuela Musical Santa Cecilia de L&#8217;Olleria , comenzar\u00e1 en el Concierto de Santa Cecilia , la temporada 2013-14 .<\/span><\/span><\/p>\n<p><span title=\"Per a que ens conte com ser\u00e0 esta nova temporada, parlem en el seu director Enrique Alborch Tarras\u00f3, que acompleix estos dies un any al front de la Banda.\">Para que nos cuente c\u00f3mo ser\u00e1 esta nueva temporada , hablamos en su director Enrique Alborch Tarras\u00f3 , que cumple estos d\u00edas un a\u00f1o al frente de la Banda .<\/span><\/p>\n<p><span title=\"-La primera actuaci\u00f3 de la Banda ser\u00e0 sens dubte el Concert de Santa Cec\u00edlia.\">&#8211; La primera actuaci\u00f3n de la Banda ser\u00e1 sin duda el Concierto de Santa Cecilia .<\/span><\/p>\n<p><span title=\"C\u00f3m va a ser aquest concert y que es va a interpretar?\">C\u00f3mo va a ser este concierto y que se va a interpretar ? <\/span><span title=\"I, Quines altres coses es van a fer per a festejar a la patrona?\">Y , \u00bfQu\u00e9 otras cosas se van a hacer para festejar a la patrona ?<\/span><\/p>\n<p><span title=\"- Si, el proper 23 de novembre comencem la nova temporada de concerts i realitzarem el tradicional Concert de Santa Cec\u00edlia.\">&#8211; Si , el pr\u00f3ximo 23 de noviembre empezamos la nueva temporada de conciertos y realizaremos el tradicional Concierto de Santa Cecilia . <\/span><span title=\"Al concert interpretarem un programa ben variat, a la primera part amb obres descriptives, primer del jove compositor de Ll\u00edria Jos\u00e9 Ignacio Blesa, \u201cLa Espada de Fuego\u201d i \u201cMare Tenebrosum\u201d i despr\u00e9s l'obra \u201cNostradamus\u201d delmestre austr\u00edac Otto M.\">En el concierto interpretaremos un programa bien variado , en la primera parte con obras descriptivas , primero del joven compositor de Ll\u00edria Jos\u00e9 Ignacio Blesa , \u00abLa Espada de Fuego \u00bb y \u00abMadre Tenebrosum \u00bb y luego la obra \u00bb Nostradamus \u00bb delmestre austr\u00edaco Otto M. <\/span><span title=\"Schwarz.\">Schwarz . <\/span><span title=\"La segona part del concert estar\u00e0 dedicada als musicals i interpretarem les partitures de tres importants obres del g\u00e8nere: \u201cWest Side Story\u201d de Bernstein, \u201cLes Mis\u00e9rables\u201d de Sch\u00f6mberg i \u201cEl Rey Le\u00f3n\u201d d'Elton John i Hans Zimmer.\">La segunda parte del concierto estar\u00e1 dedicada a los musicales y interpretaremos las partituras de tres importantes obras del g\u00e9nero : \u00bb West Side Story \u00bb de Bernstein , \u00bb Les Mis\u00e9rables \u00bb de Sch\u00f6mberg y \u00bb El Rey Le\u00f3n\u00bb de Elton John y Hans Zimmer. <\/span><span title=\"Cal ressenyar que en la interpretaci\u00f3 de \u201cEl Rey Le\u00f3n\u201d actuar\u00e0 un cor d'uns 70 o 80 components format pels alumnes m\u00e9s menuts de la nostra escola de m\u00fasica.\">Hay que rese\u00f1ar que en la interpretaci\u00f3n de \u00bb El Rey Le\u00f3n\u00bb actuar\u00e1 un coro de unos 70 o 80 componentes formado por los alumnos m\u00e1s peque\u00f1os de nuestra escuela de m\u00fasica . <\/span><span title=\"\u00c9s un concert que estem preparant amb molta il\u00b7lusi\u00f3 i on, a m\u00e9s, presentarem a 12 nous components de la nostra banda.\">Es un concierto que estamos preparando con mucha ilusi\u00f3n y donde, adem\u00e1s , presentaremos a 12 nuevos componentes de nuestra banda .<br \/>\n<\/span><\/p>\n<p><span id=\"result_box\" lang=\"es\"><span title=\"\u00c9s un concert que estem preparant amb molta il\u00b7lusi\u00f3 i on, a m\u00e9s, presentarem a 12 nous components de la nostra banda.\"><a href=\"http:\/\/www.portaldelolleria.es\/wp-content\/uploads\/2013\/11\/semstacecilia2.jpg\"><img loading=\"lazy\" class=\"aligncenter size-full wp-image-4479\" title=\"semstacecilia2\" src=\"http:\/\/www.portaldelolleria.es\/wp-content\/uploads\/2013\/11\/semstacecilia2.jpg\" alt=\"\" width=\"598\" height=\"398\" srcset=\"http:\/\/www.portaldelolleria.es\/wp-content\/uploads\/2013\/11\/semstacecilia2.jpg 598w, http:\/\/www.portaldelolleria.es\/wp-content\/uploads\/2013\/11\/semstacecilia2-300x199.jpg 300w\" sizes=\"(max-width: 598px) 100vw, 598px\" \/><\/a><br \/>\n<\/span><\/span><\/p>\n<p><span id=\"result_box\" lang=\"es\"><span title=\"A m\u00e9s del concert, el dissabte 16 de novembre, la banda junt a l'escola de M\u00fasica realitzen la \u201cM\u00fasica al Carrer\u201d on diversos grups instrumentals actuaran a diferents punts de l'Olleria, despr\u00e9s hi haur\u00e0 dinar ia continuaci\u00f3 les tradicionals \u201cserenates\">Adem\u00e1s del concierto , el s\u00e1bado 16 de noviembre , la banda junto a la escuela de M\u00fasica realizan la \u00bb M\u00fasica en la Calle \u00bb donde varios grupos instrumentales actuar\u00e1n en distintos puntos de la Olleria , despu\u00e9s habr\u00e1 comida ya continuaci\u00f3n las tradicionales \u00bb serenatas <\/span><span title=\"\u201d.\">\u00bb . <\/span><span title=\"I ja el dissabte 23, abans del concert, farem un passa carrer d'arreplegada dels nous membres de la SEM.\">Y ya el s\u00e1bado 23 , antes del concierto , haremos un pasa calle de recogida de los nuevos miembros de la SEM .<\/span><\/span><\/p>\n<p><span title=\"-Acontinuaci\u00f3ser\u00e0 el Concurs de composici\u00f3 \u201cPaco Cerd\u00e1\u201d?\">&#8211; Acontinuaci\u00f3ser\u00e0 el Concurso de composici\u00f3n \u00bb Paco Cerd\u00e1 \u00bb ?<\/span><\/p>\n<p><span title=\"- Despr\u00e9s de Santa Cec\u00edlia, i abans del concurs de composici\u00f3 tenim una actuaci\u00f3 ben important, que ser\u00e0 el proper 25 de gener de 2014 (dissabte), on la SEM actuar\u00e0 junt a Pep Gimeno \u201cBotifarra\u201d i la seua Rondalla, oferint al poble\">&#8211; Despu\u00e9s de Santa Cecilia , y antes del concurso de composici\u00f3n tenemos una actuaci\u00f3n bien importante, que ser\u00e1 el pr\u00f3ximo 25 de enero de 2014 (s\u00e1bado ), donde la SEM actuar\u00e1 junto a Pep Gimeno \u00bb Botifarra\u00bb y su Rondalla , ofreciendo al pueblo <\/span><span title=\"de l'Olleria l'espectacle \u201cBotifarra a Banda\u201d.\">de Oller\u00eda el espect\u00e1culo \u00bb Butifarra a Banda \u00bb . <\/span><span title=\"En aquest concert podrem escoltar m\u00fasica tradicional valenciana cantada per Pep Gimeno (un dels millors al seu g\u00e8nere) i arranjada per a banda.\">En este concierto podremos escuchar m\u00fasica tradicional valenciana cantada por Pep Gimeno (uno de los mejores en su g\u00e9nero ) y arreglada para banda . <\/span><span title=\"Un concert ben especial per fer gaudir a tot el p\u00fablic amb la m\u00fasica dels nostres arrels com a poble i les hist\u00f2ries d'ungran artista com \u00e9s Pep.\">Un concierto muy especial para hacer disfrutar a todo el p\u00fablico con la m\u00fasica de nuestros ra\u00edces como pueblo y las historias de ungran artista como es Pep .<\/span><\/p>\n<p><span title=\"Pel que fa al Concurs de Composici\u00f3 \u201cMestre Cerd\u00e0\u201d, enguany tenim una edici\u00f3 especial per celebrar el 10\u00e9 aniversari d'aquest certamen creatiu.\">En cuanto al Concurso de Composici\u00f3n \u00bb Maestro Cerd\u00e1 \u00ab, este a\u00f1o tenemos una edici\u00f3n especial para celebrar el 10 \u00ba aniversario de este certamen creativo . <\/span><span title=\"Enguany la modalitat torna a ser pasdoble (com l'any passat) a proposta de la banda.\">Este a\u00f1o la modalidad vuelve a ser pasodoble ( como el a\u00f1o pasado ) a propuesta de la banda . <\/span><span title=\"A\u00e7\u00f2 \u00e9s degut a que enguany s'ha decidit que la pe\u00e7a guanyadora porte el nom del nostre benvolgut Paco, en homenatge a ell.\">Esto es debido a que este a\u00f1o se ha decidido que la pieza ganadora lleve el nombre de nuestro querido Paco , en homenaje a \u00e9l . <\/span><span title=\"El pasdoble guanyador s'anomenar\u00e0 \u201cFrancesc Cerd\u00e0\u201d, i des de la banda v\u00e0rem considerar que un pasdoble seria m\u00e9s utilitzat per nosaltres i li podriem donar m\u00e9s difusi\u00f3 aix\u00ed a la figura del mestre.\">El pasodoble ganador llamar\u00e1 \u00bb Francisco Cerd\u00e1 \u00bb , y desde la banda consideramos que un pasodoble ser\u00eda m\u00e1s utilizado por nosotros y le podr\u00edamos dar m\u00e1s difusi\u00f3n as\u00ed a la figura del maestro . <\/span><span title=\"Sobre el concurs cal dir que, despr\u00e9s de 10 edicions, \u00e9s una cita que est\u00e0 totalment arrelada al panorama band\u00edstic i compositiu i que la recepci\u00f3 d'obres \u00e9s ben abundant, sobre tot quan la modalitat \u00e9s pasdoble.\">Sobre el concurso hay que decir que , despu\u00e9s de 10 ediciones , es una cita que est\u00e1 totalmente arraigada en el panorama band\u00edstico y compositivo y que la recepci\u00f3n de obras es bien abundante , sobre todo cuando la modalidad es pasodoble . <\/span><span title=\"A dia de hui el pla\u00e7 per a presentar obres est\u00e0 obert fins el 20 de desembre i anime a tot aquell compositor que ho estime oport\u00fa a presentar els seus treballs.\">A d\u00eda de hoy el plazo para presentar obras est\u00e1 abierto hasta el 20 de diciembre y anime a todo aquel compositor que lo estime oportuno a presentar sus trabajos . <\/span><span title=\"Esperem rebre molts treballs i que el pasdoble guanyador siga un bon pasdoble que per sempre anir\u00e0 lligat a la SEM i al poble de l'Olleria.\">Esperamos recibir muchos trabajos y que el pasodoble ganador sea un buen pasodoble que para siempre ir\u00e1 ligado a la SEM y el pueblo de l&#8217;Olleria .<\/span><\/p>\n<p><span title=\"El Concert del Concurs ser\u00e0 el proper 22 de febrer de 2014.\">El Concierto del concurso ser\u00e1 el pr\u00f3ximo 22 de febrero de 2014 .<\/span><\/p>\n<p><span title=\"- I despr\u00e9s del concurs de composici\u00f3.\">&#8211; Y despu\u00e9s del concurso de composici\u00f3n . <\/span><span title=\"Que teniu previst a la banda?\">Que tiene previsto en la banda ?<\/span><\/p>\n<p><span title=\"- Despr\u00e9s del Concurs, continuarem les nostres activitats amb el Concert de Setmana Santa, que recuperem enguany i que realitzarem en abril junt al Cor de la nostra Societat i en juliol el Festival de Liberto Benet, que enguany estar\u00e0 emmarcat dins de les activitats de la\">&#8211; Despu\u00e9s del concurso, continuaremos nuestras actividades con el Concierto de Semana Santa, que recuperamos este a\u00f1o y que realizaremos en abril junto al Coraz\u00f3n de nuestra Sociedad y en julio el Festival de Liberto Benet , que este a\u00f1o estar\u00e1 enmarcado dentro de las actividades de la <\/span><span title=\"10 edici\u00f3 del CIMVO (Curs Internacional de M\u00fasica Vila de l'Olleria), on a la banda tindrem el plaer de treballar amb solistes de nivell internacional.\">10 edici\u00f3n del CIMVO ( Curso Internacional de M\u00fasica Villa de l&#8217;Olleria ) , donde en la parte tendremos el placer de trabajar con solistas de nivel internacional .<\/span><\/p>\n<p><span title=\"A m\u00e9s de tot a\u00e7\u00f2, seguirem treballant per millorar la m\u00fasica per al carrer i segur que ix alguna actuaci\u00f3 m\u00e9s d'intercanvi amb alguna banda o algun concert especial que enfrontarem amb tota la il\u00b7lusi\u00f3 del m\u00f3n.\">Adem\u00e1s de todo esto , seguiremos trabajando para mejorar la m\u00fasica para la calle y seguro que sale alguna actuaci\u00f3n m\u00e1s de intercambio con alguna banda o alg\u00fan concierto especial que enfrentaremos con toda la ilusi\u00f3n del mundo . <\/span><span title=\"I el m\u00e9s important, treballar per a que la banda Santa Cec\u00edlia de l'Olleria vaja millorant dia a dia i que tots els membres es senten identificats amb el projecte de banda que vull pera aquesta formaci\u00f3.\">Y lo m\u00e1s importante , trabajar para que la banda Santa Cecilia de l&#8217;Olleria vaya mejorando d\u00eda a d\u00eda y que todos los miembros se sienten identificados con el proyecto de banda que quiero pera esta formaci\u00f3n . <\/span><span title=\"A poc a poc la plantilla actual de la banda ha d'anar \u201cassentant-se\u201d (12 m\u00fasics nous, s\u00f3n molts) i quan la banda estiga preparada (si els m\u00fasics volen) enfrontarem reptes diferents i m\u00e9s ambiciosos com cert\u00e0mens o gravacions.\">Poco a poco la plantilla actual de la banda tiene que ir \u00bb asent\u00e1ndose \u00bb ( 12 m\u00fasicos nuevos , son muchos ) y cuando la banda est\u00e9 preparada ( si los m\u00fasicos quieren ) enfrentaremos retos diferentes y m\u00e1s ambiciosos como cert\u00e1menes o grabaciones . <\/span><span title=\"I aix\u00ed, treballant, tocant i gaudint de la m\u00fasica,sense donar-se compte, en no res tornarem a estar en Santa Cec\u00edlia 2014 i encetarem un nou cicle per a la banda.\">Y as\u00ed , trabajando , tocando y disfrutando de la m\u00fasica , sin darse cuenta , en nada volveremos a estar en Santa Cecilia 2014 y empezaremos un nuevo ciclo para la banda .<\/span><\/p>\n<p><span title=\"- Alguna cosa m\u00e9s per a acomiadar l'entrevista?\">&#8211; Algo m\u00e1s para despedir la entrevista ?<\/span><\/p>\n<p><span title=\"- Des d'ac\u00ed vull felicitar a tots els m\u00fasics pel treball realitzat durant l'any intens que portem junts i animar-los a seguir treballant per millorar dia a dia.\">&#8211; Desde aqu\u00ed quiero felicitar a todos los m\u00fasicos por el trabajo realizado durante el a\u00f1o intenso que llevamos juntos y animarles a seguir trabajando para mejorar d\u00eda a d\u00eda . <\/span><span title=\"Donar l'enhorabona als nous membres de la nostra banda que presentarem el dia 23, i tamb\u00e9 desitjar a tots els m\u00fasics siguen d'on siguen i toquen el que toquen que tinguen una bona celebraci\u00f3 de Santa Cec\u00edlia.\">Dar la enhorabuena a los nuevos miembros de nuestra banda que presentaremos el d\u00eda 23 , y tambi\u00e9n desear a todos los m\u00fasicos sean de donde sean y tocan lo que tocan que tengan una buena celebraci\u00f3n de Santa Cecilia .<\/span><\/p>\n<p><span title=\"Pepe Aparici\">Pepe Aparici<\/span><\/p>\n<p><span title=\"L\u2019Olleria 15 de Novembre de 2013\">L&#8217;Olleria 15 de Noviembre de 2013<\/span><\/p>\n<p class=\"MsoNormal\" style=\"text-align: justify; text-indent: 42.55pt;\"><a href=\"http:\/\/www.portaldelolleria.es\/wp-content\/uploads\/2013\/11\/semstacecilia.jpg\"><img loading=\"lazy\" class=\"aligncenter size-full wp-image-4477\" title=\"semstacecilia\" src=\"http:\/\/www.portaldelolleria.es\/wp-content\/uploads\/2013\/11\/semstacecilia.jpg\" alt=\"\" width=\"485\" height=\"768\" srcset=\"http:\/\/www.portaldelolleria.es\/wp-content\/uploads\/2013\/11\/semstacecilia.jpg 485w, http:\/\/www.portaldelolleria.es\/wp-content\/uploads\/2013\/11\/semstacecilia-189x300.jpg 189w\" sizes=\"(max-width: 485px) 100vw, 485px\" \/><\/a><\/p>\n<p class=\"MsoNormal\" style=\"text-align: justify; text-indent: 42.55pt;\"><a href=\"https:\/\/www.facebook.com\/olleria.net\"><img loading=\"lazy\" class=\"aligncenter size-full wp-image-4476\" title=\"1facebook\" src=\"http:\/\/www.portaldelolleria.es\/wp-content\/uploads\/2013\/11\/1facebook9.jpg\" alt=\"\" width=\"598\" height=\"115\" srcset=\"http:\/\/www.portaldelolleria.es\/wp-content\/uploads\/2013\/11\/1facebook9.jpg 598w, http:\/\/www.portaldelolleria.es\/wp-content\/uploads\/2013\/11\/1facebook9-300x57.jpg 300w\" sizes=\"(max-width: 598px) 100vw, 598px\" \/><\/a><\/p>\n","protected":false},"excerpt":{"rendered":"<p>&nbsp; &nbsp; La Sociedad Escuela Musical Santa Cecilia de L&#8217;Olleria , comenzar\u00e1 en el Concierto de Santa Cecilia , la temporada 2013-14 . Para que nos cuente c\u00f3mo ser\u00e1 esta nueva temporada , hablamos en su director Enrique Alborch Tarras\u00f3 , que cumple estos d\u00edas un a\u00f1o al frente de la Banda . &#8211; La [&hellip;]<\/p>\n","protected":false},"author":1,"featured_media":0,"comment_status":"closed","ping_status":"open","sticky":false,"template":"","format":"standard","meta":{"_monsterinsights_skip_tracking":false,"_monsterinsights_sitenote_active":false,"_monsterinsights_sitenote_note":"","_monsterinsights_sitenote_category":0},"categories":[16,12],"tags":[810,864,20,167,865],"_links":{"self":[{"href":"http:\/\/www.portaldelolleria.es\/index.php?rest_route=\/wp\/v2\/posts\/4475"}],"collection":[{"href":"http:\/\/www.portaldelolleria.es\/index.php?rest_route=\/wp\/v2\/posts"}],"about":[{"href":"http:\/\/www.portaldelolleria.es\/index.php?rest_route=\/wp\/v2\/types\/post"}],"author":[{"embeddable":true,"href":"http:\/\/www.portaldelolleria.es\/index.php?rest_route=\/wp\/v2\/users\/1"}],"replies":[{"embeddable":true,"href":"http:\/\/www.portaldelolleria.es\/index.php?rest_route=%2Fwp%2Fv2%2Fcomments&post=4475"}],"version-history":[{"count":1,"href":"http:\/\/www.portaldelolleria.es\/index.php?rest_route=\/wp\/v2\/posts\/4475\/revisions"}],"predecessor-version":[{"id":4480,"href":"http:\/\/www.portaldelolleria.es\/index.php?rest_route=\/wp\/v2\/posts\/4475\/revisions\/4480"}],"wp:attachment":[{"href":"http:\/\/www.portaldelolleria.es\/index.php?rest_route=%2Fwp%2Fv2%2Fmedia&parent=4475"}],"wp:term":[{"taxonomy":"category","embeddable":true,"href":"http:\/\/www.portaldelolleria.es\/index.php?rest_route=%2Fwp%2Fv2%2Fcategories&post=4475"},{"taxonomy":"post_tag","embeddable":true,"href":"http:\/\/www.portaldelolleria.es\/index.php?rest_route=%2Fwp%2Fv2%2Ftags&post=4475"}],"curies":[{"name":"wp","href":"https:\/\/api.w.org\/{rel}","templated":true}]}}