{"id":449,"date":"2012-05-15T11:23:14","date_gmt":"2012-05-15T10:23:14","guid":{"rendered":"http:\/\/www.portaldelolleria.es\/?p=449"},"modified":"2012-05-24T17:53:35","modified_gmt":"2012-05-24T16:53:35","slug":"la-biblioteca-organiza-una-venta-solidaria-dentro-de-las-actividades-del-mes-del-libro","status":"publish","type":"post","link":"http:\/\/www.portaldelolleria.es\/?p=449","title":{"rendered":"La biblioteca organiza una venta solidaria dentro de las actividades del mes del libro"},"content":{"rendered":"<p><a href=\"http:\/\/www.portaldelolleria.es\/wp-content\/uploads\/2012\/05\/biblioteca2.jpg\"><img loading=\"lazy\" class=\"aligncenter size-full wp-image-450\" title=\"biblioteca2\" src=\"http:\/\/www.portaldelolleria.es\/wp-content\/uploads\/2012\/05\/biblioteca2.jpg\" alt=\"\" width=\"598\" height=\"398\" srcset=\"http:\/\/www.portaldelolleria.es\/wp-content\/uploads\/2012\/05\/biblioteca2.jpg 598w, http:\/\/www.portaldelolleria.es\/wp-content\/uploads\/2012\/05\/biblioteca2-300x199.jpg 300w\" sizes=\"(max-width: 598px) 100vw, 598px\" \/><\/a><\/p>\n<p>Se han vendido 226 libros Una vez m\u00e1s los ollerians han demostrado su solidaridad colaborando en la campa\u00f1a de venta de libros organizada por la Regidor\u00eda de Cultura del Ayuntamiento de L&#8217;Olleria a trav\u00e9s de la Biblioteca Municipal y que se engloba dentro de las actividades del mes del libro. El stand de la biblioteca ubicado en las puertas del Mercado Municipal rebi\u00e9n a lo largo de todo la ma\u00f1ana la constante visita de los ollerians que quer\u00edan colaborar en la campa\u00f1a solidaria con la compra de libros al precio simb\u00f3lico de un euro, a cambio y a modo de agradecimiento a las personas que colaboraran se var regalar una rosa de origami que realizaran los alumnos de la Escuela Municipal de Adultos. Los libros que se pusieran a la venta el pasado jueves 3 de mayo, tal como ha explicado el concejal de cultura, Jes\u00fas Engo &#8216;provienen de donaciones que los vecinos y vecinas del municipio hacen en la biblioteca para esta campa\u00f1a por el que por una parte, se reciclan los libros y por otra permiten llevar a cabo una acci\u00f3n solidaria&#8217; por este motivo Engo ha agradecido \u00bbl&#8217;inter\u00e9s que una vez m\u00e1s han demostrado los ollerians, implic\u00e1ndose y colaborando en esta campa\u00f1a. A\u00f1adiendo que &#8216;este a\u00f1o hemos conseguido recaudar 226 euros una cantidad que ir\u00e1 adscrita a la adquisici\u00f3n de libros electr\u00f3nicos para acercar y mejorar el servicio de la biblioteca a los enfermos cr\u00f3nicos de la Olleria. La venta de libros del pasado a\u00f1o se destin\u00f3 en las bibliotecas haitianas a trav\u00e9s de la ONG Biblioth\u00e8ques sanos Fronti\u00e8res y en el 2010 se canaliz\u00f3 la ayuda a trav\u00e9s del Colegio de Bibliotecarios de Chile y la donaci\u00f3n serv\u00ed para ayudar en la biblioteca de Tir\u00faa. En las casi tres semanas que quedan para que finalizo el mes est\u00e1 previsto a que se celebran m\u00e1s actividades del mes del libro, como la presentaci\u00f3n el pr\u00f3ximo viernes 18 del libro &#8216;Vides Desafinades&#8217; de Xavier Aliaga as\u00ed como el taller &#8216;Iniciaci\u00f3 a las Redes Sociales el lunes 21 y el de &#8216;Fonts de Informaci\u00f3n para la Ocupaci\u00f3n<\/p>\n<p><a href=\"http:\/\/www.portaldelolleria.es\/wp-content\/uploads\/2012\/05\/biblioteca-lolleria.jpg\"><img loading=\"lazy\" class=\"aligncenter size-full wp-image-512\" title=\"biblioteca lolleria\" src=\"http:\/\/www.portaldelolleria.es\/wp-content\/uploads\/2012\/05\/biblioteca-lolleria.jpg\" alt=\"\" width=\"598\" height=\"398\" srcset=\"http:\/\/www.portaldelolleria.es\/wp-content\/uploads\/2012\/05\/biblioteca-lolleria.jpg 598w, http:\/\/www.portaldelolleria.es\/wp-content\/uploads\/2012\/05\/biblioteca-lolleria-300x199.jpg 300w\" sizes=\"(max-width: 598px) 100vw, 598px\" \/><\/a><\/p>\n","protected":false},"excerpt":{"rendered":"<p>Se han vendido 226 libros Una vez m\u00e1s los ollerians han demostrado su solidaridad colaborando en la campa\u00f1a de venta de libros organizada por la Regidor\u00eda de Cultura del Ayuntamiento de L&#8217;Olleria a trav\u00e9s de la Biblioteca Municipal y que se engloba dentro de las actividades del mes del libro. El stand de la biblioteca [&hellip;]<\/p>\n","protected":false},"author":1,"featured_media":0,"comment_status":"closed","ping_status":"open","sticky":false,"template":"","format":"standard","meta":{"_monsterinsights_skip_tracking":false,"_monsterinsights_sitenote_active":false,"_monsterinsights_sitenote_note":"","_monsterinsights_sitenote_category":0},"categories":[16,12],"tags":[41,20,65,66],"_links":{"self":[{"href":"http:\/\/www.portaldelolleria.es\/index.php?rest_route=\/wp\/v2\/posts\/449"}],"collection":[{"href":"http:\/\/www.portaldelolleria.es\/index.php?rest_route=\/wp\/v2\/posts"}],"about":[{"href":"http:\/\/www.portaldelolleria.es\/index.php?rest_route=\/wp\/v2\/types\/post"}],"author":[{"embeddable":true,"href":"http:\/\/www.portaldelolleria.es\/index.php?rest_route=\/wp\/v2\/users\/1"}],"replies":[{"embeddable":true,"href":"http:\/\/www.portaldelolleria.es\/index.php?rest_route=%2Fwp%2Fv2%2Fcomments&post=449"}],"version-history":[{"count":2,"href":"http:\/\/www.portaldelolleria.es\/index.php?rest_route=\/wp\/v2\/posts\/449\/revisions"}],"predecessor-version":[{"id":513,"href":"http:\/\/www.portaldelolleria.es\/index.php?rest_route=\/wp\/v2\/posts\/449\/revisions\/513"}],"wp:attachment":[{"href":"http:\/\/www.portaldelolleria.es\/index.php?rest_route=%2Fwp%2Fv2%2Fmedia&parent=449"}],"wp:term":[{"taxonomy":"category","embeddable":true,"href":"http:\/\/www.portaldelolleria.es\/index.php?rest_route=%2Fwp%2Fv2%2Fcategories&post=449"},{"taxonomy":"post_tag","embeddable":true,"href":"http:\/\/www.portaldelolleria.es\/index.php?rest_route=%2Fwp%2Fv2%2Ftags&post=449"}],"curies":[{"name":"wp","href":"https:\/\/api.w.org\/{rel}","templated":true}]}}